{"id":97,"date":"2020-08-06T09:27:45","date_gmt":"2020-08-06T07:27:45","guid":{"rendered":"http:\/\/www.symbivita.cz\/josefbabacek\/?p=97"},"modified":"2020-08-14T17:53:23","modified_gmt":"2020-08-14T15:53:23","slug":"ozveny-pohnutych-dob-2","status":"publish","type":"post","link":"https:\/\/www.symbivita.cz\/josefbabacek\/2020\/08\/06\/ozveny-pohnutych-dob-2\/","title":{"rendered":"OZV\u011aNY POHNUT\u00ddCH DOB-pokra\u010dov\u00e1n\u00ed prvn\u00ed"},"content":{"rendered":"\n<p>II. Frontov\u00e9 st\u0159epiny aneb v\u00e1lka jako na dlani<\/p>\n\n\n\n<p>V ned\u011bli 15. dubna 1945 brzy r\u00e1no se v\u00e1le\u010dn\u00fd h\u0159mot oz\u00fdval z jihov\u00fdchodn\u00ed\nstrany obce, n\u011bkde z prostoru Kobyl\u00ed. Ji\u017e v noci ze soboty na ned\u011bli a ned\u011bln\u00ed\ndopoledne Sov\u011bti \u00fato\u010dili p\u0159es les. Po dev\u00e1t\u00e9 hodin\u011b byli u\u017e hodn\u011b bl\u00edzko obce,\nale byli odra\u017eeni. Slab\u0161\u00ed dun\u011bn\u00ed bylo sly\u0161et ji\u017e p\u0159ed t\u00fddnem, to se bojovalo\nje\u0161t\u011b n\u011bkde mezi Lan\u017ehotem a B\u0159eclav\u00ed, kde prob\u00edhaly t\u011b\u017ek\u00e9 boje, co\u017e soud\u00edm\npodle toho dlouhodob\u00e9ho v\u00e1le\u010dn\u00e9ho h\u0159motu.<\/p>\n\n\n\n<p>Cel\u00e1 na\u0161e po\u010detn\u00e1 rodina se odebrala schovat se do pevn\u011bj\u0161\u00edho krytu, k\nna\u0161im kmoch\u00e1\u010dk\u016fm u jez\u00edrka, do domu \u010d. 67, jak m\u011bli dop\u0159edu domluven\u00e9. Jejich\nsklep sk\u00fdtal lep\u0161\u00ed zabezpe\u010den\u00ed, proto\u017ee byl del\u0161\u00ed a nad n\u00edm ho chr\u00e1nil\nn\u011bkolikametrov\u00fd n\u00e1syp. Vchod zabezpe\u010dovaly siln\u00e9 dubov\u00e9 dve\u0159e. Krom\u011b brambor a\n\u0159epy se tam ve\u0161lo je\u0161t\u011b dal\u0161\u00edch 18 osob, tedy dal\u0161\u00ed soused\u00e9. Do nov\u00e9ho \u00fakrytu\nsi ka\u017ed\u00fd nesl n\u011bjak\u00fd bal\u00edk, bud\u02c7pr\u00e1dla a dek, nebo j\u00eddla \/\u010derstv\u00e1 pe\u010d\u00ednka\nvon\u011bla, a\u017e se sliny sb\u00edhaly\/. Od domu Sp\u00e1\u010dilov\u00fdch jsem vid\u011bl, \u017ee po silnici\np\u0159ed n\u00e1mi jdou v neuspo\u0159\u00e1dan\u00e9m houfu jac\u00edsi sta\u0159\u00edci a mlad\u00ed kluci. N\u011bkte\u0159\u00ed z\nnich, hlavn\u011b ti kluci, nesli na ramenou panc\u00e9\u0159ov\u00e9 p\u011bsti a ostatn\u00ed m\u011bli pu\u0161ky a\nna hlav\u011b \u010dern\u00e9 k\u0161iltovky se znakem HJ (Hitlerjugend). Snad nebyli ani v\u0161ichni\nozbrojen\u00ed. Mlad\u00edci nem\u011bli ani 16 rok\u016f a sta\u0159\u00ed m\u011bli hodn\u011b p\u0159es sedmdes\u00e1t, tedy\ndomobranci. Pozd\u011bji jsem se dov\u011bd\u011bl, \u017ee byli z Vojkovic. Dohromady jich bylo\nn\u011bco p\u0159es dvacet osob. Dlu\u017eno v\u0161ak dodat, \u017ee ani jeden z nich nebyl nalezen\nzran\u011bn\u00fd \u010di zabit\u00fd.<\/p>\n\n\n\n<p>Pochodovali ji\u017en\u00edm sm\u011brem, tedy k lesu, odkud se asi \u010dekal v\u011bt\u0161\u00ed tlak\nsov\u011btsk\u00fdch vojsk, a z t\u00e9to strany byl ji\u017e tak\u00e9 sly\u0161et hukot bl\u00ed\u017e\u00edc\u00ed se fronty.\nP\u0159\u00edchod na Mork\u016fvky a jej\u00ed obranu tvo\u0159ila n\u011bmeck\u00e1 vojska, kter\u00e1 se skl\u00e1dala z\n8. panc\u00e9\u0159ov\u00e9 divize, 21. pluku SS policejn\u00edho a 711. p\u011b\u0161\u00ed divize wehrmachtu.\nTato hrstka domobranc\u016f m\u011bla asi ucpat d\u00edru v obran\u011b.<\/p>\n\n\n\n<p>Na posledn\u00ed chv\u00edli jsem si uv\u011bdomil, \u017ee na poli\u010dce v kuchyni m\u00e1me\nradiop\u0159ij\u00edma\u010d, tenkr\u00e1t za moc pen\u011bz, (dvacet tis\u00edc)tak\u00e9 na postel\u00edch zbyly\nje\u0161t\u011b pe\u0159iny. I ty by byla \u0161koda nechat, aby sho\u0159ely. Proto jsem se vr\u00e1til a\nv\u0161e odnesl do minisklepa za na\u0161\u00edm dome\u010dkem v \u010d. 117. Asi rok p\u0159ed touto\nud\u00e1lost\u00ed, kdy\u017e jsem to r\u00e1dio p\u0159ivezl z Brna vlakem do Kobyl\u00ed, p\u0159i\u0161el mn\u011b\nnaproti bratr Sl\u00e1vek. Vynesli jsme jej nahoru na L\u00e1cary, tady n\u00e1m s t\u00edm cht\u011bl\npomoci Jindra Kadrnka. Ten si jej v\u0161ak neopatrn\u011b pohodil na rameni, ono spadlo\nna zem a za\u010dalo se kut\u00e1let a\u017e do poloviny kopce. Tam se zastavilo o ke\u0159\nmedonosn\u00e9 kustovnice ciz\u00ed. R\u00e1dio bylo tro\u0161ku po\u0161kozen\u00e9, ale na\u0161t\u011bst\u00ed pak doma\ndocela norm\u00e1ln\u011b hr\u00e1lo.<\/p>\n\n\n\n<figure class=\"wp-block-image size-large\"><img loading=\"lazy\" decoding=\"async\" width=\"1001\" height=\"394\" src=\"http:\/\/www.symbivita.cz\/josefbabacek\/wp-content\/uploads\/2020\/08\/c81f1bc7ba_97010232_v1.jpg\" alt=\"\" class=\"wp-image-98\" srcset=\"https:\/\/www.symbivita.cz\/josefbabacek\/wp-content\/uploads\/2020\/08\/c81f1bc7ba_97010232_v1.jpg 1001w, https:\/\/www.symbivita.cz\/josefbabacek\/wp-content\/uploads\/2020\/08\/c81f1bc7ba_97010232_v1-300x118.jpg 300w, https:\/\/www.symbivita.cz\/josefbabacek\/wp-content\/uploads\/2020\/08\/c81f1bc7ba_97010232_v1-768x302.jpg 768w\" sizes=\"(max-width: 1001px) 100vw, 1001px\" \/><figcaption>Bo\u0159etick\u00e1 cesta ( b\u00fdvala hlub\u0161\u00ed)<\/figcaption><\/figure>\n\n\n\n<p>Tedy schovat pe\u0159iny a r\u00e1dio byla prevence p\u0159ed mo\u017en\u00fdm po\u017e\u00e1rem. Poda\u0159ilo se mi je odn\u00e9st do bezpe\u010d\u00ed, ale k dev\u00e1t\u00e9 hodin\u011b byla palba ji\u017e tak prudk\u00e1 a tolik zhoustla, \u017ee nebylo mo\u017en\u00e9 bezpe\u010dn\u011b v\u016fbec vyj\u00edt na ulici. D\u011blost\u0159eleck\u00e1 a minometn\u00e1 st\u0159elba se oz\u00fdvala h\u0159motn\u011b a \u010dasto, do toho je\u0161t\u011b hv\u00edzdaly kulky z ru\u010dn\u00edch zbran\u00ed, nebylo radno vystr\u010dit ani nos. Z\u016fstal jsem tedy doma s\u00e1m a vystra\u0161en\u00fd pomy\u0161len\u00edm, co kdy\u017e to k n\u00e1m dol\u00e9tne, bouchne a za\u010dne ho\u0159et, co si s\u00e1m potom po\u010dnu. Bezradn\u011b jsem chodil po dom\u011b sem a tam, pon\u011bkolik\u00e1t\u00e9 jsem zkou\u0161el opatrn\u011b nakukovat ven. Kdy\u017e tu m\u011b najednou spat\u0159il n\u00e1\u0161 soused Ferdinand Kincl z domu \u010d\u00edslo 81. Kdysi byl na pr\u00e1ci v Americe, doma platil za zku\u0161en\u00e9ho hospod\u00e1\u0159e s dobrou pov\u011bst\u00ed. M\u011bl jsem ho r\u00e1d, p\u0159es den k n\u00e1m velmi \u010dasto chod\u00edval. Tak\u00e9 on vyhl\u00ed\u017eel ze dve\u0159\u00ed. &#8222;Ty jsi s\u00e1m doma? Poj\u010f k n\u00e1m, bude n\u00e1s v\u00edc.&#8220; Moc m\u011b nemusel p\u0159emlouvat a vedl m\u011b do sklepa. Tam bylo ji\u017e n\u011bkolik lid\u00ed a v\u0161ichni schovan\u00ed, p\u0159edt\u00edm trampovali v jak\u00e9si vykopan\u00e9 j\u00e1m\u011b naho\u0159e v humn\u011b, zakryt\u00e9 jen such\u00fdm ro\u0161t\u00edm s trochou hl\u00edny. Jak se v\u00e1le\u010dn\u00fd h\u0159mot p\u0159ibl\u00ed\u017eil, zjistili, \u017ee by v t\u00e9 j\u00e1m\u011b bylo nebezpe\u010dno, a tak se na\u0161t\u011bst\u00ed odst\u011bhovali do zd\u011bn\u00e9ho, zast\u0159e\u0161en\u00e9ho sklepa, sou\u010d\u00e1sti hospod\u00e1\u0159sk\u00e9ho staven\u00ed. Tady byla pohromad\u011b ji\u017e cel\u00e1 Mikl\u00edkova rodina, v\u010detn\u011b \u010derstv\u011b \u017eenat\u00e9ho Ludv\u00edka \u0160ev\u010d\u00edka, mysl\u00edm, \u017ee s Bro\u0148kou \u010dekali rodinu, proto se Ludva od n\u00ed nehnul a st\u00e1le ji hladil. M\u011bl ji r\u00e1d. Byl tam v civilu je\u0161t\u011b jeden \u010dlov\u011bk, o kter\u00e9m jsme v tu dobu nev\u011bd\u011bli, ne\u017e se s\u00e1m ozval. Hovo\u0159il rusky, chatrn\u011b oble\u010den\u00fd i obut\u00fd, v tmav\u00e9m obleku. \u00dadajn\u011b pob\u00fdval p\u0159es dva m\u011bs\u00edce v jak\u00e9msi bunkru u lesa, kter\u00fd si tam k p\u0159ekon\u00e1n\u00ed fronty p\u0159ipravili obyvatel\u00e9 vrchn\u00edho konce Ferdinand Straka a soused Alois V\u00edtek. Nakonec se v n\u011bm p\u0159i p\u0159\u00edchodu fronty nikdo neukr\u00fdval.<\/p>\n\n\n\n<figure class=\"wp-block-image size-large\"><img loading=\"lazy\" decoding=\"async\" width=\"457\" height=\"576\" src=\"http:\/\/www.symbivita.cz\/josefbabacek\/wp-content\/uploads\/2020\/08\/de61f86486_97010231_v1.jpg\" alt=\"\" class=\"wp-image-99\" srcset=\"https:\/\/www.symbivita.cz\/josefbabacek\/wp-content\/uploads\/2020\/08\/de61f86486_97010231_v1.jpg 457w, https:\/\/www.symbivita.cz\/josefbabacek\/wp-content\/uploads\/2020\/08\/de61f86486_97010231_v1-238x300.jpg 238w\" sizes=\"(max-width: 457px) 100vw, 457px\" \/><figcaption>Mapka ud\u00e1lost\u00ed ( vzd\u00e1lenost mezi bodem 2 a 6 je cca 700m): 1-vrchn\u00ed konec Mork\u016fvek,2-d\u016fm \u010d.81 (Kinclovo),3-Bo\u0159etick\u00e1 cesta, 4 &#8211; cesta k trinagula\u010dn\u00edmu bodu, 5-protier\u00f3zn\u00ed opat\u0159en\u00ed, kam a\u017e \u0161el Kincl, 6 &#8211; z\u00e1kop s ran\u011bn\u00fdm n\u011bmcem<\/figcaption><\/figure>\n\n\n\n<p>Z ned\u011ble na pond\u011bl\u00ed se nep\u0159etr\u017eit\u011b st\u0159\u00edlelo. Pom\u011brn\u011b bl\u00edzko na\u0161eho \u00fakrytu\nm\u011bli N\u011bmci lehk\u00fd kulomet a mn\u011b to p\u0159ipadalo jako morseovka. Odn\u011bkud z d\u00e1lky mu\ndal\u0161\u00ed odpov\u00eddal. N\u011bkolik dom\u016f v d\u011bdin\u011b ho\u0159elo a nikdo nehasil, lid\u00e9 se b\u00e1li o\n\u017eivot. A taky nikdo nespal, nedalo se. Jeden z mnoh\u00fdch rusk\u00fdch d\u011blost\u0159eleck\u00fdch\ngran\u00e1t\u016f zas\u00e1hl d\u016fm Franti\u0161ka Mikl\u00edka z \u010d\u00edsla 66 a hodn\u011b ho po\u0161kodil. V\u011bt\u0161ina\ndom\u016f v obci m\u011bla rozbit\u00e1 okna a st\u0159echy. V\u011bt\u0161\u00ed po\u0161kozen\u00ed domu a st\u00e1j\u00ed m\u011bla pan\u00ed\nFranti\u0161ka Kroupov\u00e1 z \u010d\u00edsla 26 a vyho\u0159el\u00e1 staven\u00ed i st\u00e1je m\u011bli Franti\u0161ek Fanta z\n\u010d\u00edsla 27, Franti\u0161ek Hryzelka z domu \u010d\u00edslo 132, Vladim\u00edr Soukup \u010d\u00edslo 98,\nFranti\u0161ek Fanta \u010d\u00edslo 85, Josef Majtner \u010d\u00edslo 57, d\u00e1le stodoly J. \u0160krla \u010d\u00edslo\n18, Tom\u00e1\u0161e Dobe\u0161e \u010d\u00edslo 65 a tak\u00e9 Franti\u0161ek Bula a peka\u0159 Jaroslav La\u0161t\u016fvka z\n\u010d\u00edsla 168. Ji\u017e v ned\u011bli bomba zabila pan\u00ed Barboru Matulovou z domu \u010d\u00edslo 173 a\nv pond\u011bl\u00ed 16. dubna zem\u0159ela na srde\u010dn\u00ed mrtvici pan\u00ed Anna H\u00e1jkov\u00e1 z \u010d\u00edsla 38, do\nruky byl ran\u011bn Josef H\u00e1jek z domu \u010d\u00edslo 38 a Jan P\u00e1len\u00edk z domu \u010d\u00edslo 31, do\nnohy zase Emanuel Dobe\u0161 z \u010d\u00edsla 9.<\/p>\n\n\n\n<p>N\u011bme\u010dt\u00ed voj\u00e1ci se chovali velmi slu\u0161n\u011b, kdy\u017e n\u011bco pot\u0159ebovali, nejd\u0159\u00edve o\nto po\u017e\u00e1dali majitele. &#8222;Hospod\u00e1\u0159i, pros\u00edm, p\u016fj\u010d\u00edte mn\u011b r\u00fd\u010d a lopatu,\npot\u0159ebuji vykopat okop.&#8220; Mil\u00e9 p\u0159ekvapen\u00ed nastalo, kdy\u017e voj\u00e1k p\u0159inesl\nvyp\u016fj\u010den\u00e9 v\u011bci zp\u011bt. Rozum\u011bj, t\u011bsn\u011b p\u0159ed p\u0159\u00edchodem fronty!<\/p>\n\n\n\n<p>O t\u00e9 osvobozuj\u00edc\u00ed arm\u00e1d\u011b se to \u0159\u00edci nedalo. Tito voj\u00e1ci brali hned v\u0161echno,\nba i to, co nepot\u0159ebovali, od hodinek po hospod\u00e1\u0159sk\u00e9 vozy, kon\u011b, kravi\u010dky a\ntak\u00e9 \u017eeny. Vlastn\u011b to bylo na\u0161e prvn\u00ed sezn\u00e1men\u00ed se socializac\u00ed. V\u011bt\u0161ina \u017een na\nn\u011b hodn\u011b dlouho vzpom\u00ednala, hlavn\u011b ty, kter\u00e9 byly zn\u00e1siln\u011bny a m\u011bly n\u00e1sledky.<\/p>\n\n\n\n<figure class=\"wp-block-image size-large\"><img loading=\"lazy\" decoding=\"async\" width=\"1001\" height=\"432\" src=\"http:\/\/www.symbivita.cz\/josefbabacek\/wp-content\/uploads\/2020\/08\/0a152cbd8e_97010228_v1.jpg\" alt=\"\" class=\"wp-image-100\" srcset=\"https:\/\/www.symbivita.cz\/josefbabacek\/wp-content\/uploads\/2020\/08\/0a152cbd8e_97010228_v1.jpg 1001w, https:\/\/www.symbivita.cz\/josefbabacek\/wp-content\/uploads\/2020\/08\/0a152cbd8e_97010228_v1-300x129.jpg 300w, https:\/\/www.symbivita.cz\/josefbabacek\/wp-content\/uploads\/2020\/08\/0a152cbd8e_97010228_v1-768x331.jpg 768w\" sizes=\"(max-width: 1001px) 100vw, 1001px\" \/><figcaption>Prostor, kde byl z\u00e1kop se zran\u011bn\u00fdm n\u011bmeck\u00fdm voj\u00e1kem<\/figcaption><\/figure>\n\n\n\n<p>\u0160estn\u00e1ct\u00e9ho dubna v pond\u011bl\u00ed dopoledne n\u011bme\u010dt\u00ed voj\u00e1ci jen pomalu ustupovali a v\u0161emi prost\u0159edky, kter\u00e9 jim je\u0161t\u011b zbyly, br\u00e1nili postupuj\u00edc\u00edm sov\u011bt\u016fm v p\u0159\u00edstupu k pevnosti Brno. Tuto malou d\u011bdinku br\u00e1nilo asi 120 n\u011bmeck\u00fdch voj\u00e1k\u016f a mysl\u00edm 20 domobranc\u016f. Kr\u00e1tce po rozedn\u011bn\u00ed se n\u011bkdo za n\u00e1mi dob\u00fdval do sklepa. Soused Ferdyn Kincl a j\u00e1 jsme byli t\u011bsn\u011b u vchodu. Zv\u011bdav\u011b jsme otev\u0159eli a tam st\u00e1l n\u011bmeck\u00fd voj\u00e1k, ud\u00fdchan\u00fd, s \u010derven\u00fdm k\u0159\u00ed\u017eem na ruk\u00e1v\u011b a pu\u0161kou na z\u00e1dech, s p\u0159ilbou na hlav\u011b, se \u017e\u00e1dost\u00ed o pomoc, \u017ee u lesa le\u017e\u00ed jeden t\u011b\u017ece zran\u011bn\u00fd, kter\u00fd pot\u0159ebuje odn\u00e9st, \u017ee je jich m\u00e1lo, a proto pros\u00ed o pomoc n\u011bkoho ze sklepa. Soused okam\u017eit\u011b rozhodl, \u017ee p\u016fjde on. &#8222;V\u0161ichni jste je\u0161t\u011b mlad\u00ed a bylo by v\u00e1s \u0161koda.&#8220; Ne\u017e jsme se nad\u00e1li, byli pry\u010d. Mn\u011b to v\u0161ak nedalo a ze zv\u011bdavosti jsem se vypl\u00ed\u017eil p\u0159es dv\u016fr a humno a d\u00edval se za nimi. Byli ji\u017e dost daleko, voj\u00e1k o dva kroky vp\u0159edu, m\u00edrn\u011b p\u0159ikr\u010den a soused podobn\u011b za n\u00edm. Sp\u011bchali po bo\u0159etick\u00e9 cest\u011b nahoru k lesu. Zd\u00e1lo se mi v\u0161ak, \u017ee soused jde n\u011bjak nemotorn\u011b. U\u017e byli v m\u00edstech, kde bylo zasazeno n\u011bkolik topol\u016f proti erozi. Tady soused zakopl a nevst\u00e1val. Dostal ji? U\u017e ne pl\u00ed\u017een\u00edm, ale jako oni, jen p\u0159ikr\u010den, sp\u011bchal jsem, u\u017e abych tam byl. Kone\u010dn\u011b se skl\u00e1n\u00edm: &#8222;Sousede, co je?&#8220; Ve tv\u00e1\u0159i byl brun\u00e1tn\u00fd a s\u00edpav\u00fdm dechem nazna\u010doval tot\u00e1ln\u00ed vy\u010derp\u00e1n\u00ed. &#8222;B\u011b\u017ete dom\u016f, j\u00e1 p\u016fjdu s n\u00edm.&#8220; Voj\u00e1k se ani neohl\u00ed\u017eel a sp\u011bchal za zran\u011bn\u00fdm. Byl asi o sedmdes\u00e1t metr\u016f d\u00e1l, jen n\u011bkolik krok\u016f od lesa. B\u011bhem jsem voj\u00e1ka dostihl. Zran\u011bn\u00fd ji\u017e na n\u00e1s netrp\u011bliv\u011b \u010dekal, nap\u016fl le\u017eel, nap\u016fl visel na p\u0159edprsni okopu vykopan\u00e9ho pro stoj\u00edc\u00edho st\u0159elce, \u0161iroko daleko s\u00e1m. Byl to podd\u016fstojn\u00edk, s p\u0159\u00edlbou na hlav\u011b a ve tv\u00e1\u0159i na smrt bled\u00fd, nohy v z\u00e1kopu v p\u016fllitr\u00e1c\u00edch. Opatrn\u011b jsme jej vyt\u00e1hli, ob\u011b nohy m\u011bl prod\u011brav\u011bl\u00e9 a nad koleny obvazem a kapesn\u00edkem podv\u00e1z\u00e1ny, aby nevykrv\u00e1cel. Muselo ho to hodn\u011b bolet, jen usykoval a v t\u011bch p\u016fllitr\u00e1c\u00edch to sly\u0161iteln\u011b \u010dvachtalo, je\u0161t\u011b dob\u0159e, \u017ee neomdlel. Na rukou se tro\u0161ku nadzvedl, aby voj\u00e1k pod n\u011bj zasunul pu\u0161ku, ten se n\u00e1s chytil okolo krku a vyrazili jsme nazp\u011bt. Zran\u011bn\u00fd sed\u011bl na pu\u0161ce a na m\u011b zbyla jej\u00ed pa\u017eba, kter\u00e1 se mi st\u00e1le vyvracela. Tentokr\u00e1t jsme se nekr\u010dili, ale sp\u011bchali ke Kincl\u016fm do \u010d\u00edsla 81 bez jedin\u00e9 zast\u00e1vky. U\u017e jsem si myslel, \u017ee i j\u00e1 padnu, \u017ee jej d\u00e1l neunesu. Kulky st\u00e1le svi\u0161t\u011bly v\u0161emi sm\u011bry a n\u011bkter\u00e9 pom\u011brn\u011b bl\u00edzko n\u00e1s se zar\u00fdvaly do p\u016fdy, my jsme v\u0161ak vyv\u00e1zli a bez zran\u011bn\u00ed. Rusov\u00e9 n\u00e1s rozhodn\u011b museli vid\u011bt. Nejm\u00e9n\u011b 250 metr\u016f jsme jim byli na mu\u0161ce, ne\u017e jsme za\u0161li za horizont. Zran\u011bn\u00e9ho jsme spole\u010dn\u011b ulo\u017eili v kuchyni na postel tak, jak byl ustrojen\u00fd, a voj\u00e1k rychle odkva\u010dil, \u017ee jde pro pomoc. Je\u0161t\u011b jsem byl hodn\u011b zad\u00fdchan\u00fd, ale sna\u017eil jsem se mu rozepnout opasek s n\u00e1pisem Gott mit uns \/B\u016fh s n\u00e1mi\/, na kter\u00e9m m\u011bl pistoli v pouzd\u0159e, na krku m\u011bl dalekohled a bra\u0161nu s pr\u016fsvitn\u00fdm p\u0159edn\u00edm d\u00edlem a v n\u00ed mapu. Prohl\u00ed\u017eel jsem si ji a vid\u011bl jsem Morkowetz \/Mork\u016fvky\/ \u010derven\u011b zakrou\u017ekovan\u00e9 a na v\u00fdchodn\u00ed i z\u00e1padn\u00ed stran\u011b ozna\u010den\u00e9 postaven\u00ed po dvou t\u011b\u017ek\u00fdch kulometech, pro k\u0159\u00ed\u017eovou palbu do \u00fadol\u00ed. Dal\u0161\u00ed dva \u010derven\u00e9 krou\u017eky byly v prostoru poln\u00ed trat\u011b &#8222;Harask\u00fd a &#8222;Nov\u00e9 Hory&#8220;<\/p>\n\n\n\n<figure class=\"wp-block-image size-large\"><img loading=\"lazy\" decoding=\"async\" width=\"1001\" height=\"432\" src=\"http:\/\/www.symbivita.cz\/josefbabacek\/wp-content\/uploads\/2020\/08\/3286f5f4d3_97010227_v1.jpg\" alt=\"\" class=\"wp-image-101\" srcset=\"https:\/\/www.symbivita.cz\/josefbabacek\/wp-content\/uploads\/2020\/08\/3286f5f4d3_97010227_v1.jpg 1001w, https:\/\/www.symbivita.cz\/josefbabacek\/wp-content\/uploads\/2020\/08\/3286f5f4d3_97010227_v1-300x129.jpg 300w, https:\/\/www.symbivita.cz\/josefbabacek\/wp-content\/uploads\/2020\/08\/3286f5f4d3_97010227_v1-768x331.jpg 768w\" sizes=\"(max-width: 1001px) 100vw, 1001px\" \/><figcaption>Pohled na Nov\u00e9 hory a Zumperek<\/figcaption><\/figure>\n\n\n\n<p>Z pouzdra jsem vyt\u00e1hl pistoli, d\u00edval se na ni a na voj\u00e1ka. Neum\u011bl jsem s\nt\u00edm kr\u00e1mem zach\u00e1zet, proto jsem ji vr\u00e1til zp\u011bt do pouzdra a hodil pod l\u016f\u017eko, na\nkliku otev\u0159en\u00fdch dve\u0159\u00ed pov\u011bsil mapy tak, aby je nebylo vid\u011bt.<\/p>\n\n\n\n<p>Zran\u011bn\u00fd na\u0159\u00edkal a prosil m\u011b o n\u011bco tepl\u00e9ho k napit\u00ed. Tepl\u00e9ho jsem nem\u011bl\nnic, tak jsem mu dal vodu a chleba se slaninou, nejedl, jen se tro\u0161ku napil.\nVzal jsem dalekohled a \u0161el na dv\u016fr ke studni s okovem postaven\u00fdm venku a d\u00edval\nse, jak po nebi hon\u00ed La5FN messer\u0161mity. Leteck\u00fd souboj jako vy\u0161it\u00fd, pane\u010dku, to\nbyla honi\u010dka a p\u00e1lili po sob\u011b jako div\u00ed. Z nejnap\u00ednav\u011bj\u0161\u00edho m\u011b vyru\u0161il hlasit\u00fd\nk\u0159ik od sklepa: &#8222;Rychle poj\u010f za n\u00e1mi nebo to odsk\u00e1\u010de\u0161!&#8220; Soused m\u011bl o\nm\u011b obavy. Poslechl jsem a ut\u00edkal za n\u00edm. Sotva jsem za sebou zav\u0159el dve\u0159e od\nsklepa, kdy\u017e vybuchl velmi bl\u00edzko minometn\u00fd gran\u00e1t a vz\u00e1p\u011bt\u00ed druh\u00fd. I ve sklep\u011b\njsme c\u00edtili smrad ze sp\u00e1len\u00e9 trhaviny.<\/p>\n\n\n\n<p>Mo\u017en\u00e1 za necel\u00fdch dvacet minut, kr\u00e1tce po dev\u00e1t\u00e9, jsme sly\u0161eli jak\u00fdsi\npodivn\u00fd \u0161ramot. V okam\u017eiku se rozlet\u011bly dve\u0159e a v nich st\u00e1l mlad\u00fd voj\u00e1\u010dek s\nu\u0161ankou na hlav\u011b a rudou p\u011btic\u00edpou hv\u011bzdi\u010dkou uprost\u0159ed. &#8222;Ruky v\nv\u011brch,&#8220; a m\u00ed\u0159il samopalem na n\u00e1s. My n\u00e1hl\u00fdm sv\u011btlem oslepeni nech\u00e1pali, co\nchce. P\u0159ed chv\u00edl\u00ed N\u011bmci a u\u017e \u017ee by tady byli Rusov\u00e9? Hergot, nen\u00ed to provokace?\nV\u0161ichni jsme se hrnuli ven. P\u00edskov\u00e9 uniformy a jak\u00e1si jin\u00e1 \u0159e\u010d a k\u0159ik, v\nmoment\u011b jich bylo na dvo\u0159e kolem patn\u00e1cti a s nap\u0159a\u017een\u00fdmi pu\u0161kami m\u00ed\u0159\u00edc\u00edmi na\nn\u00e1s. N\u011bkte\u0159\u00ed m\u011bli tasen\u00e9 dlouh\u00e9 \u0161avle, my ruce nad hlavou a a\u017e nyn\u00ed jsem\nporozum\u011bl, o\u010d \u017e\u00e1dal. Ptal se: &#8222;Herman jest?&#8220; Nejd\u0159\u00edve jsem \u0159ekl:\n&#8222;Nen\u00ed.&#8220; Nech\u00e1pu. Herm\u00e1n? Ale sotva jsem to do\u0159ekl, hned se opravuji,\nodpov\u00edd\u00e1m: &#8222;Ano je!&#8220; pochopil jsem, \u017ee mysl\u00ed Germ\u00e1n. Ptal se m\u011b jeden\na byl tam po\u0159\u00e1dn\u00fd hluk, mou odpov\u011b\u010f asi sly\u0161eli v\u0161ichni. A v ten moment jako\nkdy\u017e do nich st\u0159el\u00ed. Po vysloven\u00ed &#8222;Herman jest&#8220; se v\u0161ichni\nposchov\u00e1vali, kam bylo mo\u017en\u00e9, do komory, do kurn\u00edku pro 10 slepic najednou\nvlezli \u010dty\u0159i, do d\u00edlny p\u011bt. Kde kdo mohl, se schoval. Najednou byl dv\u016fr \u00fapln\u011b\npr\u00e1zdn\u00fd, jen tam z\u016fstal ten mal\u00fd voj\u00e1\u010dek, co m\u011b tla\u010dil naganem do zad.\n&#8222;Idi v piriot, hd\u011b Herman jest!&#8220; Z kurn\u00edku vykukovaly hlavn\u011b samopal\u016f\na my \u0161li ke kuchyni. Kolem studny, jej\u00ed\u017e skru\u017e byla \u00fapln\u011b prod\u011brav\u011bl\u00e1, a okov,\nje\u0161t\u011b p\u0159ed chv\u00edl\u00ed cel\u00fd, nyn\u00ed byl na mad\u011bru. \u017delezn\u00e9 dr\u017eadlo na \u0159et\u011bz \u00fapln\u011b\nzkroucen\u00e9. P\u0159ed malou chvilkou jsem tady st\u00e1l a pozoroval dalekohledem leteck\u00fd\nsouboj.<\/p>\n\n\n\n<figure class=\"wp-block-image size-large\"><img loading=\"lazy\" decoding=\"async\" width=\"500\" height=\"248\" src=\"http:\/\/www.symbivita.cz\/josefbabacek\/wp-content\/uploads\/2020\/08\/aba4cf35b3_97010226_u.jpg\" alt=\"\" class=\"wp-image-102\" srcset=\"https:\/\/www.symbivita.cz\/josefbabacek\/wp-content\/uploads\/2020\/08\/aba4cf35b3_97010226_u.jpg 500w, https:\/\/www.symbivita.cz\/josefbabacek\/wp-content\/uploads\/2020\/08\/aba4cf35b3_97010226_u-300x149.jpg 300w\" sizes=\"(max-width: 500px) 100vw, 500px\" \/><figcaption>Zde b\u00fdvalo jez\u00edrko.<\/figcaption><\/figure>\n\n\n\n<p>Dve\u0159e od kuchyn\u011b byly otev\u0159en\u00e9, postel byla zakrv\u00e1cen\u00e1, ale pr\u00e1zdn\u00e1! Sotva\nsi to ten, co m\u011b tla\u010dil, prohl\u00e9dl, rozrazily se venkovn\u00ed dve\u0159e a z ulice\ndovnit\u0159 se hrnula dal\u0161\u00ed nov\u00e1 dvac\u00edtka sov\u011btsk\u00fdch voj\u00e1k\u016f se zahnut\u00fdmi tasen\u00fdmi\n\u0161avlemi. Takov\u00fd mumraj se tak hned nevid\u00ed. Kdy\u017e u\u017e jsem m\u011bl ty ruce st\u00e1le nad\nhlavou, na lev\u00e9m z\u00e1p\u011bst\u00ed se obna\u017eily n\u00e1ramkov\u00e9 hodinky, ani se m\u011b neptal,\njestli mu je d\u00e1m, prost\u011b je odepjal a byly jeho. Nav\u00edc jsem m\u011bl na knofl\u00edku\nkab\u00e1tu \u010dtverhrannou baterku zna\u010dky Daimon, taky se mu l\u00edbila. Pak jsem \u0159ekl:\n&#8222;Germ\u00e1n nen\u00ed, ale je tady s n\u00e1mi Rus!&#8220; A vtom okam\u017eiku tento ji\u017e\nvy\u0161el ze sklepa a pomalu p\u0159ich\u00e1zel k tomu prv\u00e9mu chumlu voj\u00e1k\u016f, jeden z nich se\nho cosi zeptal, z\u0159ejm\u011b to byl jejich velitel, d\u016fstojn\u00edk, proto\u017ee m\u011bl na hlav\u011b\n\u010dernou papachu s \u010derven\u00fdm d\u00fdnkem \u010dern\u011b p\u0159ek\u0159\u00ed\u017een\u00fdm p\u00e1skami a z ramen jakoby na\n\u0161atov\u00e9m ram\u00ednku mu spl\u00fdval dlouh\u00fd \u010dern\u00fd pl\u00e1\u0161\u0165 bez ruk\u00e1v\u016f. Koz\u00e1k. Po odpov\u011bdi\njej prudce ude\u0159il do tv\u00e1\u0159e a hned p\u011bst\u00ed dal\u0161\u00ed a dal\u0161\u00ed r\u00e1ny, a\u017e krv\u00e1cel. My\nvystra\u0161en\u00ed civilov\u00e9 jsme ani nedutali. Z\u0159ejm\u011b dal\u0161\u00ed ot\u00e1zka byla, aby vyndal\nv\u0161echno z kapes, ten se rychle sna\u017eil vyhov\u011bt, vyt\u00e1hl \u0161pinav\u00fd had\u0159\u00edk, z\u0159ejm\u011b\nkapesn\u00edk, kousek \u0161pag\u00e1tu a jeden knofl\u00edk, to bylo v\u0161e, co vlastnil. N\u00e1sledovalo\ndal\u0161\u00ed bit\u00ed, dal\u0161\u00ed kr\u00e1tk\u00fd v\u00fdslech, na\u010de\u017e jej dva voj\u00e1ci pod bod\u00e1ky vyvedli ze\ndvora p\u0159es chodbu na ulici sm\u011brem za humny na hlavn\u00ed silnici. &#8222;Pros\u00edm v\u00e1s,\npro\u010d jej bijete? Kdo to vlastn\u011b je?&#8220; &#8222;Eto vlasovec!&#8220; Tento\n\u010dlov\u011bk v\u0161ak u\u017e z Mork\u016fvek neode\u0161el. U sokolovny ho je\u0161t\u011b v ten den hodili pod\ntank. V t\u00e9 dob\u011b jsme nikdo nev\u011bd\u011bli, kdo to vlasovci jsou. A\u017e hodn\u011b pozd\u011bji\njsme se tak\u00e9 dozv\u011bd\u011bli, \u017ee vlasovci vlastn\u011b zachra\u0148ovali Prahu p\u0159ed N\u011bmci.\nM\u00edsto vd\u011bku se jim dostalo zab\u00edjen\u00ed a nep\u0159\u00e1telstv\u00ed. Tvrd\u011b bojovali za b\u00e1\u0165u\u0161ku\nStalina, \u0161patn\u00fdm velen\u00edm se dostali do zajet\u00ed a tam to jist\u011b nebylo nic moc,\nne\u017e je zorganizoval gener\u00e1l Vlasov, Ukrajinec. \u010c\u00e1st jich nab\u00eddli sv\u00e9 slu\u017eby\nN\u011bmc\u016fm a byli po pr\u016ftaz\u00edch p\u0159ijati, dostali uniformy podobn\u00e9 n\u011bmeck\u00fdm, trochu\nje N\u011bmci vyzbrojili a pom\u011brn\u011b velik\u00e1 jednotka byla nasazena nejd\u0159\u00edve ve Francii\nproti invazi. Po vyst\u0159\u00edd\u00e1n\u00ed byli tak\u00e9 nasazeni na rusk\u00e9 front\u011b a pozd\u011bji se\ndostali a\u017e do \u010cech, kde v Praze v kv\u011btnu 1945 zas\u00e1hli proti N\u011bmc\u016fm. V p\u0159\u00edpad\u011b\nzajet\u00ed byli bez soudu a v\u00fdslechu okam\u017eit\u011b zast\u0159eleni. Vlastn\u011b se z nich stali\nbezdomovci, a to bez vlastn\u00ed viny.<\/p>\n\n\n\n<p>Po prv\u00e9m kontaktu s rusk\u00fdmi voj\u00e1ky jsem sp\u011bchal za na\u0161imi zjistit, jak to\noni p\u0159e\u017eili. Pohledem ke Klobouk\u016fm od na\u0161eho domku s \u010d\u00edslem 117 jsem vid\u011bl, \u017ee\nv\u011btrn\u00fd ml\u00fdn je\u0161t\u011b stoj\u00ed, v t\u00e9 dob\u011b je\u0161t\u011b neho\u0159elo. Asi t\u0159icet koz\u00e1k\u016f a vozataj\u016f\npomalu postupovalo p\u011b\u0161ky hlubokou cestou od Svodnice k Nov\u00fdm hor\u00e1m, sm\u011brem k\nlesu a Zumperku. Za nimi st\u00e1li v hlubok\u00e9 cest\u011b t\u0159i vozatajov\u00e9, z\u0159ejm\u011b vezli\nminomety a munici. N\u011bmci je nemohli vid\u011bt.<\/p>\n\n\n\n<figure class=\"wp-block-image size-large\"><img loading=\"lazy\" decoding=\"async\" width=\"500\" height=\"313\" src=\"http:\/\/www.symbivita.cz\/josefbabacek\/wp-content\/uploads\/2020\/08\/acfaa20b09_97010225_u.jpg\" alt=\"\" class=\"wp-image-103\" srcset=\"https:\/\/www.symbivita.cz\/josefbabacek\/wp-content\/uploads\/2020\/08\/acfaa20b09_97010225_u.jpg 500w, https:\/\/www.symbivita.cz\/josefbabacek\/wp-content\/uploads\/2020\/08\/acfaa20b09_97010225_u-300x188.jpg 300w\" sizes=\"(max-width: 500px) 100vw, 500px\" \/><figcaption>Na lev\u00e9 stran\u011b st\u00e1val \u017di\u017ek\u016fv dub<\/figcaption><\/figure>\n\n\n\n<p> Jak jsem tak k na\u0161im posp\u00edchal, svi\u0161t\u011bly te\u010f kulky jen z jedn\u00e9 strany, a to od Klobouk, d\u011blov\u00e9 koule l\u00edtaly ob\u011bma sm\u011bry. U\u017e od Sp\u00e1\u010dilova domu jsem uvid\u011bl u Jez\u00edrka jakousi skrum\u00e1\u017e civilist\u016f, kon\u00ed a koz\u00e1k\u016f. N\u00e1\u0161 otec byl mezi nimi a v ruce t\u0159\u00edmal uzdy s p\u011bti ran\u011bn\u00fdmi ko\u0148mi. &#8222;Tati, co se d\u011bje?&#8220; &#8222;Chlap\u010de, povedeme je p\u0159es les do Kobyl\u00ed, tam je jejich bolnica \/o\u0161et\u0159ovna\/.&#8220; &#8222;Po\u010dkej, vym\u011bn\u00edme si to, b\u011b\u017e do krytu a j\u00e1 p\u016fjdu m\u00edsto tebe&#8220;. Chv\u00edli jsem p\u0159emlouval dob\u0159e \u017eiven\u00e9ho, od ne\u0161tovic m\u00edrn\u011b po\u010foban\u00e9ho koz\u00e1ka \u0161ikm\u00fdch o\u010d\u00ed, sed\u00edc\u00edho na koni. Tuto skupinu m\u011bl na povel. Nejd\u0159\u00edve necht\u011bl, ale nakonec s v\u00fdm\u011bnou souhlasil. Je\u0161t\u011b chv\u00edli trvala jak\u00e1si tahanice, ne\u017e se po jeho rozhodnut\u00ed &#8222;pa\u0161li&#8220; (jd\u011bte), dala skupina do pohybu.  <\/p>\n\n\n\n<figure class=\"wp-block-image size-large\"><img loading=\"lazy\" decoding=\"async\" width=\"500\" height=\"304\" src=\"http:\/\/www.symbivita.cz\/josefbabacek\/wp-content\/uploads\/2020\/08\/6462e89b56_97010224_u.jpg\" alt=\"\" class=\"wp-image-104\" srcset=\"https:\/\/www.symbivita.cz\/josefbabacek\/wp-content\/uploads\/2020\/08\/6462e89b56_97010224_u.jpg 500w, https:\/\/www.symbivita.cz\/josefbabacek\/wp-content\/uploads\/2020\/08\/6462e89b56_97010224_u-300x182.jpg 300w\" sizes=\"(max-width: 500px) 100vw, 500px\" \/><figcaption>Zde prob\u00edhal souboj t\u0159\u00ed koz\u00e1k\u016f.<\/figcaption><\/figure>\n\n\n\n<p>Vyrazilo se. Franta \u0160ediv\u00fd, zedn\u00edk, 6 ran\u011bn\u00fdch kon\u00ed, Jan Lutonsk\u00fd, holi\u010d, 5\nkon\u00ed, jeho soused Franti\u0161ek Kul\u00ed\u0161ek, zem\u011bd\u011blec, 6 kon\u00ed, cik\u00e1n Vrba z Klobouk 5\nkon\u00ed, \/dodnes mn\u011b nen\u00ed jasn\u00e9, kde se tam tehdy onen \u010dlov\u011bk objevil, sn\u011bd\u00fd, s\n\u010dern\u00fdm kn\u00edrkem pod nosem\/. Je\u0161t\u011b jsem zahl\u00e9dl, jak na sousedov\u011b osedlan\u00e9m \u0161imlu\nuh\u00e1n\u00ed koz\u00e1k. \u0160iml byl, chud\u00e1k, u\u017e star\u00fd a nikdy nebyl pod sedlem, tak\u017ee b\u011b\u017eel\njaksi nap\u0159\u00ed\u010d, \u0161ikmo, sna\u017eil se ze v\u0161ech sil.\n\nVyrazili jsme, p\u0159ed n\u00e1mi na\nkoni onen po\u010foban\u00fd se samopalem na z\u00e1dech a pomal\u00fd pr\u016fvod ran\u011bn\u00fdch pomocn\u00edk\u016f za\nn\u00edm, m\u011bli jen ohl\u00e1vky s uzdou a \u0159em\u00ednkem na veden\u00ed, bez sedel. Ka\u017ed\u00fd kon\u00edk byl\njinak ran\u011bn\u00fd a krv\u00e1cej\u00edc\u00ed, hlavy sklopen\u00e9 a podle o\u010d\u00ed k smrti unaven\u00ed. \n\n\n\n<\/p>\n\n\n\n<figure class=\"wp-block-image size-large\"><img loading=\"lazy\" decoding=\"async\" width=\"501\" height=\"302\" src=\"http:\/\/www.symbivita.cz\/josefbabacek\/wp-content\/uploads\/2020\/08\/Tankov\u00e1-cesta-4.jpg\" alt=\"\" class=\"wp-image-107\" srcset=\"https:\/\/www.symbivita.cz\/josefbabacek\/wp-content\/uploads\/2020\/08\/Tankov\u00e1-cesta-4.jpg 501w, https:\/\/www.symbivita.cz\/josefbabacek\/wp-content\/uploads\/2020\/08\/Tankov\u00e1-cesta-4-300x181.jpg 300w\" sizes=\"(max-width: 501px) 100vw, 501px\" \/><figcaption>Po prav\u00e9 stran\u011b, dnes ji\u017e zarostl\u00e1 tankov\u00e1 cesta..<\/figcaption><\/figure>\n\n\n\n<p> Kdy\u017e jsme p\u0159i\u0161li do m\u00edst, kde dnes stoj\u00ed mysliveck\u00e1 chata, byli dva kon\u00edci smrteln\u011b ran\u011bn\u00ed a je\u0161t\u011b osedlan\u00ed. F. \u0160ediv\u00fd m\u011bl n\u00e1pad p\u0159en\u00e9st jedno sedlo na toho sv\u00e9ho, \u017ee si na n\u011bj sedne. Skute\u010dn\u011b se mu to poda\u0159ilo a n\u00e1\u0161 doprovod na jeho po\u010d\u00edn\u00e1n\u00ed nijak nereagoval, pokra\u010dovali jsme \u0161iroce vyje\u017ed\u011bnou tankovou cestou do st\u00ednu lesa. Nad hlavami n\u00e1m hust\u011b svi\u0161t\u011bly N\u011bmci vyst\u0159elen\u00e9 gran\u00e1ty. Jak jsme se pozd\u011bji dov\u011bd\u011bli, dopadaly na v\u00fdchodn\u00ed okraj Kobyl\u00ed a na k\u0159i\u017eovatku silnic Terez\u00edn &#8211; Kobyl\u00ed &#8211; Brumovice, tady se pr\u00fd soust\u0159e\u010fovala sov\u011btsk\u00e1 vojska k dal\u0161\u00edmu n\u00e1poru. Sotva jsme p\u0159i\u0161li do prostoru \u017di\u017ekova dubu na okraj lesa, sly\u0161eli jsme p\u0159ibli\u017euj\u00edc\u00ed se st\u0159elbu. <\/p>\n\n\n\n<figure class=\"wp-block-image size-large\"><img loading=\"lazy\" decoding=\"async\" width=\"500\" height=\"293\" src=\"http:\/\/www.symbivita.cz\/josefbabacek\/wp-content\/uploads\/2020\/08\/cfbcc38dba_97010222_u.jpg\" alt=\"\" class=\"wp-image-108\" srcset=\"https:\/\/www.symbivita.cz\/josefbabacek\/wp-content\/uploads\/2020\/08\/cfbcc38dba_97010222_u.jpg 500w, https:\/\/www.symbivita.cz\/josefbabacek\/wp-content\/uploads\/2020\/08\/cfbcc38dba_97010222_u-300x176.jpg 300w\" sizes=\"(max-width: 500px) 100vw, 500px\" \/><figcaption>Na tomto m\u00edst\u011b Franta \u0160ediv\u00fd z\u00edskal sedlo ze zabit\u00e9ho kon\u011b.<\/figcaption><\/figure>\n\n\n\n<p>Nejd\u0159\u00edve se n\u00e1m zd\u00e1lo, \u017ee je to jako z pistole, v\u017edycky puc, za chvilku puc a puc &#8211; puc. A u\u017e jsme vid\u011bli, jak proti n\u00e1m po nov\u00e9 tankov\u00e9 cest\u011b na bry\u010dce jede koz\u00e1k se samopalem na z\u00e1dech, s oprat\u011bmi v ruce a vedle n\u011bj na kozl\u00edku vypasen\u00fd koz\u00e1k v dlouh\u00e9m zelen\u00e9m pl\u00e1\u0161ti, na kolenou samopal, v prav\u00e9 ruce revolver Nagan a za j\u00edzdy z rozvery st\u0159\u00edlel po v\u011btvi\u010dk\u00e1ch na stromech. M\u011bl notn\u011b vypito. My jsme \u0161li po soub\u011b\u017en\u00e9 star\u00e9 cest\u011b, od t\u00e9 nov\u00e9 byla vzd\u00e1lena necel\u00e9 t\u0159i metry. Pro n\u011bho nebyl \u017e\u00e1dn\u00fd probl\u00e9m p\u0159ejet hbit\u011b t\u011bsn\u011b a\u017e k n\u00e1m. Na ten n\u00e1\u0161 po\u010foban\u00fd doprovod chv\u00edli m\u00e1val, chv\u00edli m\u00ed\u0159il, snad jako by cht\u011bl vyst\u0159elit, p\u0159itom sem tam ukazoval nam\u00ed\u0159en\u00fd revolver na F. \u0160ediv\u00e9ho, kter\u00fd sed\u011bl na jednom z t\u011bch ran\u011bn\u00fdch kon\u00edk\u016f. Ten n\u00e1\u0161 doprovod mu n\u011bco vysv\u011btloval a hlasit\u011b mluvil, my jsme mu nerozum\u011bli a najednou padla r\u00e1na do vzduchu. V ten moment m\u011b napadlo: &#8222;Franto, rychle sesedni a b\u011b\u017e p\u011b\u0161ky nebo t\u011b zast\u0159el\u00ed. On m\u00e1 zlost, \u017ee k\u016f\u0148 je ran\u011bn\u00fd a ty si na n\u011bm sed\u00ed\u0161.&#8220; Franta sjel ze h\u0159betu kon\u011b po b\u0159ichu na zem jako rodil\u00fd koz\u00e1k, vzal \u0159em\u00ednky od uzdy, za\u0159adil se na konec na\u0161eho pr\u016fvodu a bylo po zlosti. Bry\u010dka odjela a u\u017e se d\u00e1le nest\u0159\u00edlelo. My jsme za pochodu o tom mluvili a ka\u017ed\u00fd jsme m\u011bli jin\u00fd n\u00e1zor. Souhlasil jsem s t\u00edm st\u0159\u00edlej\u00edc\u00edm. Nohy se mn\u011b t\u0159\u00e1sly z t\u011bch stra\u0161ideln\u00fdch dojm\u016f, hned po r\u00e1nu jich bylo n\u011bjak moc.<\/p>\n\n\n\n<figure class=\"wp-block-image size-large is-resized\"><img loading=\"lazy\" decoding=\"async\" src=\"http:\/\/www.symbivita.cz\/josefbabacek\/wp-content\/uploads\/2020\/08\/59918b5a18_97010220_v1.jpg\" alt=\"\" class=\"wp-image-109\" width=\"270\" height=\"367\" srcset=\"https:\/\/www.symbivita.cz\/josefbabacek\/wp-content\/uploads\/2020\/08\/59918b5a18_97010220_v1.jpg 424w, https:\/\/www.symbivita.cz\/josefbabacek\/wp-content\/uploads\/2020\/08\/59918b5a18_97010220_v1-221x300.jpg 221w\" sizes=\"(max-width: 270px) 100vw, 270px\" \/><figcaption>Ilustra\u010dn\u00ed foto koz\u00e1ka.<\/figcaption><\/figure>\n\n\n\n<p>Neu\u0161li jsme ani sto metr\u016f, kdy\u017e p\u0159esn\u011b proti n\u00e1m na kon\u00edch jeli dva \u0161varn\u00ed koz\u00e1ci, samopaly p\u0159es z\u00e1da na opasku, ka\u017ed\u00fd velkou pistoli a koz\u00e1ckou \u0161avli, kon\u011b byli hn\u011bd\u00e1ci na lehk\u00e9 noze a bylo na nich zn\u00e1t, \u017ee jsou odpo\u010dinut\u00ed, mlad\u00ed koz\u00e1ci i kon\u011b. Z\u0159ejm\u011b zase d\u016fstojn\u00edk a pobo\u010dn\u00edk jedou na kon\u00edch p\u0159\u00edmo proti n\u00e1m. My jsme byli trochu rozta\u017eeni na okraji cesty v lese, ka\u017ed\u00fd jsme d\u00e1vali pozor, aby n\u00e1m k\u016f\u0148 nestoupl na nohu, sice n\u011bkte\u0159\u00ed byli bez podkov, ale i tak by to bylo bolestiv\u00e9. Nastala kr\u00e1tk\u00e1, prudk\u00e1 a hlasit\u00e1 v\u00fdm\u011bna slov mezi jedn\u00edm z t\u011bch, co p\u0159ijeli, a na\u0161\u00edm \u010derno-\u0161ikmook\u00fdm. Najednou k\u016f\u0148 toho d\u016fstojn\u00edka tancoval jen na dvou noh\u00e1ch a sna\u017eil se p\u0159edn\u00edmi kopyty shodit toho na\u0161eho z kon\u011b. Ten mr\u0161tn\u011b uhnul a ji\u017e i jeho k\u016f\u0148 tancoval po dvou a tak\u00e9 se sna\u017eil shodit sv\u00e9ho protivn\u00edka. Tomu p\u0159i\u0161el na pomoc jeho pobo\u010dn\u00edk a cht\u011bl toho na\u0161eho strhnout z kon\u011b zezadu za samopal. Ten rychle bodl kon\u011b do slabin a usko\u010dil, bleskurychle uhnul z jeho dosahu. Mezit\u00edm se znovu p\u0159ibl\u00ed\u017eil ten prvn\u00ed, st\u00e1le i jeho k\u016f\u0148 jen na dvou noh\u00e1ch a znovu pustil uzdu tak, aby jej srazil k zemi. On znovu usko\u010dil a nejm\u00e9n\u011b dvacet minut t\u00e9to neuv\u011b\u0159iteln\u00e9 poty\u010dky skon\u010dilo t\u00edm, \u017ee se kone\u010dn\u011b tomu pobo\u010dn\u00edkovi poda\u0159ilo toho na\u0161eho zezadu za samopal st\u00e1hnout k zemi. Opravdov\u00fd souboj koz\u00e1k\u016f na kon\u00edch, to se hned tak nevid\u00ed nav\u00edc tanec kon\u00ed jen na dvou noh\u00e1ch a mezi duby, n\u011bco \u00fa\u017easn\u00e9ho. Jak se ten n\u00e1\u0161 doprovod nohama dotkl zem\u011b, bylo po boji. Byli jsme soubojem t\u011bch t\u0159\u00ed rozta\u017eeni po lese do d\u00e1lky i do \u0161\u00ed\u0159ky, bled\u00ed, ani jsme ned\u00fdchali. Nohy se mn\u011b t\u0159\u00e1sly a bylo mn\u011b na zvracen\u00ed. Co bude d\u00e1l? Za chv\u00edli ji\u017e klidn\u00fdm hlasem zavelel sm\u011brem k n\u00e1m &#8222;si \u010das po\u010dekalis&#8220;, vysko\u010dil na kon\u00edka a s t\u011bmi dv\u011bma odjel do Mork\u016fvek. N\u00e1m se jaksi necht\u011blo z\u016fstat na tom m\u00edst\u011b z\u00e1pasu, a tak jsme pomalu dorazili a\u017e nahoru na &#8222;\u017didovu ochozu&#8220;.<\/p>\n\n\n\n<figure class=\"wp-block-image size-large\"><img loading=\"lazy\" decoding=\"async\" width=\"500\" height=\"311\" src=\"http:\/\/www.symbivita.cz\/josefbabacek\/wp-content\/uploads\/2020\/08\/954123798e_97010219_u.jpg\" alt=\"\" class=\"wp-image-110\" srcset=\"https:\/\/www.symbivita.cz\/josefbabacek\/wp-content\/uploads\/2020\/08\/954123798e_97010219_u.jpg 500w, https:\/\/www.symbivita.cz\/josefbabacek\/wp-content\/uploads\/2020\/08\/954123798e_97010219_u-300x187.jpg 300w\" sizes=\"(max-width: 500px) 100vw, 500px\" \/><figcaption>\u017didovo pole.<\/figcaption><\/figure>\n\n\n\n<p>V m\u00edstech, kde byla zaset\u00e1 p\u0161enice, asi 30 m od p\u016fvodn\u00ed cesty z Mork\u016fvek do\nKobyl\u00ed, byla po jej\u00ed prav\u00e9 stran\u011b nov\u00e1 tankov\u00e1 cesta a kolem n\u00ed n\u011bkolik\ndes\u00edtek, snad i stovek zabit\u00fdch kon\u00ed kopyty vzh\u016fru, bez sedel a spousta\npol\u00e1man\u00fdch vozatajsk\u00fdch povoz\u016f. Zat\u00edm jsme celou tu hr\u016fzu nevid\u011bli, proto\u017ee\njsme se zastavili naho\u0159e na poli. Sta\u010dilo, \u017ee \u00fadol\u00edm na n\u00e1s t\u00e1hl mrtvoln\u00fd\nz\u00e1pach, \u017ee se t\u00e9m\u011b\u0159 nedalo d\u00fdchat. Mn\u011b se zvedal \u017ealudek, a kdyby bylo co,\njist\u011b bych zvracel.<\/p>\n\n\n\n<p>Les se pomalu probouzel ze zimn\u00edho sp\u00e1nku a mlad\u00e9 ak\u00e1ty i duby po\u010d\u00ednaly\nvyr\u00e1\u017eet pupeny i prvn\u00ed mlad\u00e9 jarn\u00ed l\u00edstky. Jen n\u011bkolik metr\u016f od n\u00e1s z\nbrumovick\u00e9ho lesa vy\u0161el odsedlan\u00fd vran\u00edk, \u010dern\u00fd jak uhel, z\u0159ejm\u011b ho p\u0159itahovala\nlidsk\u00e1 \u0159e\u010d. Jeho prav\u00e1 p\u0159edn\u00ed noha v\u0161ak byla p\u0159era\u017een\u00e1 a p\u0159i ka\u017ed\u00e9m jeho kroku\nse divn\u011b houpala a to\u010dila. On natahoval krk, aby se nap\u00e1sl \u010derstv\u00fdch dubov\u00fdch a\nl\u00edskov\u00fdch l\u00edste\u010dk\u016f. Bylo vid\u011bt, \u017ee m\u00e1 hlad, bl\u00ed\u017ee k n\u00e1m ale ne\u0161el. Kdy\u017e u\u017e jsme\nnetrp\u011bliv\u00fdm \u010dek\u00e1n\u00edm pomalu ztr\u00e1celi nad\u011bji, objevil se ten n\u00e1\u0161 voj\u00e1\u010dek. N\u011bkdo\nse ho ptal, co znamenal ten ko\u0148sk\u00fd z\u00e1pas, ta honi\u010dka po lese a kam ho vedli.\nSmutn\u011b a dost neochotn\u011b vypr\u00e1v\u011bl, \u017ee byl zp\u00e1tky v d\u011bdin\u011b v \u010d\u00edsle 67, \u017ee tam\ns\u00eddl\u00ed NKVD \/vojensk\u00e1 policie\/, tam se musel zpov\u00eddat, pro\u010d m\u00e1 na sv\u00e9m kon\u00ed\u010dkovi\nd\u016fstojnickou uzdu, kdy\u017e je oby\u010dejn\u00fd koz\u00e1k. Byl z toho incidentu docela \u0161patn\u00fd.\nHluboce se nad\u00fdchl, pohledem p\u0159ejel celou na\u0161i skupinu, jestli jsme v\u0161ichni.\nKdy\u017e cht\u011bl d\u00e1t povel &#8222;pa\u0161li v piriot&#8220;, uvid\u011bl toho ran\u011bn\u00e9ho vran\u00edka.\nRozhl\u00e9dl se po n\u00e1s a pohybem ruky uk\u00e1zal na m\u011b se slovy: &#8220; Idi\nsjuda&#8220;. Chv\u00edli trvalo, ne\u017e se mn\u011b poda\u0159ilo p\u0159im\u011bt skupinku m\u00fdch kon\u00ed, aby\np\u0159i\u0161la za n\u00edm. Co asi chce? Byl jsem u n\u011bho, kdy\u017e on pomal\u00fdm nau\u010den\u00fdm pohybem\nze zad sundal samopal, p\u0159ipravil ho ke st\u0159elb\u011b a podal mi jej s p\u0159\u00edkazem:\n&#8222;Nu, davaj i zgubi jego.&#8220; A o\u010dima uk\u00e1zal na t\u011b\u017ece ran\u011bn\u00e9ho vran\u00ed\u010dka.<\/p>\n\n\n\n<p>Poprv\u00e9 v \u017eivot\u011b jsem v ruce dr\u017eel samopal a nabit\u00fd. M\u00e1m st\u0159\u00edlet! V hlav\u011b se\nmi honilo milion my\u0161lenek, vzal jsem jej do ruky, pevn\u011b zasadil do ramene, s\nprstem na spou\u0161ti se d\u00edval p\u0159es m\u00ed\u0159idla, hledal kon\u00edka. Aha, tady je, m\u00ed\u0159il\njsem na hlavu. On se v\u0161ak pohnul, aby si ukousl nov\u00fd pupen &#8211; m\u011bl hlad! J\u00e9\u017e\u00ed\u0161i,\nne, ran\u011bn\u00e9ho, hladov\u00e9ho kon\u011b a j\u00e1 ho m\u00e1m zast\u0159elit. Ne &#8211; nejde to! Pomalu jsem\nsklonil \u00fast\u00ed samopalu k zemi a vr\u00e1til jej koz\u00e1kovi, nem\u016f\u017eu zm\u00e1\u010dknout, nelze,\nsrdce m\u011b to nedovol\u00ed. Vzal samopal zp\u011bt, up\u0159en\u011b se mn\u011b d\u00edval do o\u010d\u00ed a m\u011bkce\n\u0159ekl &#8222;vot molod\u011bc&#8220;. Pak si hodil samopal na z\u00e1da. Ani on jej\nnezast\u0159elil, hlasit\u011b v\u0161ak zavelel &#8222;v piriot&#8220;.<\/p>\n\n\n\n<p>Hned po vstupu na novou tankovou cestu jsme uvid\u011bli, \u017ee se tady musela\nodehr\u00e1t velik\u00e1 bitva. Mrtvoln\u00fd puch ze zabit\u00fdch kon\u00ed byl nesnesiteln\u00fd a my\npochodovali mezi neuv\u011b\u0159iteln\u011b rozbit\u00fdmi vozatajsk\u00fdmi vozy. T\u011bch tady mohlo b\u00fdt\npatn\u00e1ct \u010di dvacet, ale byly \u00fapln\u011b zdemolovan\u00e9, p\u0159es bo\u010dnice byl vid\u011bt i jejich\nobsah: chleba, cukr krystal nasypan\u00fd a\u017e po vrch v korb\u011b, u n\u011bho praskl\u00e1 bo\u010dnice\na bez kol, cukr se sypal do tr\u00e1vy. Dal\u0161\u00ed v\u016fz, taky s cukrem, a\u017e po okraj\nnalo\u017een\u00fd nav\u00edc vl\u0148\u00e1ky r\u016fzn\u00fdch barev, vedle s minometnou munic\u00ed, ve dvou\nsousedn\u00edch d\u011blost\u0159eleck\u00e9 n\u00e1boje, mezi t\u00edm zabit\u00ed kon\u011b, r\u016fznobarevn\u00e9 l\u00e1tky, med,\ndeky\u2026 To v\u0161e ve dvousetmetrov\u00e9 d\u00e9lce lesa.<\/p>\n\n\n\n<figure class=\"wp-block-image size-large is-resized\"><img loading=\"lazy\" decoding=\"async\" src=\"http:\/\/www.symbivita.cz\/josefbabacek\/wp-content\/uploads\/2020\/08\/4558b71c22_97010218_v1.jpg\" alt=\"\" class=\"wp-image-111\" width=\"189\" height=\"332\" srcset=\"https:\/\/www.symbivita.cz\/josefbabacek\/wp-content\/uploads\/2020\/08\/4558b71c22_97010218_v1.jpg 328w, https:\/\/www.symbivita.cz\/josefbabacek\/wp-content\/uploads\/2020\/08\/4558b71c22_97010218_v1-171x300.jpg 171w\" sizes=\"(max-width: 189px) 100vw, 189px\" \/><figcaption>Bo\u017e\u00ed muka &#8211; pod L\u00e1cary<\/figcaption><\/figure>\n\n\n\n<p>Nejv\u00edce mn\u011b bylo l\u00edto toho b\u00edl\u00e9ho cukru. Pro n\u00e1s to byl hotov\u00fd poklad. Cel\u00fd\nprotektor\u00e1t jsme m\u011bli jen dvacet deka na m\u011bs\u00edc a tady je ho tuny a v bl\u00e1t\u011b.\nNebyl zde v\u0161ak ani jeden mrtv\u00fd n\u011bmeck\u00fd nebo sov\u011btsk\u00fd voj\u00e1k.<\/p>\n\n\n\n<p>Za t\u00edmto neut\u011b\u0161en\u00fdm \u00fasekem bylo ji\u017e l\u00e9pe, tady se dalo d\u00fdchat, za dal\u0161\u00ed\nz\u00e1to\u010dinou jsme spat\u0159ili ji\u017e Kobyl\u00ed, c\u00edl na\u0161\u00ed cesty. Kdy\u017e jsme p\u0159i\u0161li k\nMikul\u00e1\u0161ku, bo\u017e\u00ed muce pod L\u00e1cary stoj\u00edc\u00ed asi p\u011btset metr\u016f p\u0159ed obc\u00ed, le\u017eelo v\np\u0159\u00edkopech po obou stran\u00e1ch cesty a\u017e po kobylsk\u00fd ml\u00fdn n\u011bkolik stovek zabit\u00fdch\nkon\u00ed. Odhadem do p\u011bti set jich mnoho nechyb\u011blo.<\/p>\n\n\n\n<p>T\u011bsn\u011b p\u0159ed \u017eelezni\u010dn\u00edmi kolejemi jsme odbo\u010dili vpravo do ulice a do dvou p\u0159\u00edzemn\u00edch domk\u016f jsme zavedli na\u0161e ran\u011bn\u00e9 kon\u011b. Doprov\u00e1zej\u00edc\u00ed koz\u00e1k se s m\u00edstn\u00edmi voj\u00e1ky velmi dob\u0159e znal, na jejich pokyn jsme museli kon\u011b ust\u00e1jit, napojit, vyv\u011bchtovat (vyt\u0159\u00edt dosucha), potom na p\u016fd\u011b u soused\u016f ukr\u00e1st vojt\u011b\u0161ku a nakrmit je. Pak jsme byli propu\u0161t\u011bni. V\u0161ichni byli rychlej\u0161\u00ed ne\u017e cik\u00e1n a j\u00e1. N\u00e1m to trvalo dost dlouho, mo\u017en\u00e1 jsme to d\u011blali poctiv\u011bji. V\u011bchtov\u00e1n\u00ed se muselo d\u011blat opatrn\u011b, proto\u017ee v\u011bt\u0161ina kon\u00ed m\u011bla otev\u0159en\u00e9 r\u00e1ny, na krku nebo na h\u0159bet\u011b, jeden z m\u00fdch m\u011bl krom\u011b jin\u00fdch zran\u011bn\u00ed \u010dist\u00fd pr\u016fst\u0159el prav\u00e9 h\u00fd\u017ed\u011b a siln\u011b krv\u00e1cel.<\/p>\n\n\n\n<figure class=\"wp-block-image size-large\"><img loading=\"lazy\" decoding=\"async\" width=\"500\" height=\"355\" src=\"http:\/\/www.symbivita.cz\/josefbabacek\/wp-content\/uploads\/2020\/08\/8ca83b5fc8_97010217_u.jpg\" alt=\"\" class=\"wp-image-112\" srcset=\"https:\/\/www.symbivita.cz\/josefbabacek\/wp-content\/uploads\/2020\/08\/8ca83b5fc8_97010217_u.jpg 500w, https:\/\/www.symbivita.cz\/josefbabacek\/wp-content\/uploads\/2020\/08\/8ca83b5fc8_97010217_u-300x213.jpg 300w\" sizes=\"(max-width: 500px) 100vw, 500px\" \/><figcaption>B\u00fdval\u00fd obchod Slan\u00fdch, kde 16.4.1945 padl ve v\u011bku 39 let gardov\u00fd  koz\u00e1k B\u011blokopitov, dnes ji\u017e budova neexistuje.<\/figcaption><\/figure>\n\n\n\n<p>Kdy\u017e jsme byli hotov\u00ed a na odchodu, ten n\u00e1\u0161 po\u010foban\u00fd volal na cik\u00e1na, aby se vr\u00e1til, \u017ee od n\u011bho n\u011bco chce. V\u0161ichni u\u017e ode\u0161li a m\u011b ho bylo l\u00edto, a tak jsem na n\u011bho \u010dekal s\u00e1m, jen n\u011bkolik metr\u016f od o\u0161et\u0159ovny. \u010cek\u00e1n\u00ed bylo dlouh\u00e9, a proto jsem \u0161el pomalu za ostatn\u00edmi. Volal jsem na n\u011b, aby po\u010dkali. Na popud Jana Lutonsk\u00e9ho z\u016fstali st\u00e1t u Mikul\u00e1\u0161ka a\u017e do doby, ne\u017e p\u0159ikva\u010dil i cig\u00e1n. &#8222;Pros\u00edm t\u011b, co cht\u011bl?&#8220; Necht\u011blo se mu odpov\u00eddat a a\u017e na dal\u0161\u00ed na\u0161e nal\u00e9h\u00e1n\u00ed nesm\u011ble uk\u00e1zal na prsty, \u017ee nem\u00e1 ani jeden zlat\u00fd prsten, i hodinky mu vzal a zlat\u00fd \u0159et\u00edzek z krku. My jsme ji\u017e d\u00e1vno byli bez nich, p\u0159ed t\u0159emi \u010di \u010dty\u0159mi hodinami. Toto bylo na\u0161e prvn\u00ed setk\u00e1n\u00ed se socializac\u00ed. Dom\u016f jsme \u0161li op\u011bt t\u00edm hr\u016fzn\u00fdm \u00fadol\u00edm a cukr necukr jsme upalovali, u\u017e abychom byli doma. Je\u0161t\u011b zad\u00fdch\u00e1n z Kobyl\u00ed jsem p\u0159i\u0161el za na\u0161imi do \u010d\u00edsla 67 a tam b\u011bdovala moje teti\u010dka Al\u017eb\u011bta Jurasov\u00e1, \u017ee rychl\u00fdm odchodem z domu, z kov\u00e1rny na \u010d\u00edsle 205, v kuchyni za r\u00e1diem v ob\u00e1lce zapomn\u011bla pen\u00edze. V krytu byl i jej\u00ed man\u017eel, m\u016fj str\u00fdc Ign\u00e1c a jejich synov\u00e9 Jo\u017eka a Fano\u0161. <\/p>\n\n\n\n<figure class=\"wp-block-image size-large\"><img loading=\"lazy\" decoding=\"async\" width=\"500\" height=\"329\" src=\"http:\/\/www.symbivita.cz\/josefbabacek\/wp-content\/uploads\/2020\/08\/f119da87bb_97010216_u.jpg\" alt=\"\" class=\"wp-image-113\" srcset=\"https:\/\/www.symbivita.cz\/josefbabacek\/wp-content\/uploads\/2020\/08\/f119da87bb_97010216_u.jpg 500w, https:\/\/www.symbivita.cz\/josefbabacek\/wp-content\/uploads\/2020\/08\/f119da87bb_97010216_u-300x197.jpg 300w\" sizes=\"(max-width: 500px) 100vw, 500px\" \/><figcaption>B\u00fdval\u00e1 Jurasova kov\u00e1rna, d\u016fm \u010d.203<\/figcaption><\/figure>\n\n\n\n<p>. Padlo rozhodnut\u00ed, abychom spolu \u0161li pro ty zapomenut\u00e9 pen\u00edze. Bez dlouh\u00fdch okolk\u016f jsme se kolem jez\u00edrka vydali dol\u016f p\u0159es d\u011bdinu. V\u0161ude bylo vojska a vojensk\u00e9ho materi\u00e1lu. Poprv\u00e9 jsem tam uvid\u011bl tanky T34, jejich hrub\u00e9, neopracovan\u00e9 v\u011b\u017ee. Jeden st\u00e1l u domu \u0160toura\u010dov\u00fdch, druh\u00fd u La\u010d\u0148\u00e1kov\u00fdch a t\u0159et\u00ed u Mikl\u00edkov\u00fdch. T\u011bsn\u011b po lev\u00e9 stran\u011b kolem nich jsme se dostali a\u017e na k\u0159i\u017eovatku Klobouky &#8211; Brumovice &#8211; Boleradice. Byli jsme p\u0159ikr\u010deni v p\u0159\u00edkopu, proto\u017ee cesta byla p\u0159ecp\u00e1na vojskem. Fronta st\u00e1la n\u011bkde t\u011bsn\u011b p\u0159ed Dvorkem, sp\u011bchali jsme do Mr\u0161tn\u00edku, st\u00e1le jen v p\u0159\u00edkopech. Kdy\u017e u\u017e jsme byli u Slan\u00e9ho, p\u0159ilet\u011bly dva rusk\u00e9 dvouplo\u0161n\u00edky PO-2 Kukuruznik. Nad obc\u00ed zakrou\u017eily a v\u0161ude bylo sly\u0161et &#8222;\u00c9to n\u00e1\u0161i&#8220;, docela n\u00edzko, ne v\u00edce ne\u017e stopades\u00e1t metr\u016f, na k\u0159\u00eddlech rud\u00e9 hv\u011bzdy, piloty bylo jasn\u011b vid\u011bt. Najednou to za\u010dalo. D\u011bdina p\u0159ecpan\u00e1 vlastn\u00edmi, nebylo kam uhnout a piloti, ti pitomci, bombardovali svoje spolubojovn\u00edky. Celkem dvakr\u00e1t nal\u00e9tli a vysypali na n\u011b cel\u00fd n\u00e1klad. Asi p\u011bt \u010di \u0161est domk\u016f za\u010dalo ho\u0159et, nastal chaos, a k\u0159ik. Kolik bomb spadlo, nev\u00edm, mysl\u00edm si, \u017ee jich mohlo b\u00fdt tak okolo dvan\u00e1cti. \u0160kody nad\u011blaly opravdu velik\u00e9. Podle verze voj\u00e1k\u016f pr\u00fd byla \u0161patn\u011b barevn\u011b vyst\u0159elena sv\u011btlice. O\u010dit\u00fd sv\u011bdek, kov\u00e1\u0159 Franti\u0161ek Juras vypr\u00e1v\u011bl, \u017ee na Pl\u00e1ck\u00e1ch v evangelick\u00e9 \u0161kole (modlitebn\u011b) bylo ji\u017e vybudov\u00e1no praporn\u00ed obvazi\u0161t\u011b. Jeho velitel, l\u00e9ka\u0159, sed\u011bl v dob\u011b toho ne\u0161\u0165astn\u00e9ho bombardov\u00e1n\u00ed p\u0159ed \u0161kolou pod lipou a u stolku psal dopis dom\u016f. Nedopsal jej. Byl zabit jednou z t\u011bch bomb, nadporu\u010d\u00edk se jmenoval Narimbaj Konopjajev z Kirgizie, byl pak pochov\u00e1n za trafikou u domu Fantov\u00fdch, pozd\u011bji na Kravsk\u00e9 m\u00edse a pak p\u0159evezen do Hustope\u010d\u00ed. Jeho jm\u00e9no je pam\u00e1tn\u00edku naproti kulturn\u00edho domu.<\/p>\n\n\n\n<figure class=\"wp-block-image size-large\"><img loading=\"lazy\" decoding=\"async\" width=\"500\" height=\"375\" src=\"http:\/\/www.symbivita.cz\/josefbabacek\/wp-content\/uploads\/2020\/08\/35c78429cd_97010215_u.jpg\" alt=\"\" class=\"wp-image-114\" srcset=\"https:\/\/www.symbivita.cz\/josefbabacek\/wp-content\/uploads\/2020\/08\/35c78429cd_97010215_u.jpg 500w, https:\/\/www.symbivita.cz\/josefbabacek\/wp-content\/uploads\/2020\/08\/35c78429cd_97010215_u-300x225.jpg 300w\" sizes=\"(max-width: 500px) 100vw, 500px\" \/><figcaption>Poln\u00ed lazaret- evangelick\u00e1 modlitebna.<\/figcaption><\/figure>\n\n\n\n<p>My jsme se \u0161\u0165astn\u011b dostali do Mr\u0161tn\u00edku a\u017e po Strakovo a tam na druh\u00e9 stran\u011b silnice p\u0159ed domy \u010d\u00edslo 212 a vedle Kratochv\u00edlov\u00fdch byl mal\u00fd manipula\u010dn\u00ed prostor na hospod\u00e1\u0159sk\u00e9 stroje, v tuto dobu pr\u00e1zdn\u00fd. P\u0159ed domy byli schov\u00e1ni t\u0159i ru\u0161t\u00ed voj\u00e1ci a m\u011bli dva osedlan\u00e9 kon\u011b. Jeden mlad\u0161\u00ed koz\u00e1k bodal sv\u00e9ho kon\u011b do slabin a t\u00edm toho vysok\u00e9ho hn\u011bd\u00e1ka &#8222;rozpumpov\u00e1val&#8220; na kr\u00e1tk\u00e9 vzd\u00e1lenosti mezi dv\u011bma domy. H\u0159\u00edva mu vl\u00e1la, o\u010di vyt\u0159e\u0161t\u011bn\u00e9, dlouh\u00fdmi skoky se v jedn\u00e9 chv\u00edli vy\u0159\u00edtil kolem domu Hut\u00e1kov\u00fdch \u010d\u00edslo 212 dol\u016f ke svodnici Harasce. Tryskem a skokem p\u0159es ni p\u0159\u00edmo proti st\u0159\u00edlej\u00edc\u00edmu n\u011bmeck\u00e9mu lehk\u00e9mu kulometu ve star\u00e9 ciheln\u011b. Bylo vid\u011bt, jak st\u0159ely dopadaj\u00ed bl\u00edzko od ko\u0148sk\u00fdch kopyt, ale ani jedin\u00e1 ho nezas\u00e1hla. Tento \u0161\u00edlen\u00fd koz\u00e1k p\u0159ijel a\u017e k sam\u00e9mu st\u0159\u00edlej\u00edc\u00edmu a ten se u\u017e se zdvi\u017een\u00fdmi pa\u017eemi vzd\u00e1val. Koz\u00e1k sesko\u010dil z kon\u011b, sundal mu p\u0159\u00edlbu a poln\u00ed lopatkou ukon\u010dil tuto p\u0159\u00edhodu.<\/p>\n\n\n\n<figure class=\"wp-block-image size-large\"><img loading=\"lazy\" decoding=\"async\" width=\"500\" height=\"334\" src=\"http:\/\/www.symbivita.cz\/josefbabacek\/wp-content\/uploads\/2020\/08\/aa9e92d4a2_97010214_u.jpg\" alt=\"\" class=\"wp-image-115\" srcset=\"https:\/\/www.symbivita.cz\/josefbabacek\/wp-content\/uploads\/2020\/08\/aa9e92d4a2_97010214_u.jpg 500w, https:\/\/www.symbivita.cz\/josefbabacek\/wp-content\/uploads\/2020\/08\/aa9e92d4a2_97010214_u-300x200.jpg 300w\" sizes=\"(max-width: 500px) 100vw, 500px\" \/><figcaption>Z tohoto prostoru, na koni za\u00fato\u010dil koz\u00e1k do star\u00e9 cihelny, proti n\u011bmeck\u00e9mu kulometu.<\/figcaption><\/figure>\n\n\n\n<p>Do \u010d\u00edsla 205 jsme to nem\u011bli daleko, jen p\u00e1r skok\u016f a byli jsme tam. R\u00e1dio\nbylo na m\u00edst\u011b, chalupa pr\u00e1zdn\u00e1, \u017e\u00e1dn\u00fd voj\u00e1k \u010di jin\u00e1 osoba, ob\u00e1lka v\u0161ak chyb\u011bla.\nCesta nazp\u011bt prob\u011bhla bez zvl\u00e1\u0161tn\u00edch ud\u00e1lost\u00ed a pom\u011brn\u011b rychle jsme se vr\u00e1tili.\nJe zaj\u00edmav\u00e9, \u017ee voj\u00e1ci si n\u00e1s v\u016fbec nev\u0161\u00edmali. Kdy\u017e Jo\u017eka ve sklep\u011b ozn\u00e1mil\nv\u00fdsledek na\u0161eho putov\u00e1n\u00ed, za\u010dal pl\u00e1\u010d a na\u0159\u00edk\u00e1n\u00ed. V\u011b\u0159\u00edm, \u017ee je to mrzelo,\nchud\u00e1ci \u0161et\u0159ili, jist\u011b si ur\u010dit\u00e9 v\u011bci odp\u00edrali a nakonec jim to n\u011bjak\u00fd parchant\nukradl.<\/p>\n\n\n\n<p>D\u011bdinka byla p\u0159ecpan\u00e1 vojskem a ko\u0148mi, voj\u00e1ci chodili jeden p\u0159es druh\u00e9ho a\npo\u0159\u00e1d n\u011bco \u017e\u00e1dali. A\u017e moc \u010dasto bylo sly\u0161et &#8222;davaj \u017einku, davaj \u010dasy a job\ntvaju ma\u0165&#8220;. Hledali j\u00eddlo a alkohol. Ale nejv\u00edc ty \u017e\u00ednky. Skoro v\u0161ichni\nbyli \u0161ikmooc\u00ed a tmav\u0161\u00ed pleti, \u0161avle jim sahaly a\u017e k zemi, zkr\u00e1tka z nich \u0161el\nstrach a hr\u016fza.<\/p>\n\n\n\n<figure class=\"wp-block-image size-large\"><img loading=\"lazy\" decoding=\"async\" width=\"500\" height=\"245\" src=\"http:\/\/www.symbivita.cz\/josefbabacek\/wp-content\/uploads\/2020\/08\/71d7158b3f_97010213_u.jpg\" alt=\"\" class=\"wp-image-116\" srcset=\"https:\/\/www.symbivita.cz\/josefbabacek\/wp-content\/uploads\/2020\/08\/71d7158b3f_97010213_u.jpg 500w, https:\/\/www.symbivita.cz\/josefbabacek\/wp-content\/uploads\/2020\/08\/71d7158b3f_97010213_u-300x147.jpg 300w\" sizes=\"(max-width: 500px) 100vw, 500px\" \/><figcaption>Star\u00e1 cihelna- c\u00edl \u00fato\u010d\u00edc\u00edho koz\u00e1ka<\/figcaption><\/figure>\n\n\n\n<p>Z pond\u011bl\u00ed na \u00fater\u00fd jsem p\u0159etrp\u011bl s na\u0161imi ve sklep\u011b u kmotr\u016f. A hned po r\u00e1nu chodil obecn\u00ed sluha pan Ravas s bub\u00ednkem a vyz\u00fdval v\u0161echny schopn\u00e9 mu\u017ee, kte\u0159\u00ed udr\u017e\u00ed lopatu a r\u00fd\u010d, a\u0165 se ihned dostav\u00ed k obecn\u00edmu \u00fa\u0159adu, \u017ee budou pochov\u00e1vat padl\u00e9 n\u011bmeck\u00e9 voj\u00e1ky a kon\u011b na na\u0161em katastru. Popadl jsem motyku a \u0161el. Rusk\u00e9 padl\u00e9 si sov\u011bti pochov\u00e1vali sami. N\u011bmce a kon\u011b my. Na k\u0159i\u017eovatce bylo ji\u017e n\u011bkolik chlap\u016f s motykami nebo lopatami. Byli jsme rozd\u011bleni do skupin po \u010dty\u0159ech lidech, ale nakonec jsme z\u016fstali sami dva s Jindrou Kadrnkem a \u0161li jsme na jih k lesu. Tam hned na kraji lesa le\u017eel sov\u011btsk\u00fd voj\u00e1k. Z\u0159ejm\u011b pr\u016fzkumn\u00edk, jen n\u011bkolik metr\u016f od chodn\u00edku, bez okopu, s d\u00edrkou na \u010dele p\u0159esn\u011b mezi o\u010dima, ani moc nekrv\u00e1cel. Ud\u011blali jsme j\u00e1mu, pochovali jej a na rov zap\u00edchli jeho pu\u0161ku pa\u017ebou vzh\u016fru. Pokra\u010dovali jsme vy\u0161lapan\u00fdm chodn\u00ed\u010dkem sm\u011brem na Str\u00e1\u0148. P\u0159i p\u0159ekro\u010den\u00ed Bo\u0159etick\u00e9 cesty, shodou okolnost\u00ed tato \u010d\u00e1st lesa byla na\u0161im vlastnictv\u00edm, jsme na\u0161li dal\u0161\u00edho sov\u011btsk\u00e9ho voj\u00e1ka. Tento byl k nepozn\u00e1n\u00ed, m\u011bl jen polovinu hlavy a na n\u00ed prod\u011brav\u011blou p\u0159\u00edlbu. Chud\u00e1ka jsme taky pochovali, tento v\u0161ak nem\u011bl \u017e\u00e1dnou zbra\u0148. Tak jsme ud\u011blali z b\u0159ezov\u00fdch h\u016flek k\u0159\u00ed\u017e a zabudovali jej na jeho rov. Zabo\u010dili jsme na otev\u0159en\u00fd ter\u00e9n na &#8222;d\u00edlech&#8220;. Tam bl\u00edzko lesa jsme uvid\u011bli z\u00e1kop, vedle n\u011bho\u017e le\u017eel na z\u00e1dech zabit\u00fd n\u011bmeck\u00fd voj\u00e1k s rozepnut\u00fdm poklopcem a op\u00e1len\u00fdm ochlupen\u00edm. M\u011bl otev\u0159en\u00e1 \u00fasta, rozepnutou bl\u016fzu, na krku mu chyb\u011bla hlin\u00edkov\u00e1 zn\u00e1mka, vedle n\u011bj byly rozh\u00e1zen\u00e9 osobn\u00ed v\u011bci, dopisy z domova, fotografie, vojensk\u00e1 kn\u00ed\u017eka, v n\u00ed krom\u011b jm\u00e9na a hodnosti naps\u00e1no v\u0161echno, co vyfasoval, velikost ko\u0161ile u krku, velikost objemu hlavy, oprava chrupu, \u010d\u00edslo krevn\u00ed skupiny, c\u00edrkevn\u00ed p\u0159\u00edslu\u0161nost, v um\u011bl\u00e9 krabi\u010dce od margarinu m\u011bl tab\u00e1k a pap\u00edrky, z\u00e1palky, zubn\u00ed pastu, kart\u00e1\u010dek na zuby, byl obut\u00fd ve \u0161n\u011brovac\u00edch bot\u00e1ch, v obli\u010deji \u017elut\u00fd. Pu\u0161ka s ura\u017eenou pa\u017ebou le\u017eela vedle i s rozh\u00e1zen\u00fdmi n\u00e1boji. Na\u0161li jsme ho na p\u0159edprsni sv\u00e9ho z\u00e1kopu, asi jak cht\u011bl na posledn\u00ed chv\u00edli opustit z\u00e1kop a byl smrteln\u011b zasa\u017een. Tady jsme nem\u011bli mnoho pr\u00e1ce, sta\u010dilo do n\u011bho drcnout a byl op\u011bt v z\u00e1kopu a zahrnout jej. Proto\u017ee jsme byli na nejvy\u0161\u0161\u00edm bod\u011b v t\u00e9 lokalit\u011b, m\u011bli jsme dobr\u00fd pohled dol\u016f a\u017e k Hota\u0159sk\u00e9mu kopci. Hned kousek od tohoto p\u0159\u00edpadu byl dal\u0161\u00ed okop pro stoj\u00edc\u00edho st\u0159elce a vedle n\u011bho dal\u0161\u00ed mrtv\u00fd voj\u00e1k. I ten le\u017eel na z\u00e1dech s rozepnut\u00fdm poklopcem, tak jako ten prvn\u00ed a vlastn\u011b v\u0161ichni, kter\u00e9 jsme poh\u0159b\u00edvali, v\u0161ichni m\u011bli rozepnut\u00e9 poklopce a op\u00e1len\u00e9 ochlupen\u00ed! Bez snubn\u00edch prst\u00fdnk\u016f, n\u00e1ramkov\u00fdch \u010di kapesn\u00edch hodinek, v\u0161ichni byli u\u017e p\u0159ed n\u00e1mi \u0159\u00e1dn\u011b &#8222;prohl\u00eddnuti&#8220;. I tento m\u011bl kolem sebe rozh\u00e1zen\u00e9 r\u016fzn\u00e9 fotografie, i sv\u00e9 \u017eeny a d\u011bt\u00ed, rovn\u011b\u017e dopisy. Jeden jsem vzal do ruky a p\u0159e\u010detl Jindrovi. \u017dena mu sd\u011blovala smutnou novinu, \u017ee jim v It\u00e1lii padl syn, on nech\u0165 je state\u010dn\u00fd, a\u0165 se vr\u00e1t\u00ed dom\u016f, \u017ee na n\u011bho \u010dek\u00e1. Byl ji\u017e pokropen slzami. Bohu\u017eel ani on se nevr\u00e1til a z\u016fstal u lesa na d\u00edlech. Ten den jsme pochovali je\u0161t\u011b jednoho, ten byl a\u017e na d\u00edlu Adolfa P\u00e1len\u00edka z \u010d\u00edsla 35. V\u0161echno bylo \u00fapln\u011b shodn\u00e9 u prvn\u00edho \u010di druh\u00e9ho pochovan\u00e9ho, tak tam le\u017eeli i v\u0161ichni ostatn\u00ed.<\/p>\n\n\n\n<figure class=\"wp-block-image size-large\"><img loading=\"lazy\" decoding=\"async\" width=\"500\" height=\"375\" src=\"http:\/\/www.symbivita.cz\/josefbabacek\/wp-content\/uploads\/2020\/08\/6f4f3ffd6b_97010211_u.jpg\" alt=\"\" class=\"wp-image-117\" srcset=\"https:\/\/www.symbivita.cz\/josefbabacek\/wp-content\/uploads\/2020\/08\/6f4f3ffd6b_97010211_u.jpg 500w, https:\/\/www.symbivita.cz\/josefbabacek\/wp-content\/uploads\/2020\/08\/6f4f3ffd6b_97010211_u-300x225.jpg 300w\" sizes=\"(max-width: 500px) 100vw, 500px\" \/><figcaption>Na dvorek tohoto domu \u010d. 199 havaroval ME 109B i s pilotem.<\/figcaption><\/figure>\n\n\n\n<p>Tent\u00fd\u017e den odpoledne se stala je\u0161t\u011b jedna ud\u00e1lost, kter\u00e1 stoj\u00ed za zm\u00ednku. Zat\u00edmco my jsme pochov\u00e1vali padl\u00e9, prob\u00edhaly n\u00e1m nad hlavami leteck\u00e9 souboje a teprve kolem poledne byly osvobozeny Klobouky. Dal\u0161\u00ed obce Krumv\u00ed\u0159, Borkovany, \u0160itbo\u0159ice byly je\u0161t\u011b n\u011bmeck\u00e9. V troj\u00faheln\u00edku Kobyl\u00ed &#8211; Brumovice &#8211; Mork\u016fvky se urputn\u011b v\u00e1l\u010dilo. Jedna sov\u011btsk\u00e1 Lavo\u010dka honila n\u011bmeck\u00fd messerschmidt ME 109B. Lopingy a v\u00fdkruty, \u0159van\u00ed motor\u016f na pln\u00fd plyn, kulometn\u00e9 d\u00e1vky ve v\u0161ech d\u00e9lk\u00e1ch. Pozorovali jsme to jako divadlo, v\u016fbec n\u00e1s nenapadlo, \u017ee bychom mohli tak\u00e9 n\u011bjakou koupit. Bylo jasn\u011b vid\u011bt, \u017ee m\u00e1 Lavo\u010dka navrch, byla skute\u010dn\u011b lep\u0161\u00ed a b\u011bhem t\u0159\u00ed minut bylo rozhodnuto. Z onoho ME 109B se vyvalil d\u00fdm a prudce klesal sm\u011brem od Kobyl\u00ed na Mork\u016fvky. Rata zakrou\u017eila, ani ne\u010dekala na v\u00fdsledek a zmizela sm\u011brem k Hodon\u00ednu. ME 109B prudce klesal a viditeln\u011b ho\u0159el, vyhnul se na\u0161\u00ed zvonici, jeho unikaj\u00edc\u00ed ho\u0159\u00edc\u00ed palivo v\u0161ak zap\u00e1lilo starou stodolu Josefa \u0160krly z \u010d\u00edsla 18, pak hospod\u00e1\u0159sk\u00e9 budovy \u010d\u00edsla 13 F. Sk\u0159iv\u00e1nka \/b\u00fdval\u00e9ho starosty\/ a Josefa Vl\u010dka, d\u00e1le hospod\u00e1\u0159sk\u00e9 staven\u00ed Josefa Koc\u016frka. ME prudce dopadl na dv\u016fr domu \u010d\u00edslo 199 Jind\u0159icha Bezd\u011bka, tady explodoval a v\u00fdbuch rozmetal zbytky letadla i s pilotem. Zap\u00e1lil dvorn\u00ed staven\u00ed, nikdo jin\u00fd v\u0161ak nep\u0159i\u0161el o \u017eivot. A\u017e po n\u011bkolika letech p\u0159i \u010di\u0161t\u011bn\u00ed okapu o jeden d\u016fm d\u00e1le, u Koc\u016frk\u016f \u010d\u00edslo 198, na\u0161li \u010d\u00e1st pilotovy pa\u017ee i s hodinkami. A\u017e dlouho po v\u00e1lce se poda\u0159ilo s pomoc\u00ed pana Vl. Schildbergera star\u0161\u00edho identifikovat tohoto sest\u0159elen\u00e9ho pilota ze 17. 4. 1945: Odstartoval z prost\u011bjovsk\u00e9ho leti\u0161t\u011b, pilotem byl prapor\u010d\u00edk st\u00edha\u010d od II JG77 ALLCHIEWSKI, ve \u010dtverci Kobyl\u00ed &#8211; Mork\u016fvky &#8211; Brumovice byl napaden sov\u011btskou st\u00edha\u010dkou a sest\u0159elen. V n\u011bmeck\u00fdch arch\u00edvech byl v t\u00e9 dob\u011b nezv\u011bstn\u00fd. Dal\u0161\u00ed n\u011bmeck\u00e9 letadlo bylo sest\u0159eleno o m\u00e1lo dn\u00ed pozd\u011bji a o\u010dit\u00ed sv\u011bdkov\u00e9 tvrdili, \u017ee pilot vysko\u010dil a na pad\u00e1ku dopadl na zem. Letadlo FW 109 padlo jen o n\u011bkolik metr\u016f d\u00e1le od toho prvn\u00edho. Spadlo na staven\u00ed Franti\u0161ka Hrade\u010dn\u00e9ho (\u0159ezn\u00edka) a p\u0159i p\u00e1du zap\u00e1lil jeho \u0159eznickou d\u00edlnu. Neuv\u011b\u0159iteln\u00e9 se stalo skutkem, havarovala dv\u011b bojov\u00e1 letadla a spadla do obce a jen n\u011bkolik metr\u016f od sebe. Z\u00e1zrak!<\/p>\n\n\n\n<figure class=\"wp-block-image size-large\"><img loading=\"lazy\" decoding=\"async\" width=\"500\" height=\"289\" src=\"http:\/\/www.symbivita.cz\/josefbabacek\/wp-content\/uploads\/2020\/08\/3799395b59_97010210_u.jpg\" alt=\"\" class=\"wp-image-118\" srcset=\"https:\/\/www.symbivita.cz\/josefbabacek\/wp-content\/uploads\/2020\/08\/3799395b59_97010210_u.jpg 500w, https:\/\/www.symbivita.cz\/josefbabacek\/wp-content\/uploads\/2020\/08\/3799395b59_97010210_u-300x173.jpg 300w\" sizes=\"(max-width: 500px) 100vw, 500px\" \/><figcaption>Na toto m\u00edsto se z\u0159\u00edtil Force-Wulf Ew190 ( Necel\u00fdch 100 m od sest\u0159elen\u00e9ho ME 109B)<\/figcaption><\/figure>\n\n\n\n<p>Sov\u011bti si, jak jsem u\u017e zm\u00ednil, po boji pochov\u00e1vali sv\u00e9 voj\u00e1ky sami. Jednoho\nz nich na ji\u017en\u00ed stran\u011b obce, na poli zvan\u00e9m &#8222;d\u00edle&#8220; zabalili nejd\u0159\u00edve\ndo pe\u0159in a pochovali na m\u00edst\u011b sam\u00e9m. P\u0159esn\u00fd seznam padl\u00fdch se nezachoval.\nStarostou k tomu byli pov\u011b\u0159eni a po\u0159\u00eddili ho Jarka Pe\u0159inov\u00e1 a u\u010ditel Josef\nBab\u00e1\u010dek. Seznam odevzdali starostovi p. Bohuslavu Putnovi. Ten se v\u0161ak ztratil\na p\u0159i pozd\u011bj\u0161\u00ed exhumaci (na Kravsk\u00e9 m\u00edse), kdy\u017e se padl\u00ed p\u0159ev\u00e1\u017eeli na spole\u010dn\u00e9\npoh\u0159ebi\u0161t\u011b do Hustope\u010d\u00ed, se i tehdy po\u0159\u00edzen\u00fd seznam \u017eel nezachoval, tak\u017ee po\u010det\npadl\u00fdch v na\u0161\u00ed obci je vlastn\u011b b\u00edl\u00fdm m\u00edstem. Do kroniky obce zaznamenal\nkronik\u00e1\u0159 50 padl\u00fdch. Pam\u011btn\u00edci v\u0161ak \u0159\u00edkaj\u00ed, \u017ee jich mohlo b\u00fdt 53 a\u017e 57. O\np\u0159esn\u00e9m po\u010dtu se zat\u00edm p\u00e1tr\u00e1 v okruhu brn\u011bnsk\u00fdch p\u0159\u00e1tel. Zat\u00edm se jich poda\u0159ilo\nov\u011b\u0159it sedmdes\u00e1t. N\u011bmeck\u00fdch voj\u00e1k\u016f bylo nalezeno a poh\u0159beno na m\u00edst\u011b, kde\npadli, celkem 45 (mapka s ozna\u010den\u00edm je na konci t\u00e9to kapitoly). Jejich jm\u00e9na\nnejsou zn\u00e1ma a\u017e na jednoho. Zji\u0161t\u011bn\u00ed padl\u00ed by m\u011bli b\u00fdt uvedeni na samostatn\u00e9m\npam\u00e1tn\u00edku uprost\u0159ed obce, na viditeln\u00e9m m\u00edst\u011b. Kolik kon\u00ed na na\u0161em katastru\npadlo a bylo zakop\u00e1no, se p\u0159esn\u011b nev\u00ed, ale nejm\u00e9n\u011b 120 a\u017e 130. I T\u011aM BY M\u011aL B\u00ddT\nPOSTAVEN POMN\u00cdK, za to, co ta zv\u00ed\u0159ata vytrp\u011bla a za\u017eila v neuv\u011b\u0159iteln\u00e9m stresu.<\/p>\n\n\n\n<p>M\u00edsta, o kter\u00e1 se tvrd\u011b bojovalo, dost\u00e1vali pak sov\u011bt\u0161t\u00ed voj\u00e1ci v plen na\nden i v\u00edce a mohli si libovoln\u011b beztrestn\u011b d\u011blat, co cht\u011bli.<\/p>\n\n\n\n<p>Je\u0161t\u011b bych se r\u00e1d zm\u00ednil o jedn\u00e9 ud\u00e1losti. Pracovn\u00ed povinnosti se\nvyhla\u0161ovaly, i kdy\u017e jsme se vr\u00e1tili z Ivan\u011b. Potom se chodilo do Brumovic na\nstatek &#8222;Ostr\u016fvek&#8220; urovn\u00e1vat ter\u00e9n na p\u0159\u00edpravu poln\u00edho leti\u0161t\u011b.\nKravsk\u00e9 potahy vozily z lesa kl\u00e1dy dub\u016f, lid\u00e9 vykop\u00e1vali a vytrh\u00e1vali\np\u0159ek\u00e1\u017eej\u00edc\u00ed ovocn\u00e9 stromy, zasyp\u00e1vali strouhy a br\u00e1zdy, a tak bylo v kr\u00e1tk\u00e9\ndob\u011b poln\u00ed leti\u0161t\u011b hotov\u00e9. Velitelstv\u00ed bylo ve statku. Je\u0161t\u011b nebylo leti\u0161t\u011b ani\ndohotoven\u00e9 a ji\u017e z n\u011bho odl\u00e9taly bojov\u00e9 stroje, pozd\u011bji odtud startovala\nletadla v\u0161eho druhu, i ty kukuruzniky &#8211; dvouplo\u0161n\u00edky. Ty pilotovaly \u017eeny &#8211;\nvoja\u010dky, kter\u00e9 m\u011bly m\u00edsto kukly na hlav\u00e1ch uv\u00e1zan\u00e9 norm\u00e1ln\u00ed \u0161\u00e1tky. Pokud jsem\nje vid\u011bl, ani jedin\u00e1 nebyla st\u0159\u00edzliv\u00e1. A kdy\u017e pak \u0161la na start, ka\u017ed\u00e1 hulila\njak pol\u00e1man\u00e1 kamna. V jedn\u00e9 ruce nesla kabelu na mapy, v druh\u00e9 dr\u017eela po\u0159\u00e1dnou\na zap\u00e1lenou papirosu. \u0160\u0165astn\u011b odstartovaly a stejn\u011b \u0161\u0165astn\u011b se vr\u00e1tily. Dosud\np\u0159ed nimi smek\u00e1m. Ony i ostatn\u00ed piloti plnili bojov\u00e9 \u00fakoly zejm\u00e9na p\u0159i\nosvobozov\u00e1n\u00ed Brna. Ale obstar\u00e1vali i z\u00e1sobov\u00e1n\u00ed a t\u011b\u017ece ran\u011bn\u00e9 p\u0159ev\u00e1\u017eeli do\nbratislavsk\u00e9 a tak\u00e9 a\u017e do budape\u0161\u0165sk\u00e9 nemocnice.<\/p>\n\n\n\n<p>Toto mal\u00e9 leti\u0161t\u011b je v\u00fdznamn\u00e9 i t\u00edm, \u017ee na n\u011bm p\u0159ist\u00e1l mar\u0161\u00e1l Malinovskij a\nauty se pak se sv\u00fdm \u0161t\u00e1bem p\u0159esunul na pozorovatelnu ke K\u0159epic\u00edm. Zde ur\u010dil\npostup na Brno. Malinovskij m\u011bl hlavn\u00ed \u0161t\u00e1b v Modr\u00e9 na Slovensku, a s nejv\u011bt\u0161\u00ed\npravd\u011bpodobnost\u00ed do konce v\u00e1lky toto m\u00edsto se sv\u00fdm \u0161t\u00e1bem neopustil.<\/p>\n\n\n\n<figure class=\"wp-block-image size-large\"><img loading=\"lazy\" decoding=\"async\" width=\"500\" height=\"311\" src=\"http:\/\/www.symbivita.cz\/josefbabacek\/wp-content\/uploads\/2020\/08\/1a3691fc18_97010209_u.jpg\" alt=\"\" class=\"wp-image-119\" srcset=\"https:\/\/www.symbivita.cz\/josefbabacek\/wp-content\/uploads\/2020\/08\/1a3691fc18_97010209_u.jpg 500w, https:\/\/www.symbivita.cz\/josefbabacek\/wp-content\/uploads\/2020\/08\/1a3691fc18_97010209_u-300x187.jpg 300w\" sizes=\"(max-width: 500px) 100vw, 500px\" \/><figcaption>Brumovick\u00e9 leti\u0161t\u011b, v pozad\u00ed velitelstv\u00ed- statek Ostr\u016fvek.<\/figcaption><\/figure>\n\n\n\n<p>Zde jsou pro na\u0161e budouc\u00ed zaznamen\u00e1na m\u00edsta, kde na\u0161li smrt n\u011bme\u010dt\u00ed voj\u00e1ci, kte\u0159\u00ed br\u00e1nili p\u0159\u00edstup k pevnosti Brno. V\u0161ichni jsou bezejmenn\u00ed. Jeden d\u016fstojn\u00edk je pochovan\u00fd u elektrick\u00e9ho sloupu venkovn\u00edho veden\u00ed, nyn\u00ed betonov\u00e9ho, p\u0159ed domem \u010d\u00edslo 19 pana Jaroslava Vl\u010dka. Dal\u0161\u00ed d\u016fstojn\u00edk je poh\u0159ben pod lipou na svahu vedle domku \u010d\u00edslo 210 p. Emila H\u00e1jka, nyn\u00ed pana Milana Bravence. V zahrad\u011b domu \u010d\u00edslo 32 pana Josefa Kratochv\u00edla le\u017e\u00ed pod mod\u0159\u00ednem voj\u00edn, jeho\u017e hodnost je nezn\u00e1m\u00e1. Za domem \u010d\u00edslo 146 pana Josefa La\u010d\u0148\u00e1ka je ulo\u017een v ak\u00e1t\u00ed jeden padl\u00fd, s hodnost\u00ed takt\u00e9\u017e nezn\u00e1mou. P\u0159ed domem \u010d\u00edslo 67 pana Rudolfa Bab\u00e1\u010dka byl v p\u0159edzahr\u00e1dce pod hru\u0161kou d\u016fl na \u0159epu a v n\u011bm si cht\u011bl jeden t\u011b\u017ece ran\u011bn\u00fd voj\u00e1k odpo\u010dinout, av\u0161ak na n\u00e1sledky zran\u011bn\u00ed tam zem\u0159el a na\u0161el v tom m\u00edst\u011b i sv\u016fj hrob. Pod domkem Emila H\u00e1jka \u010d\u00edslo 210 byla studna a vedle n\u00ed posekan\u00e9 ot\u00fdpky p\u0159ipraven\u00e9 na podpal, na nich sed\u011bl tak\u00e9 jeden t\u011b\u017ece zran\u011bn\u00fd a u\u017e neode\u0161el, zem\u0159el a z\u016fstal v tom m\u00edst\u011b poh\u0159ben\u00fd. V dome\u010dku p. Ladislava Soukupa \u010d\u00edslo 98 \/dnes O2\/ tak\u00e9 jeden smrteln\u011b ran\u011bn\u00fd zem\u0159el ve chl\u00e9v\u011b. U p. Franti\u0161ka Dobe\u0161e \u010d\u00edslo 215 naho\u0159e v zahrad\u011b jsou pochov\u00e1ni dva voj\u00edni a ve spodn\u00ed dvorn\u00ed \u010d\u00e1sti \/dnes septik\/ tak\u00e9 dva. Pod h\u0159bitovem p\u0159ed domkem \u010d\u00edslo 221 p. Jana Hrabce u plotu k panu J. \u0160krlovi \u010d\u00edslo 18 jsou pochov\u00e1ni dva voj\u00e1ci hodnosti nezn\u00e1m\u00e9. P\u0159ed domkem pan\u00ed Herm\u00edny Fialov\u00e9 \u010d\u00edslo 183 byla vykopan\u00e1 v\u011bt\u0161\u00ed j\u00e1ma na dva kon\u011b a s nimi tam byl poh\u0159ben tak\u00e9 jeden voj\u00e1k, hodnost nezn\u00e1m\u00e1. U bo\u017e\u00ed muky jsou Bohuslavem P\u00e1len\u00edkem pochov\u00e1ni dva voj\u00e1ci. V m\u00edstech, kde dnes stoj\u00ed d\u016fm \u010d\u00edslo 165 p. Adolfa Kavky \/pod kuchyn\u00ed\/ je pochov\u00e1n jeden voj\u00e1k, hodnost nezn\u00e1m\u00e1. T\u011bsn\u011b za h\u0159bitovn\u00ed zd\u00ed z v\u00fdchodn\u00ed strany je pochov\u00e1n jeden, hodnost nezn\u00e1m\u00e1. Na horn\u00edm konci posledn\u00ed domek na prav\u00e9 stran\u011b \u010d\u00edslo 176 p. Jana \u010cerm\u00e1ka, v p\u0159edzahr\u00e1dce, jsou pochov\u00e1ni dva, ve star\u00e9 ciheln\u011b u lehk\u00e9ho kulometu z\u016fstali takt\u00e9\u017e dva voj\u00e1ci. V hust\u00e9m ak\u00e1tov\u00e9m porostu v trati Netroufalky byli pochov\u00e1ni dva voj\u00e1ci a v trati D\u00edle u triangula\u010dn\u00edho bodu z\u016fstali u lehk\u00e9ho kulometu dal\u0161\u00ed dva. Na d\u00edlech u lesa v okopech pro stoj\u00edc\u00edho st\u0159elce padli na p\u0159edprsni sv\u00e9ho okopu t\u0159i voj\u00edni. Za Herbenov\u00fdm statkem \/dvorek Augustinov\/, pod kopcem Zumperkem v trati &#8222;P\u0159\u00edd\u011bly&#8220;, padli dva. Pod mez\u00ed odd\u011bluj\u00edc\u00ed D\u00edlky na kopci od vinohrad\u016f Harask\u00fd, z\u016fstali tak\u00e9 dva. Na \u00fapat\u00ed Nov\u00fdch hor k Boleradic\u00edm, v m\u00edstech, kde pozd\u011bji st\u00e1val v\u010del\u00edn, bylo asi minometn\u00e9 hn\u00edzdo a v n\u011bm pan Zden\u011bk Herben ze dvorku pochoval p\u011bt voj\u00e1k\u016f.<\/p>\n\n\n\n<figure class=\"wp-block-image size-large\"><img loading=\"lazy\" decoding=\"async\" width=\"500\" height=\"267\" src=\"http:\/\/www.symbivita.cz\/josefbabacek\/wp-content\/uploads\/2020\/08\/b9cba9d315_97010208_u.jpg\" alt=\"\" class=\"wp-image-120\" srcset=\"https:\/\/www.symbivita.cz\/josefbabacek\/wp-content\/uploads\/2020\/08\/b9cba9d315_97010208_u.jpg 500w, https:\/\/www.symbivita.cz\/josefbabacek\/wp-content\/uploads\/2020\/08\/b9cba9d315_97010208_u-300x160.jpg 300w\" sizes=\"(max-width: 500px) 100vw, 500px\" \/><figcaption>Bunkr, ve kter\u00e9m se ukr\u00fdval vlasovec<\/figcaption><\/figure>\n\n\n\n<p>D\u00e1le se domn\u00edv\u00e1m, \u017ee ji\u017e po vyhl\u00e1\u0161en\u00ed m\u00edru dne 9. kv\u011btna 1945 zlikvidovala\nv\u00edt\u011bzn\u00e1 arm\u00e1da p\u0159esn\u011b nezji\u0161t\u011bn\u00fd po\u010det zajat\u00fdch n\u011bmeck\u00fdch voj\u00e1k\u016f, kte\u0159\u00ed p\u0159ed\nt\u00edm byli soust\u0159ed\u011bni ve vysoko oplocen\u00e9 sokolovn\u011b a z\u00e1kladn\u00ed \u0161kole. Jejich\npo\u010det kol\u00eds\u00e1 od 40 do 60 mu\u017e\u016f. Dva z nich se pokusili o \u00fat\u011bk. Jeden byl\n\u00fasp\u011b\u0161n\u00fd. Snad stoj\u00ed je\u0161t\u011b za zm\u00ednku, \u017ee prvn\u00edch 5 n\u011bmeck\u00fdch \u017eenist\u016f bylo zajato\nu \u017eelezn\u00e9ho mostu p\u0159es svodnici vedouc\u00ed na Klobouky p\u0159i p\u0159\u00edprav\u011b jej vyhodit.\nSov\u011btsk\u00e9 hl\u00eddky byly rychlej\u0161\u00ed. Druh\u00fdch 5 se m\u00e1v\u00e1n\u00edm b\u00edl\u00fdm kusem pl\u00e1tna vzdalo\nna Srstkov\u011b mlat\u011b.<\/p>\n\n\n\n<p>N\u011bkdy po\u010d\u00e1tkem \u010dervna 1945 jsem se \u0161el pod\u00edvat na n\u00e1\u0161 vinohrad, kter\u00fd jsme\ntehdy m\u011bli v trati zv. Kr\u016f\u017eky (v\u00edno z n\u011bho bylo i na tu dobu t\u011b\u017ece piteln\u00e9).\nKdy\u017e jsem p\u0159ich\u00e1zel k lesu Kl\u00ednky, vid\u011bl jsem, \u017ee se bl\u00edzko b\u00fdval\u00e9ho bunkru\nvlasovec kope v\u011bt\u0161\u00ed j\u00e1ma. Hloubili ji do p\u016fl t\u011bla svle\u010den\u00ed n\u011bme\u010dt\u00ed voj\u00e1ci,\nhl\u00edd\u00e1ni t\u0159emi sov\u011btsk\u00fdmi samopaln\u00edky. Ti, jak m\u011b spat\u0159ili, vyp\u00e1lili do vzduchu\nt\u0159i kr\u00e1tk\u00e9 d\u00e1vky, kter\u00e9 m\u011b m\u011bly upozornit, abych neprodlen\u011b zmizel. Ani\u017e bych\nvid\u011bl vinohrad, rychle jsem uposlechl a nikdy v\u00edc se k tomuto m\u00edstu nep\u0159ibl\u00ed\u017eil.\nvelik\u00e1 \u0161koda. Pozd\u011bji jsme s p\u0159\u00e1teli toto m\u00edsto \u00faporn\u011b hledali. Nejd\u0159\u00edve\ndvakr\u00e1t v\u00fdkopovou technikou Lu\u010fka Michny z firmy Stavo\u010d Horn\u00ed Bojanovice ov\u0161em\noba pokusy bezv\u00fdsledn\u011b, p\u0159esto Lu\u010fkovi pat\u0159\u00ed v\u0159el\u00fd d\u00edk za mimo\u0159\u00e1dnou ochotu.\nPotom i s pomoc\u00ed policejn\u00ed helikopt\u00e9ry, bohu\u017eel op\u011bt marn\u011b. Jsem v\u0161ak\np\u0159esv\u011bd\u010den, \u017ee tam le\u017e\u00ed v\u0161ichni zajatci, kte\u0159\u00ed byli um\u00edst\u011bni v sokolovn\u011b a ve\n\u0161kole. Usuzuji tak proto, \u017ee p\u0159i zru\u0161en\u00ed tohoto &#8222;zajateck\u00e9ho t\u00e1bora&#8220;\na pak p\u0159i jeho \u00faklidu se tam nalezlo n\u011bkolik pokus\u016f o dopisy &#8222;Gosudaru\nStalinovi&#8220;, a j\u00e1 jsem tam na\u0161el jednu vojenskou kn\u00ed\u017eku, schovanou v\ndivadeln\u00ed n\u00e1pov\u011bdn\u00e9 budce. Jej\u00edm vlastn\u00edkem byl Raku\u0161an. Proto jsem si p\u0159i\njedn\u00e9 z n\u00e1v\u0161t\u011bv Rakouska dovolil zajet do jeho rodi\u0161t\u011b. Ostatn\u011b je to bl\u00edzko\nV\u00eddn\u011b, moje man\u017eelka Jarmila byla se mnou. Pan starosta obce Mauerbach mi \u0159ekl,\n\u017ee se jejich ob\u010dan Felix Berger nevr\u00e1til a padl. Abych se o tom p\u0159esv\u011bd\u010dil, \u017ee\njeho jm\u00e9no je vytesan\u00e9 na pomn\u00edku padl\u00fdch. M\u011bl pravdu. Proto usuzuji, kdy\u017e se\nnevr\u00e1til, \u017ee je zahrab\u00e1n se v\u0161emi ostatn\u00edmi 40 &#8211; 60 spoluzajatci na d\u00edlech u\nlesa Kl\u00ednky v Mork\u016fvk\u00e1ch. Mo\u017en\u00e1 se jejich poz\u016fstatky n\u011bkdy najdou. Ale je tak\u00e9\nmo\u017en\u00e9, \u017ee zem\u0159el v n\u011bkter\u00e9m jin\u00e9m zajateck\u00e9m t\u00e1bo\u0159e, tehdy Sov\u011btsk\u00e9m svazu.<\/p>\n\n\n\n<p><strong>III. Rekonstrukce v\u00e1le\u010dn\u00fdch boj\u016f z pohledu historika Marka Sekaniny<\/strong><\/p>\n\n\n\n<p><strong>\u0160t\u011bst\u00ed p\u0159eje p\u0159ipraven\u00fdm<\/strong><\/p>\n\n\n\n<p>N\u011bmci se p\u0159ipravovali na obranu tohoto \u00fazem\u00ed u\u017e dlouho p\u0159ed t\u00edm, ne\u017e sem\nfronta p\u0159i\u0161la. V prvn\u00ed f\u00e1zi budovali mj. protitankov\u00e9 p\u0159ek\u00e1\u017eky z kl\u00e1d hlavn\u011b na\nvjezdech do vesnic, p\u0159\u00edpadn\u011b na d\u016fle\u017eit\u00fdch k\u0159i\u017eovatk\u00e1ch p\u0159\u00edmo v obc\u00edch. Dal\u0161\u00ed krok\nspo\u010d\u00edval v budov\u00e1n\u00ed pozic pro p\u011bchotu, d\u011blost\u0159electvo a t\u011b\u017ekou techniku na\np\u0159\u00edhodn\u00fdch m\u00edstech. Jedn\u00edm takov\u00fdm m\u00edstem byl i lesn\u00ed mas\u00edv mezi obcemi Kobyl\u00ed,\nBrumovice, Mork\u016fvky, Boleradice, Horn\u00ed Bojanovice, N\u011bm\u010di\u010dky. Obrana zde byla\nkoncipov\u00e1na s ohledem na reli\u00e9f krajiny a p\u0159edpokl\u00e1dan\u00fd sm\u011br postupu \u00fato\u010d\u00edc\u00edch\nvojsk. Hlavn\u00ed d\u016fraz byl kladen na obranu nejp\u0159\u00edhodn\u011bj\u0161\u00edch p\u0159\u00edstup\u016f k lesu &#8211;\n\u00fadol\u00ed, zejm\u00e9na t\u011bch v\u011bt\u0161\u00edch, kudy vedly cesty. N\u011bmeck\u00e9 velen\u00ed rovn\u011b\u017e po\u010d\u00edtalo s\nmo\u017en\u00fdmi situacemi, kter\u00e9 mohly vzniknout b\u011bhem boj\u016f, t\u00fdkaj\u00edc\u00edch se p\u0159\u00edpadn\u00fdch\nlok\u00e1ln\u00edch \u00fasp\u011bch\u016f protivn\u00edka a tak\u00e9 s problematick\u00fdm veden\u00edm boje v \u010dlenit\u00e9m a\nlesem porostl\u00e9m ter\u00e9nu. Proto byly n\u011bkter\u00e9 pozice hlavn\u011b na h\u0159ebeni koncipovan\u00e9\njako kruhov\u00e1 obrana. Jak tedy vypadaly obrann\u00e9 pozice vybudovan\u00e9 v tomto\nprostoru? Byly to jednotliv\u00e9 okopy pro jednoho nebo dva mu\u017ee dopln\u011bn\u00e9 m\u00edsty o\nkulometn\u00e1 hn\u00edzda nebo pozice pro t\u011b\u017ek\u00e9 zbran\u011b, nap\u0159. minomety. Tyto pozice pak\ntvo\u0159ily bud linie, hlavn\u011b na okraj\u00edch nebo i v hloubce lesa &#8211; zde obvykle\nkop\u00edrovaly hlavn\u011b cesty nebo shluky, kter\u00e9 byly situov\u00e1ny na k\u0159i\u017eovatk\u00e1ch\nlesn\u00edch cest. Ov\u0161em ne v\u017edy plat\u00ed, \u017ee kdo je p\u0159ipraven, nen\u00ed ohro\u017een.<\/p>\n\n\n\n<p><strong>Bou\u0159e se bl\u00ed\u017e\u00ed<\/strong><\/p>\n\n\n\n<p>Sobota 14. dubna 1945. R\u00e1no \u00fatvary 243. st\u0159eleck\u00e9 divize 50. st\u0159eleck\u00e9ho sboru obsadily Moravskou Novou Ves a brzy se spojily se silami 228. st\u0159eleck\u00e9 divize 49. st\u0159eleck\u00e9ho sboru, kter\u00e9 dobyly Mikul\u010dice. Ob\u011b p\u0159edmost\u00ed na \u0159ece Morav\u011b se tak spojily v jedno velk\u00e9. P\u0159ed voj\u00e1ky 53. arm\u00e1dy a 1. gardov\u00e9 jezdecko-mechanizovan\u00e9 skupiny te\u010f le\u017eela dal\u0161\u00ed linie obrany n\u011bmeck\u00fdch jednotek. \u00datok zah\u00e1jila 6. st\u0159eleck\u00e1 divize n\u00e1porem ve sm\u011bru na Moravsk\u00fd \u017di\u017ekov. Po prolomen\u00ed obrann\u00fdch pozic p\u0159ed obc\u00ed vnikli rudoarm\u011bjci do vsi a obsadili ji, dal\u0161\u00ed postup i p\u0159es posilu 6. gardov\u00e9ho jezdeck\u00e9ho sboru v\u0161ak N\u011bmci br\u00e1n\u00edc\u00ed Velk\u00e9 B\u00edlovice zastavili. N\u00e1sledoval v\u00fdpad 243. st\u0159eleck\u00e9 divize z T\u00fdnce a Mor. Nov\u00e9 Vsi na Pru\u0161\u00e1nky. Obrana, slo\u017een\u00e1 z \u010d\u00e1st\u00ed 711. p\u011b\u0161\u00ed divize a 21. policejn\u00edho pluku SS se zde zcela zhroutila. Do vznikl\u00e9ho vlomu byli nasazeni koz\u00e1ci 4. gardov\u00e9ho jezdeck\u00e9ho sboru, kte\u0159\u00ed zam\u00ed\u0159ili vinicemi k Nov\u00e9mu Poddvorovu a Vrbici. I p\u0159es odpor n\u011bmeck\u00fdch voj\u00e1k\u016f byla obec kolem 18. hodiny obsazena a \u00fato\u010dn\u00edci pokra\u010dovali d\u00e1le na Kobyl\u00ed. Zat\u00edmco samotnou vesnici N\u011bmci nijak nebr\u00e1nili a Rusov\u00e9 ji o 20. hodin\u011b bez probl\u00e9m\u016f obsadili, v prostoru Velk\u00e9ho vrchu do\u0161lo k tvrd\u00e9mu st\u0159etu, ve kter\u00e9m byly zni\u010deny t\u0159i sov\u011btsk\u00e9 tanky a pobl\u00ed\u017e n\u00e1vr\u0161\u00ed, na Str\u00e1\u017ek\u00e1ch, n\u011bmeck\u00fd obrn\u011bn\u00fd transport\u00e9r. V Kobyl\u00ed se rusk\u00fdm voj\u00e1k\u016fm poda\u0159ilo zajistit nepo\u0161kozen\u00fd most p\u0159es Trkmanku. Prav\u00fd soused t\u011bchto jednotek, 228. st\u0159eleck\u00e1 divize vyu\u017eila tohoto \u00fasp\u011bchu a vyrazila z Mikul\u010dic na Doln\u00ed Bojanovice a Josefov, po jejich obsazen\u00ed zam\u00ed\u0159ila p\u0159es Star\u00fd Poddvorov na \u010cejkovice, kam dosp\u011bla p\u0159ibli\u017en\u011b v dob\u011b, kdy koz\u00e1ci obsadili Kobyl\u00ed. Zbytek 49. st\u0159el. sboru &#8211; 110. gardov\u00e1 a 203. st\u0159eleck\u00e1 divize vedly tvrd\u00e9 boje o Dub\u0144any a les Doubrava. Rovn\u011b\u017e sov\u011btsk\u00e9 letectvo vyv\u00edjelo velkou aktivitu a napadalo kolony ustupuj\u00edc\u00edch n\u011bmeck\u00fdch \u00fatvar\u016f na silnic\u00edch a cest\u00e1ch \/nap\u0159. v okol\u00ed \u010cejkovic\/ a jejich soust\u0159ed\u011bn\u00ed ve vesnic\u00edch\/ \u010cejkovice, Vrbice, Bo\u0159etice a Velk\u00e9 Pavlovice\/. Tak\u00e9 n\u011bme\u010dt\u00ed letci se zapojili do boj\u016f a podporovali obrann\u00e9 akce pozemn\u00edch jednotek pr\u016fzkumn\u00fdmi lety i n\u00e1lety na sov\u011btsk\u00e9 s\u00edly, mj. v Moravsk\u00e9m \u017di\u017ekov\u011b. Jednotky dr\u017e\u00edc\u00ed Kobyl\u00ed vyslaly pr\u016fzkumn\u00e9 hl\u00eddky k Brumovic\u00edm a Mork\u016fvk\u00e1m. V sov\u011btsk\u00e9m t\u00fdlu ve\u010der prob\u011bhly rozs\u00e1hl\u00e9 p\u0159esuny. Ze Slovenska se p\u0159esunuly \u00fatvary 7. mechanizovan\u00e9ho sboru a rozm\u00edstily se tak, aby p\u0159\u00ed\u0161t\u00edho dne zas\u00e1hly do prob\u00edhaj\u00edc\u00edch boj\u016f jako sou\u010d\u00e1st dvou \u00fadern\u00fdch uskupen\u00ed-ji\u017en\u00ed postupuj\u00edc\u00ed na Brno po silnici od B\u0159eclavi a severn\u00ed sm\u011b\u0159uj\u00edc\u00ed k t\u00e9mu\u017e c\u00edli pod\u00e9l silnice vedouc\u00ed z Hodon\u00edna. <\/p>\n\n\n\n<p>Ned\u011ble 15. dubna 1945. P\u011bchota znovu vyrazila do \u00fatoku jako prvn\u00ed. Za\u010d\u00e1tek\nov\u0161em nebyl zcela ide\u00e1ln\u00ed, jednotky RA shrom\u00e1\u017ed\u011bn\u00e9 v pol\u00edch na okraj\u00edch Kobyl\u00ed\nbyly hned zr\u00e1na napadeny n\u011bmeck\u00fdmi letouny. Voj\u00e1ci bojuj\u00edc\u00ed na prav\u00e9m k\u0159\u00eddle\n243. st\u0159eleck\u00e9 divize zam\u00ed\u0159ili z Vrbice a Kobyl\u00ed p\u0159es Trkmanku do kopc\u016f sm\u011brem\nna Horn\u00ed Bojanovice z\u0159ejm\u011b u\u017e \u010dasn\u011b r\u00e1no, snad je\u0161t\u011b za tmy. N\u011bmeck\u00e9 jednotky\ndr\u017e\u00edc\u00ed pozice na okraj\u00edch les\u016f i v hloubce lesn\u00edho porostu n\u00e1por nevydr\u017eely a\nustoupily k Horn\u00edm Bojanovic\u00edm, N\u011bm\u010di\u010dk\u00e1m a Mork\u016fvk\u00e1m. Rudoarm\u011bjci je\npron\u00e1sledovali a brzy pronikli na ji\u017en\u00ed okraj Mork\u016fvek. Zde v\u0161ak byli zastaveni\na n\u00e1sledn\u011b vytla\u010deni zp\u00e1tky na n\u00e1vr\u0161\u00ed Ochoze, kde se situace stabilizovala.\nV\u011bt\u0161\u00ed \u010d\u00e1st 243. st\u0159eleck\u00e9 divize byla ov\u0161em v\u00e1z\u00e1na boji o Bo\u0159etice a N\u011bm\u010di\u010dky.\nObrana Bo\u0159etic byla pos\u00edlena tanky a protitankov\u00fdmi d\u011bly a sv\u00e9 pozice vyklidila\na\u017e ve\u010der, kdy se rusk\u00fdm sil\u00e1m v sousedn\u00edm \u00faseku &#8211; 6. st\u0159eleck\u00e9 divizi a\n16.machanizovan\u00e9 brig\u00e1d\u011b &#8211; poda\u0159ilo obsadit Velk\u00e9 Pavlovice a Starovi\u010dky.\nNapravo od 243. st\u0159eleck\u00e9 divize se rozvinuly do \u00fatoku 228. st\u0159eleck\u00e1 a 110.\ngardov\u00e1 st\u0159eleck\u00e1 divize. Jejich c\u00edlem bylo ovl\u00e1dnut\u00ed silnice Brno-Hodon\u00edn v\n\u00faseku \u010cej\u010d &#8211; Klobouky. Proto byly tyto divize podpo\u0159eny 64. mechanizovanou a\n41. gardovou tankovou brig\u00e1dou. Rudoarm\u011bjc\u016fm se poda\u0159ilo dob\u00fdt \u010cej\u010d a Terez\u00edn,\nale utrp\u011bli citeln\u00e9 ztr\u00e1ty na lidech i technice a n\u011bmeck\u00e9 jednotky br\u00e1n\u00edc\u00ed\nprostor Krumv\u00ed\u0159e dal\u0161\u00ed postup RA zastavily. V \u00faseku 243.st\u0159el.divize se mezit\u00edm\nt\u011bsn\u011b za pozicemi p\u011bchoty za\u010daly shroma\u017edovat koz\u00e1ck\u00e9 \u00fatvary \u010d\u00e1sti 4.gardov\u00e9ho\njezdeck\u00e9ho sboru.Jejich p\u0159esun v\u0161ak neunikl pozornosti Luftwaffe. N\u011bmeck\u00e9\nstroje Focke-wulf Fw 190 od t\u0159et\u00ed skupiny 10. bitevn\u00ed eskadry n\u011bkolikr\u00e1t\nnapadly p\u0159esunuj\u00edc\u00ed se kolony jezdc\u016f i ko\u0148sk\u00fdch potah\u016f. Dva \u00fatoky se odehr\u00e1ly\np\u0159\u00edmo v Kobyl\u00ed &#8211; prvn\u00ed provedla o p\u016fl des\u00e1t\u00e9 \u010dtve\u0159ice letoun\u016f na odd\u00edl j\u00edzdy,\nkter\u00fd z\u016fstal st\u00e1t u ml\u00fdna. V\u00fdsledkem opakovan\u00fdch zte\u010d\u00ed t\u00e9to formace bylo 18\nmrtv\u00fdch koz\u00e1k\u016f, dal\u0161\u00edch 7 bylo zran\u011bno, 60 mrtv\u00fdch kon\u00ed, byl t\u011b\u017ece zran\u011bn jeden\nz m\u00edstn\u00edch ob\u010dan\u016f a po\u0161kozeny dva domy v Zelni\u010dk\u00e1ch a ml\u00fdn, druh\u00fd p\u0159i\u0161el o\nhodinu pozd\u011bji, kdy\u017e byl rusk\u00fd tr\u00e9n shrom\u00e1\u017ed\u011bn\u00fd na Such\u00e9m \u0158\u00e1dku napaden dv\u011bma\nn\u011bmeck\u00fdmi stroji. Tento \u00fatok st\u00e1l \u017eivoty 38 kon\u00ed, 2 rusk\u00fdch voj\u00e1k\u016f a t\u0159\u00ed\nm\u00edstn\u00edch chlapc\u016f, byl pobo\u0159en jeden d\u016fm a dva sklepy. Dal\u0161\u00ed n\u00e1lety postihly kolony\nsm\u011b\u0159uj\u00edc\u00ed z vesnice k Pansk\u00e9mu lesu. Pod L\u00e1cary tak p\u0159i\u0161li o \u017eivot dal\u0161\u00ed kon\u011b a\nvoj\u00e1ci. Koz\u00e1ci postupn\u011b vyst\u0159\u00eddali \u00fatvary na prav\u00e9m k\u0159\u00eddle 243. st\u0159eleck\u00e9\ndivize a p\u0159evzali tak \u00fasek od Ochoz\u016f po Kuntinov. Z\u00e1rove\u0148 za\u010dala skupina mu\u017e\u016f z\ndoln\u00ed \u010d\u00e1sti Kobyl\u00ed pod dohledem rusk\u00fdch \u017eenist\u016f upravovat jednu z lesn\u00edch cest\nstoupaj\u00edc\u00edch z Kobylsk\u00e9ho \u00fadol\u00ed na Ochoze tak, aby j\u00ed mohly projet tanky. Tyto\npr\u00e1ce trvaly a\u017e do brzk\u00e9ho r\u00e1na p\u0159\u00ed\u0161t\u00edho dne. Koz\u00e1ci ve\u010der provedli v\u00fdpad z\nKuntinova do p\u0159edpol\u00ed Boleradic a poda\u0159ilo se jim po kr\u00e1tk\u00e9m boji obsadit\nBoleradick\u00fd ml\u00fdn, v boji zde padlo 5 sov\u011btsk\u00fdch a 2 n\u011bme\u010dt\u00ed voj\u00e1ci. Sov\u011btsk\u00e9\nletectvo po cel\u00fd den napadalo dopravu na silnic\u00edch a \u017eelezni\u010dn\u00edch trat\u00edch &#8211;\nzejm\u00e9na na silnic\u00edch Slavkov &#8211; \u017daro\u0161ice a Bu\u010dovice &#8211; \u017dd\u00e1nice, d\u00e1le pak\n\u017eelezni\u010dn\u00ed stanice ve Slavkov\u011b a Bu\u010dovic\u00edch &#8211; ve snaze zabr\u00e1nit protivn\u00edkovi\np\u0159\u00edsun posil pro br\u00e1nic\u00ed se jednotky b\u011bhem n\u00e1sleduj\u00edc\u00edch hodin. Zkr\u00e1tka\nnep\u0159i\u0161la ani podpora \u00fato\u010d\u00edc\u00edch vojsk, v r\u00e1mci n\u00ed\u017e rusk\u00e9 letouny \u00fato\u010dily hlavn\u011b\nna soust\u0159ed\u011bn\u00ed \u00fatvar\u016f 8. tankov\u00e9 divize v prostoru Krumv\u00ed\u0159 &#8211; Klobouky a \u010d\u00e1sti\ntankov\u00e9 divize Feldherrenhalle 2 v Horn\u00edch Bojanovic\u00edch. Tento den ov\u0161em byl\nv\u00fdjime\u010dn\u00fd i jinak. Jednotky 72. arm\u00e1dn\u00edho sboru byly spolu s tankovou diviz\u00ed\nFeldherrenhalle 1 z tankov\u00e9ho sboru Feldherrenhalle p\u0159eveleny ze stavu 8.\narm\u00e1dy skupiny arm\u00e1d Jih pod velen\u00ed 1. tankov\u00e9 arm\u00e1dy skupiny arm\u00e1d St\u0159ed. Nov\u011b\nstanoven\u00e9 rozhran\u00ed mezi ob\u011bma arm\u00e1dami &#8211; skupinami arm\u00e1d nyn\u00ed tvo\u0159ily \u0159eky Dyje\na Svratka. D\u016fvodem tohoto kroku byl p\u0159edpokl\u00e1dan\u00fd c\u00edl nyn\u011bj\u0161\u00edho \u00fatoku RA-tedy\nBrno. Jednotky lev\u00e9ho k\u0159\u00eddla 8. arm\u00e1dy by p\u0159i zachov\u00e1n\u00ed p\u016fvodn\u00edho stavu byly\nvytla\u010deny na prav\u00e9 k\u0159\u00eddlo 1. tankov\u00e9 arm\u00e1dy, co\u017e by nutn\u011b vedlo ke komplikac\u00edm\nv koordinaci veden\u00ed boje obou arm\u00e1d. Jak se uk\u00e1\u017ee v n\u00e1sleduj\u00edc\u00edch hodin\u00e1ch a\ndnech, nebylo to \u00fapln\u011b \u0161\u0165astn\u00e9 rozhodnut\u00ed, zvl\u00e1\u0161t\u011b co se t\u00fdk\u00e1 obou tankov\u00fdch\ndiviz\u00ed Feldherrenhalle.<\/p>\n\n\n\n<p>Pond\u011bl\u00ed 16. dubna 1945. U\u017e po p\u016flnoci za\u010daly jednotky tankov\u00e9 divize\nFeldherrenhalle 2, tedy \u010d\u00e1sti tankov\u00e9ho sboru Feldherrenhalle vykl\u00edzet sv\u00e9\npozice a ustupovat za linii \u0159ek Dyje a Svratky, ponech\u00e1vaj\u00edc jen slab\u00e9 zadn\u00ed\nvoje ve vesnic\u00edch. Na\u010dasov\u00e1n\u00ed tohoto kroku v\u0161ak p\u0159ineslo doslova pohromu pro\np\u011b\u0161\u00ed jednotky prav\u00e9ho k\u0159\u00eddla 72. arm\u00e1dn\u00edho sboru, 711. p\u011b\u0161\u00ed divizi, kter\u00e1 se\nteprve p\u0159esouvala a zauj\u00edmala novou obrannou linii. Rusov\u00e9 toti\u017e tento pohyb\nn\u011bmeck\u00fdch jednotek zaregistrovali a je\u0161t\u011b v noci zah\u00e1jili postup vp\u0159ed. Po\np\u016flnoci tedy padly t\u00e9m\u011b\u0159 bez boje N\u011bm\u010di\u010dky a brzy r\u00e1no po kr\u00e1tk\u00e9m st\u0159etu i\nHorn\u00ed Bojanovice. Odtud u\u017e se koz\u00e1ck\u00e9 jednotky &#8211; \u010d\u00e1st 6. gardov\u00e9ho jezdeck\u00e9ho sboru\n&#8211; a p\u011bchota 243. st\u0159el. divize rozvinuly sm\u011brem k Nikol\u010dic\u00edm a Kurd\u011bjovu. V\nz\u00e1v\u011bru dne tak byla 711. p\u011b\u0161\u00ed divize do\u010dasn\u011b obkl\u00ed\u010dena v prostoru Velk\u00fdch\nN\u011bm\u010dic. Situace se sice zm\u011bnila, c\u00edle v\u0161ak z\u016fstaly stejn\u00e9. Zat\u00edmco pln\u011bn\u00ed\nbojov\u00fdch \u00fakol\u016f ur\u010den\u00fdch pro ji\u017en\u00ed \u00fadern\u00e9 uskupen\u00ed podstatn\u011b usnadnilo no\u010dn\u00ed\nvyklizen\u00ed pozic a n\u00e1sledn\u00fd \u00fastup jednotek tankov\u00e9ho sboru Feldherrenhalle na\nnov\u011b stanoven\u00e9 rozhran\u00ed mezi ob\u011bma arm\u00e1dami &#8211; 8. arm\u00e1dou skupiny arm\u00e1d Jih a 1.\ntankovou arm\u00e1dou skupiny arm\u00e1d St\u0159ed, severn\u00ed formaci op\u011bt \u010dekaly tvrd\u00e9 boje.\nR\u00e1no se po Tankov\u00e9 cest\u011b p\u0159esunula tankov\u00e1 jednotka \/snad jeden z prapor\u016f 41.\ngardov\u00e9 tankov\u00e9 brig\u00e1dy\/ a zaujala vy\u010dk\u00e1vac\u00ed postaven\u00ed t\u011bsn\u011b za pozicemi\nkoz\u00e1k\u016f. \u010c\u00e1st p\u0159\u00edslu\u0161n\u00edk\u016f jezdectva, ov\u0161em bez kon\u00ed, byla ur\u010dena jako doprovodn\u00e1\np\u011bchota. \u00datok byl zah\u00e1jen d\u011blost\u0159eleckou palbou a rovn\u011b\u017e i \u00fatoky rusk\u00e9ho\nletectva na uzly odporu, nap\u0159. na n\u011bmeck\u00e9 pozice na n\u00e1vr\u0161\u00ed Hrad nad\nBoleradicemi. Pot\u00e9 vyrazily pozemn\u00ed jednotky na zte\u010d. Po p\u0159ekon\u00e1n\u00ed odporu\nn\u011bmeck\u00fdch voj\u00e1k\u016f na okraji obce vnikli prvn\u00ed rudoarm\u011bjci do vsi, a to nejprve\npo silnici od Boleradic, pozd\u011bji i \u00fadol\u00edm od lesa. N\u011bmeck\u00e9 \u00fatvary byly brzy\nvytla\u010deny z vesnice a zt\u00e1hly se ke Klobouk\u016fm. Rusk\u00fd \u00fatok m\u011bl ov\u0161em pokra\u010dovat\nd\u00e1le na m\u011bste\u010dko, jen\u017ee tr\u00e9ny vezouc\u00ed hlavn\u011b munici a dal\u0161\u00ed materi\u00e1l se staly\nc\u00edlem n\u011bmeck\u00fdch bitevn\u00edch pilot\u016f. Na Tankov\u00e9 nebo n\u011bm\u010di\u010dsk\u00e9 cest\u011b, ale i na\ndal\u0161\u00edch lesn\u00edch cest\u00e1ch na katastru Kobyl\u00ed, Mork\u016fvek a Boleradic, tak do\u0161lo k\nmasakr\u016fm nevinn\u00fdch zv\u00ed\u0159at. Mrtvoly kon\u00ed, p\u0159evr\u017een\u00e9 vozy a rozh\u00e1zen\u00fd materi\u00e1l\npak zatarasily tyto d\u016fle\u017eit\u00e9 komunikace a znemo\u017enily p\u0159\u00edsun pot\u0159ebn\u00fdch posil.\nNa sousedn\u00edch \u00fasec\u00edch byl odpor protivn\u00edka podstatn\u011b v\u011bt\u0161\u00ed. Kavalerist\u00e9 \u00fato\u010d\u00edc\u00ed\nna Boleradice byli odra\u017eeni a p\u011b\u0161\u00e1ci 228. st\u0159eleck\u00e9 divize podporovan\u00ed stroji\n2. praporu 41. gardov\u00e9 tankov\u00e9 brig\u00e1dy jen zt\u011b\u017eka dob\u00fdvali d\u016fm za domem v\nBrumovic\u00edch. Teprve \u00fader koz\u00e1k\u016f z lesa Obraky donutil n\u011bmeck\u00e9 obr\u00e1nce ve\nve\u010dern\u00edch hodin\u00e1ch vyklidit pozice a ustoupit za Harasku, ke Krumv\u00ed\u0159i a\nKlobouk\u016fm. \u010c\u00e1st rusk\u00fdch jednotek je pron\u00e1sledovala a pronikla tzv. brumovickou\ncestou do p\u0159edpol\u00ed m\u011bste\u010dka. Jin\u00e1 \u010d\u00e1st pak ovl\u00e1dla n\u00e1vr\u0161\u00ed St\u00e1dliska a\np\u0159ibl\u00ed\u017eila se tak na dohled ke Krumv\u00ed\u0159i. Ob\u011b tato m\u00edsta &#8211; Krumv\u00ed\u0159 i Klobouky &#8211;\nbyly po cel\u00fd den napad\u00e1ny rusk\u00fdmi letouny. Rovn\u011b\u017e ve vzduchu bylo chv\u00edlemi\npo\u0159\u00e1dn\u011b horko. Nad lini\u00ed fronty se odehr\u00e1la \u0159ada leteck\u00fdch boj\u016f. P\u0159i jednom z\nnich jeden z n\u011bmeck\u00fdch bitevn\u00edch letoun\u016f nouzov\u011b odhodil pumu nad doln\u00ed \u010d\u00e1st\u00ed\nKobyl\u00ed a jej\u00ed exploz\u00ed byl pobo\u0159en jeden d\u016fm, zabit jeden z m\u00edstn\u00edch mu\u017e\u016f a\nzran\u011bna jedna \u017eena. P\u0159i jin\u00e9m byl v boji sest\u0159elen\/jin\u00fd zdroj ov\u0161em tvrd\u00ed, \u017ee\ndo\u0161lo ke sr\u00e1\u017ece s letounem nep\u0159\u00edtele \/ stroj Jak-9 podporu\u010d\u00edka Konstantina\nSt\u011bpanovi\u010de Maenka ze 122. st\u00edhac\u00edho pluku 331. st\u00edh. divize. Ho\u0159\u00edc\u00ed letoun\ndopadl na katastru N\u011bm\u010di\u010dek. Patrn\u011b b\u011bhem tohoto boje vyp\u00e1len\u00e9 st\u0159ely z palubn\u00edch\nzbran\u00ed v t\u00e9to vesnici po\u0161kodily st\u0159echy n\u011bkolika budov a jednomu hospod\u00e1\u0159i\nzabily 2 kon\u011b a kr\u00e1vu. B\u011bhem dal\u0161\u00edho st\u0159etu n\u00e1rokovali sest\u0159el bitevn\u00edch\nletoun\u016f Focke-wulf Fw 190 v prostoru obce N\u011bm\u010di\u010dky a severoz\u00e1padn\u011b od Kobyl\u00ed\ndva piloti 150. gardov\u00e9ho st\u00edhac\u00edho pluku 13. Gardov\u00e9 st\u00edhac\u00ed divize &#8211; por.\n\u0160i\u0161kin a ppor. Bekkerman. Jin\u00fd pilot, ppor. Machaldiani ze 151. gardov\u00e9ho\nst\u00edhac\u00edho pluku t\u00e9\u017ee divize m\u011bl sest\u0159elit nad Kobyl\u00edm st\u00edha\u010dku Messerschmidt Bf\n109. Na nebi se vedle dosud p\u016fsob\u00edc\u00edch jednotek 4. leteck\u00e9 arm\u00e1dy ze skupiny\narm\u00e1d Jih, tedy bitevn\u00edk\u016f ze 3. skupiny 10. bitevn\u00ed eskadry a st\u00edha\u010d\u016f druh\u00e9\nskupiny 52. st\u00edhac\u00ed a z 1. skupiny 53. st\u00edhac\u00ed eskadry, poprv\u00e9 objevili i mu\u017ei\nz 1. skupiny 4. bitevn\u00ed eskadry, kte\u0159\u00ed do tohoto dne p\u016fsobili pouze ve Slezsku.\nTakto tedy prob\u011bhlo st\u0159\u00edd\u00e1n\u00ed str\u00e1\u017e\u00ed i na nebi nad frontou. N\u011bme\u010dt\u00ed piloti\nn\u00e1rokovali ten den min. sest\u0159elen\u00ed \u0161esti a po\u0161kozen\u00ed jednoho letounu nep\u0159\u00edtele.\nNej\u010dast\u011bj\u0161\u00edmi protivn\u00edky letc\u016f Luftwaffe byli pos\u00e1dky bitevn\u00edch a st\u00edhac\u00edch\nletadel 5. bitevn\u00edho sboru \/4. gardov\u00e1 a 264. bitevn\u00ed leteck\u00e1 divize a 331.\nst\u00edhac\u00ed leteck\u00e1 divize\/, kter\u00e9 prov\u00e1d\u011bly leteckou podporu pozemn\u00edch vojsk a\nrovn\u011b\u017e i 13. gardov\u00e9 st\u00edhac\u00ed leteck\u00e9 divize ze 3. gardov\u00e9ho st\u00edhac\u00edho leteck\u00e9ho\nsboru, je\u017e plnila \u00fakoly vzdu\u0161n\u00e9ho kryt\u00ed pozemn\u00edch vojsk.<\/p>\n\n\n\n<p><strong>C\u00edl Klobouky<\/strong><\/p>\n\n\n\n<p>\u00dater\u00fd 17. dubna 1945. Nade\u0161el rozhoduj\u00edc\u00ed den v bitv\u011b o p\u0159\u00edstup k Brnu.\nJednotky RA m\u011bly na dosah d\u016fle\u017eit\u00fd bod na silnici Hodon\u00edn-Brno &#8211; Klobouky.\nProtivn\u00edk jej ov\u0161em d\u016fkladn\u011b p\u0159ipravil k obran\u011b. Snad nejv\u00edce byl opevn\u011bn pr\u00e1v\u011b\np\u0159\u00edstup \u00fadol\u00edm od Mork\u016fvek. N\u00e1vr\u0161\u00ed nad m\u011bste\u010dkem, kter\u00e9mu dominoval star\u00fd\nv\u011btrn\u00fd ml\u00fdn (zni\u010den d\u011blost\u0159eleck\u00fdm z\u00e1sahem brzy odpoledne dne 16. dubna 1945),\nbylo rozryto mno\u017estv\u00edm z\u00e1kop\u016f a pozic. Dal\u0161\u00ed op\u011brn\u00fd bod obrany byl vybudov\u00e1n v\nparku u h\u0159bitova. Nep\u0159\u00edzniv\u00fd v\u00fdvoj na sousedn\u00edm \u00faseku &#8211; proniknut\u00ed koz\u00e1ck\u00fdch\njednotek do prostoru Nikol\u010dice &#8211; K\u0159epice z p\u0159edchoz\u00edho dne a brzy r\u00e1no i\np\u0159ekvapiv\u00e9 obsazen\u00ed \u0160itbo\u0159ic a T\u011b\u0161an a t\u00edm i zablokov\u00e1n\u00ed d\u016fle\u017eit\u00e9 \u00fastupov\u00e9\ntrasy na Brno &#8211; ned\u00e1valo jednotk\u00e1m 46. divize lidov\u00fdch gran\u00e1tn\u00edk\u016f a 8. tankov\u00e9\ndivize velk\u00e9 \u0161ance na dlouhodobou obranu m\u011bste\u010dka. P\u0159esto v\u0161ak museli \u00fato\u010dn\u00edci\npo\u010d\u00edtat s tvrd\u00fdm odporem. P\u011b\u0161\u00e1ci ustoupiv\u0161\u00ed z Mork\u016fvek obsadili dopoledne 16.\ndubna pozice na n\u00e1vr\u0161\u00ed, po setm\u011bn\u00ed je pos\u00edlily tanky a obrn\u011bn\u00e1 vozidla 8. tankov\u00e9\ndivize, kter\u00e9 se rozm\u00edstily za liniemi z\u00e1kop\u016f tak, aby mohly svoj\u00ed palbou\npodporovat boj p\u011bchoty, p\u0159\u00edp. prov\u00e1d\u011bt p\u0159ekvapiv\u00e9 proti\u00fatoky. \u00datok RA za\u010dal v 5\nhodin r\u00e1no 17. dubna a to na cel\u00e9m \u00faseku, tedy v p\u00e1smu od v\u00fd\u0161in u Karl\u00edna p\u0159es\nTerez\u00edn a Brumovice a\u017e po Mork\u016fvky. \u00datok koz\u00e1k\u016f \u00fadol\u00edm od Mork\u016fvek zakol\u00edsal\nd\u00edky zu\u0159iv\u00e9mu odporu n\u011bmeck\u00fdch \u00fatvar\u016f dr\u017e\u00edc\u00edch pozice na n\u00e1vr\u0161\u00edch, kter\u00fd\nneustal ani pot\u00e9, co museli N\u011bmci p\u0159ed polednem ustoupit do dom\u016f na ji\u017en\u00edm\nokraji Klobouk. Op\u011b\u0161al\u00fdm jezdc\u016fm podporovan\u00fdm tanky, t\u011b\u017ece zkou\u0161en\u00fdm palbou\nn\u011bmeck\u00fdch d\u011bl a n\u00e1lety letoun\u016f Luftwaffe, nakonec pomohl \u00fasp\u011bch p\u011b\u0161\u00e1k\u016f a\nmotost\u0159elc\u016f v sousedn\u00edm \u00faseku, v prostoru Karl\u00edn &#8211; Terez\u00edn &#8211; Brumovice. Ti\nkolem 14. hodiny dobyli Krumv\u00ed\u0159 a o p\u016fl t\u0159et\u00ed i \u017eelezni\u010dn\u00ed stanici Klobouky a probojov\u00e1vali\nse st\u00e1le bl\u00ed\u017ee k m\u011bstu. Kdy\u017e Rusov\u00e9 obsadili o 17. hod. i Ka\u0161nici a postoupili\nke h\u0159bitovu, za\u010daly n\u011bmeck\u00e9 jednotky opou\u0161t\u011bt sv\u00e9 dosavadn\u00ed pozice a stahovat\nse z m\u011bsta do les\u016f a pod\u00e9l silnice sm\u011brem na Martinice a na kopce severn\u011b od\nm\u011bsta. Koz\u00e1ci je pron\u00e1sledovali. T\u00e9ho\u017e dne se svobody do\u010dkali i lid\u00e9 v\nBoleradic\u00edch. N\u011bmci u\u017e p\u0159edchoz\u00edho dne ve\u010der ustoupili z vesnice \u00fadol\u00edm Harasky\nk Div\u00e1k\u016fm a ponechali zde jen zadn\u00ed voj. N\u00e1sleduj\u00edc\u00ed r\u00e1no, v 5 hodin za\u010dal \u00fatok\ni zde a to d\u011blost\u0159eleckou palbou na n\u011bmeck\u00e9 pozice. V 8 hodin se prvn\u00ed koz\u00e1ck\u00e9\nodd\u00edly zachytily na v\u00fdchodn\u00edm okraji obce, v deset pak sov\u011bt\u0161t\u00ed voj\u00e1ci\nrozebrali d\u0159ev\u011bnou PT barik\u00e1du na doln\u00edm konci vesnice, vy\u010distili jej\u00ed okol\u00ed od\nmin a 10 rusk\u00fdch tank\u016f projelo obc\u00ed a zam\u00ed\u0159ilo k Div\u00e1k\u016fm. T\u011bsn\u011b p\u0159ed Div\u00e1ck\u00fdm\nml\u00fdnem v\u0161ak narazili na rozhodn\u00fd odpor a po hodin\u011b boje z\u016fstaly na bitevn\u00edm\npoli dva zni\u010den\u00e9 sov\u011btsk\u00e9 tanky a 17 padl\u00fdch voj\u00e1k\u016f. \u00datvary RA se st\u00e1hly zp\u011bt\ndo Boleradic. Na nebi bylo op\u011bt ru\u0161no. Ob\u011b bojuj\u00edc\u00ed strany nasadily v hojn\u00e9\nm\u00ed\u0159e sv\u00e9 vzdu\u0161n\u00e9 s\u00edly k podpo\u0159e pozemn\u00edch sil a do\u0161lo i k n\u011bkolika st\u0159etnut\u00edm,\ndo nich\u017e toho dne zas\u00e1hli poprv\u00e9 st\u00edha\u010di 2. skupiny 77. st\u00edhac\u00ed eskadry. V\npr\u016fb\u011bhu jednoho z t\u011bchto souboj\u016f npor. Vasilij Petrovi\u010d Torubalko ze 151.\ngardov\u00e9ho st\u00edhac\u00edho pluku 13. gardov\u00e9 st\u00edhac\u00ed divize m\u011bl sest\u0159elit n\u011bmeck\u00fd\nFocke-wulf Fw-190 v prostoru Boleradic, jin\u00fd sov\u011btsk\u00fd st\u00edha\u010d, zat\u00edm nezn\u00e1m\u00fd,\npak zv\u00edt\u011bzil nad st\u00edha\u010dkou Messerschmidt Bf-109, kter\u00e1 se z\u0159\u00edtila na\nhospod\u00e1\u0159sk\u00e9 budovy dom\u016f \u010d. 198 a 199 v Mork\u016fvk\u00e1ch. Jej\u00ed pilot, prapor\u010d\u00edk\nAlschewski, p\u0159\u00edslu\u0161n\u00edk druh\u00e9 skupiny 77. st\u00edhac\u00ed eskadry zahynul v trosk\u00e1ch\nstroje.<\/p>\n\n\n\n<p><strong>IV. Ji\u017e se nevr\u00e1tili<\/strong><\/p>\n\n\n\n<p>SEZNAM PADL\u00ddCH SOV\u011aTSK\u00ddCH VOJ\u00c1K\u016e p\u0159i\nosvobozov\u00e1n\u00ed obce Mork\u016fvky<\/p>\n\n\n\n<p>Po otev\u0159en\u00ed vojensk\u00fdch tajn\u00fdch arch\u00edv\u016f v\nRusku se poda\u0159ilo pan\u00ed Soni Hole\u010dkov\u00e9 a Ji\u0159\u00edmu Nov\u00e1kovi &#8211; Skl\u00ed\u010dkovi z Brna\nnav\u00e1zat kontakt s d\u016fstojn\u00edkem, zam\u011bstnancem toho za\u0159\u00edzen\u00ed a v\u00fdsledek se\ndostavil. Za jejich \u00fasil\u00ed, laskavost a neoby\u010dejnou ochotu jim pat\u0159\u00ed v\u0159el\u00e9\npod\u011bkov\u00e1n\u00ed.<\/p>\n\n\n\n<p>V jin\u00fdch arch\u00edvech se mn\u011b poda\u0159ilo naj\u00edt\n\u010dty\u0159i padl\u00e9. Jednoho z nich &#8211; voj\u00edna koz\u00e1ka Vasila Nikitovi\u010de KIRIJE hledala v\nroce 1977 jeho rodina prost\u0159ednictv\u00edm na\u0161eho ministerstva vnitra a MNV\nMork\u016fvky. V t\u00e9 dob\u011b v\u0161ak ne\u00fasp\u011b\u0161n\u011b. Tento voj\u00e1k padl 16. 4. 1945, a bylo mu 17\nrok\u016f.<\/p>\n\n\n\n<p>V\u0161ichni padl\u00ed a pochovan\u00ed voj\u00e1ci byli\npozd\u011bji exhumov\u00e1ni a znovu poh\u0159beni, nejd\u0159\u00edve na Kravsk\u00e9 m\u00edse a nakonec na\nvojensk\u00e9m h\u0159bitov\u011b v Hustope\u010d\u00edch.<\/p>\n\n\n\n<figure class=\"wp-block-image size-large\"><img loading=\"lazy\" decoding=\"async\" width=\"743\" height=\"576\" src=\"http:\/\/www.symbivita.cz\/josefbabacek\/wp-content\/uploads\/2020\/08\/6fe921d8a2_97010203_v1.jpg\" alt=\"\" class=\"wp-image-123\" srcset=\"https:\/\/www.symbivita.cz\/josefbabacek\/wp-content\/uploads\/2020\/08\/6fe921d8a2_97010203_v1.jpg 743w, https:\/\/www.symbivita.cz\/josefbabacek\/wp-content\/uploads\/2020\/08\/6fe921d8a2_97010203_v1-300x233.jpg 300w\" sizes=\"(max-width: 743px) 100vw, 743px\" \/><figcaption>FOCKE WULF 190-1944 ( Ilustra\u010dn\u00ed foto)<\/figcaption><\/figure>\n\n\n\n<figure class=\"wp-block-image size-large\"><img loading=\"lazy\" decoding=\"async\" width=\"384\" height=\"576\" src=\"http:\/\/www.symbivita.cz\/josefbabacek\/wp-content\/uploads\/2020\/08\/91f476c5ca_97010202_v1.jpg\" alt=\"\" class=\"wp-image-124\" srcset=\"https:\/\/www.symbivita.cz\/josefbabacek\/wp-content\/uploads\/2020\/08\/91f476c5ca_97010202_v1.jpg 384w, https:\/\/www.symbivita.cz\/josefbabacek\/wp-content\/uploads\/2020\/08\/91f476c5ca_97010202_v1-200x300.jpg 200w\" sizes=\"(max-width: 384px) 100vw, 384px\" \/><figcaption>Katastr\u00e1ln\u00ed mapa obce- k\u0159\u00ed\u017eky ozna\u010duj\u00ed m\u00edsto padl\u00fdch n\u011bmeck\u00fdch voj\u00e1k\u016f.<br><\/figcaption><\/figure>\n\n\n\n<p> SEZNAM PADL\u00ddCH SOV\u011aTSK\u00ddCH VOJ\u00c1K\u016e p\u0159i osvobozov\u00e1n\u00ed obce Mork\u016fvky <\/p>\n\n\n\n<figure class=\"wp-block-image size-large\"><img loading=\"lazy\" decoding=\"async\" width=\"1024\" height=\"588\" src=\"http:\/\/www.symbivita.cz\/josefbabacek\/wp-content\/uploads\/2020\/08\/Tabulka-1-1024x588.jpg\" alt=\"\" class=\"wp-image-128\" srcset=\"https:\/\/www.symbivita.cz\/josefbabacek\/wp-content\/uploads\/2020\/08\/Tabulka-1-1024x588.jpg 1024w, https:\/\/www.symbivita.cz\/josefbabacek\/wp-content\/uploads\/2020\/08\/Tabulka-1-300x172.jpg 300w, https:\/\/www.symbivita.cz\/josefbabacek\/wp-content\/uploads\/2020\/08\/Tabulka-1-768x441.jpg 768w, https:\/\/www.symbivita.cz\/josefbabacek\/wp-content\/uploads\/2020\/08\/Tabulka-1.jpg 1390w\" sizes=\"(max-width: 1024px) 100vw, 1024px\" \/><\/figure>\n\n\n\n<figure class=\"wp-block-image size-large\"><img loading=\"lazy\" decoding=\"async\" width=\"1024\" height=\"588\" src=\"http:\/\/www.symbivita.cz\/josefbabacek\/wp-content\/uploads\/2020\/08\/Tabulka-2-1024x588.jpg\" alt=\"\" class=\"wp-image-129\" srcset=\"https:\/\/www.symbivita.cz\/josefbabacek\/wp-content\/uploads\/2020\/08\/Tabulka-2-1024x588.jpg 1024w, https:\/\/www.symbivita.cz\/josefbabacek\/wp-content\/uploads\/2020\/08\/Tabulka-2-300x172.jpg 300w, https:\/\/www.symbivita.cz\/josefbabacek\/wp-content\/uploads\/2020\/08\/Tabulka-2-768x441.jpg 768w, https:\/\/www.symbivita.cz\/josefbabacek\/wp-content\/uploads\/2020\/08\/Tabulka-2.jpg 1390w\" sizes=\"(max-width: 1024px) 100vw, 1024px\" \/><\/figure>\n\n\n\n<figure class=\"wp-block-image size-large\"><img loading=\"lazy\" decoding=\"async\" width=\"1024\" height=\"588\" src=\"http:\/\/www.symbivita.cz\/josefbabacek\/wp-content\/uploads\/2020\/08\/Tabulka-3-1024x588.jpg\" alt=\"\" class=\"wp-image-130\" srcset=\"https:\/\/www.symbivita.cz\/josefbabacek\/wp-content\/uploads\/2020\/08\/Tabulka-3-1024x588.jpg 1024w, https:\/\/www.symbivita.cz\/josefbabacek\/wp-content\/uploads\/2020\/08\/Tabulka-3-300x172.jpg 300w, https:\/\/www.symbivita.cz\/josefbabacek\/wp-content\/uploads\/2020\/08\/Tabulka-3-768x441.jpg 768w, https:\/\/www.symbivita.cz\/josefbabacek\/wp-content\/uploads\/2020\/08\/Tabulka-3.jpg 1390w\" sizes=\"(max-width: 1024px) 100vw, 1024px\" \/><\/figure>\n\n\n\n<figure class=\"wp-block-image size-large\"><img loading=\"lazy\" decoding=\"async\" width=\"1024\" height=\"588\" src=\"http:\/\/www.symbivita.cz\/josefbabacek\/wp-content\/uploads\/2020\/08\/Tabulka-4-1024x588.jpg\" alt=\"\" class=\"wp-image-131\" srcset=\"https:\/\/www.symbivita.cz\/josefbabacek\/wp-content\/uploads\/2020\/08\/Tabulka-4-1024x588.jpg 1024w, https:\/\/www.symbivita.cz\/josefbabacek\/wp-content\/uploads\/2020\/08\/Tabulka-4-300x172.jpg 300w, https:\/\/www.symbivita.cz\/josefbabacek\/wp-content\/uploads\/2020\/08\/Tabulka-4-768x441.jpg 768w, https:\/\/www.symbivita.cz\/josefbabacek\/wp-content\/uploads\/2020\/08\/Tabulka-4.jpg 1390w\" sizes=\"(max-width: 1024px) 100vw, 1024px\" \/><\/figure>\n\n\n\n<figure class=\"wp-block-image size-large\"><img loading=\"lazy\" decoding=\"async\" width=\"1024\" height=\"254\" src=\"http:\/\/www.symbivita.cz\/josefbabacek\/wp-content\/uploads\/2020\/08\/Tabulka-5-1024x254.jpg\" alt=\"\" class=\"wp-image-132\" srcset=\"https:\/\/www.symbivita.cz\/josefbabacek\/wp-content\/uploads\/2020\/08\/Tabulka-5-1024x254.jpg 1024w, https:\/\/www.symbivita.cz\/josefbabacek\/wp-content\/uploads\/2020\/08\/Tabulka-5-300x74.jpg 300w, https:\/\/www.symbivita.cz\/josefbabacek\/wp-content\/uploads\/2020\/08\/Tabulka-5-768x191.jpg 768w, https:\/\/www.symbivita.cz\/josefbabacek\/wp-content\/uploads\/2020\/08\/Tabulka-5.jpg 1390w\" sizes=\"(max-width: 1024px) 100vw, 1024px\" \/><\/figure>\n\n\n\n<p>D\u00e1le\nje hl\u00e1\u0161eno 5 voj\u00e1k\u016f nezv\u011bstn\u00fdch<\/p>\n\n\n\n<p>V&nbsp;seznamu\npadl\u00fdch od \u010d. 65 po \u010d. 69 v\u010detn\u011b, jsou para\u0161utist\u00e9. <\/p>\n\n\n\n<p>T\u011b\u017eko je dnes \u0159\u00edci, zda jsou v\u0161ichni, ale snad ano, p\u0159esto\nna tak malou d\u011bdinku je n\u011bjak moc velk\u00fd po\u010det padl\u00fdch. Posledn\u00edch p\u011bt na tomto\nseznamu jsou para\u0161utist\u00e9 z&nbsp;1. gardov\u00e9 v\u00fdsadkov\u00e9 divize 53. arm\u00e1dy. Tato\nv\u00fdsadkov\u00e1 divize osvobozovala Rohatec, pak se p\u0159esunovala p\u0159es Mork\u016fvky,\nBorkovny a T\u011b\u0161any na Brno. Domn\u00edv\u00e1m se, \u017ee je p\u0159i p\u0159esunu zde zas\u00e1hla bomba\nleteck\u00e1 nebo d\u00e1lkov\u00e1 d\u011blost\u0159eleck\u00e1. Tehdy je poh\u0159bili podle sov\u011btsk\u00fdch arch\u00edv\u016f\nna h\u0159bitov\u011b.<\/p>\n\n\n\n<p>Dne\u0161n\u00edho dne, tj. 15. ledna 2010, ukon\u010dujeme dal\u0161\u00ed p\u00e1tr\u00e1n\u00ed\na douf\u00e1me, \u017ee jsou registrov\u00e1ni v\u0161ichni. Nech\u0165 je jim zem\u011b lehk\u00e1.<br><\/p>\n\n\n\n<figure class=\"wp-block-image size-large\"><img loading=\"lazy\" decoding=\"async\" width=\"805\" height=\"576\" src=\"http:\/\/www.symbivita.cz\/josefbabacek\/wp-content\/uploads\/2020\/08\/5d9f7407c6_97010199_v1.jpg\" alt=\"\" class=\"wp-image-133\" srcset=\"https:\/\/www.symbivita.cz\/josefbabacek\/wp-content\/uploads\/2020\/08\/5d9f7407c6_97010199_v1.jpg 805w, https:\/\/www.symbivita.cz\/josefbabacek\/wp-content\/uploads\/2020\/08\/5d9f7407c6_97010199_v1-300x215.jpg 300w, https:\/\/www.symbivita.cz\/josefbabacek\/wp-content\/uploads\/2020\/08\/5d9f7407c6_97010199_v1-768x550.jpg 768w\" sizes=\"(max-width: 805px) 100vw, 805px\" \/><figcaption>Uk\u00e1zka seznamu padl\u00fdch rusk\u00fdch voj\u00e1k\u016f- zakrou\u017ekovan\u00ed padli v Mork\u016fvk\u00e1ch<\/figcaption><\/figure>\n\n\n\n<p>Vysv\u011btlivky:<br><\/p>\n\n\n\n<p>g. &#8230;&#8230;&#8230;&#8230;&#8230;&#8230;&#8230;&#8230;&#8230;. gardov\u00fd<br>\nsabeln\u00edk&#8230;&#8230;&#8230;&#8230;&#8230;&#8230; voj\u00edn \u010di\nd\u016fstojn\u00edk nos\u00edc\u00ed p\u0159id\u011blenou \u0161avli (koz\u00e1k)<br>\nj. p. &#8230;&#8230;&#8230;&#8230;&#8230;&#8230;&#8230;&#8230;. jezdeck\u00fd\npluk <br>\ng. j. s. &#8230;&#8230;&#8230;&#8230;&#8230;&#8230;&#8230; gardov\u00e1\njezdeck\u00e1 skupina<br>\ndmp&#8230;&#8230;&#8230;&#8230;&#8230;&#8230;&#8230;&#8230;. d\u011blost\u0159elecko-minometn\u00fd\npluk<br>\nplp&#8230;&#8230;&#8230;&#8230;&#8230;&#8230;&#8230;&#8230;&#8230; poln\u00ed\npluk<br>\nv. d&#8230;&#8230;&#8230;&#8230;&#8230;&#8230;&#8230;&#8230;.. v\u00fdsadkov\u00e1\ndivize<br><\/p>\n\n\n\n<p>Padl\u00ed podle hodnost\u00ed a\nza\u0159azen\u00ed:<\/p>\n\n\n\n<p>d\u016fstojn\u00edci\n:&nbsp;&nbsp;&nbsp;&nbsp;&nbsp;&nbsp;&nbsp;&nbsp;&nbsp; gardov\u00fd kapit\u00e1n spoj. n\u00e1\u010d. 181\ng. dmp&#8230;&#8230;&#8230;.. 1<\/p>\n\n\n\n<p>&nbsp;&nbsp;&nbsp;&nbsp;&nbsp;&nbsp;&nbsp;&nbsp;&nbsp;&nbsp;&nbsp;&nbsp;&nbsp;&nbsp;&nbsp;&nbsp;&nbsp;&nbsp;&nbsp;&nbsp;&nbsp;&nbsp;&nbsp;&nbsp;&nbsp;&nbsp;&nbsp; gardov\u00fd nadporu\u010d\u00edk\nvel. eskadrony 32. g. j. p .1&nbsp;&nbsp;&nbsp;&nbsp;&nbsp;&nbsp;&nbsp;&nbsp;&nbsp;&nbsp;&nbsp;&nbsp;&nbsp; gardov\u00fd nadporu\u010d\u00edk l\u00e9ka\u0159 4. g. j.\ns. &#8230;&#8230;&#8230;&#8230;&#8230;&#8230;&#8230;&#8230;&#8230;&#8230;&#8230;&#8230;&#8230;&#8230;&#8230;&#8230;&#8230;&#8230;&#8230;. 1&nbsp;&nbsp;&nbsp;&nbsp;&nbsp;&nbsp;&nbsp;&nbsp;&nbsp;&nbsp;&nbsp;&nbsp;&nbsp; poru\u010d\u00edk vel.eskadrony 30. j. p&#8230;&#8230;&#8230;&#8230;&#8230;&#8230;&#8230;&#8230;&#8230;&#8230;&#8230;&#8230;&#8230;&#8230;&#8230;&#8230;&#8230;&#8230;&#8230;&#8230;&#8230;&#8230;. 1<\/p>\n\n\n\n<p>podd\u016fstojn\u00edci:&nbsp;&nbsp;&nbsp;&nbsp; gardov\u00fd star\u0161ina&#8230;&#8230;&#8230;&#8230;&#8230;&#8230;&#8230;&#8230;&#8230;&#8230;&#8230;&#8230;&#8230;&#8230;&#8230;. 2&nbsp;&nbsp;&nbsp;&nbsp;&nbsp;&nbsp;&nbsp;&nbsp;&nbsp;&nbsp;&nbsp;&nbsp;&nbsp; gardov\u00fd star\u0161\u00ed ser\u017eant&nbsp;&nbsp;&nbsp;&nbsp;&nbsp;&nbsp; 6&#8230;&#8230;&#8230;&#8230;&#8230;&#8230;&#8230;&#8230;&#8230;&#8230;&#8230;&#8230;&#8230;&#8230;&#8230;&#8230;&#8230;&#8230;&#8230;&#8230;&#8230;&#8230;&#8230;&#8230;. &nbsp; gardov\u00fd ser\u017eant&nbsp;&nbsp;&nbsp;&nbsp;&nbsp;&nbsp;&nbsp;&nbsp;&nbsp;&nbsp;&nbsp;&nbsp;&nbsp;&nbsp;&nbsp;&nbsp;&nbsp;&nbsp;&nbsp;&nbsp;&nbsp;&nbsp;&nbsp;&nbsp;&nbsp;&nbsp;&nbsp; 3<\/p>\n\n\n\n<p>ostatn\u00ed\nvoj\u00edni bez hodnosti&#8230;&#8230;&#8230;&#8230;&#8230;&#8230;&#8230;&#8230;&#8230;&#8230;&#8230;&#8230;&#8230;&#8230;&#8230;&#8230;&#8230;&#8230;&#8230; 55<\/p>\n\n\n\n<p>32. g. jezdeck\u00e9ho pluku &nbsp;&nbsp;&nbsp;&nbsp;&nbsp;&nbsp;&nbsp;&nbsp;&nbsp;&nbsp;&nbsp;&nbsp;&nbsp;&nbsp;&nbsp;&nbsp;&nbsp;&nbsp;&nbsp; zahynulo 8 voj\u00e1k\u016f<\/p>\n\n\n\n<p>31. g. jezdeck\u00e9ho pluku &nbsp;&nbsp;&nbsp;&nbsp;&nbsp;&nbsp;&nbsp;&nbsp;&nbsp;&nbsp;&nbsp;&nbsp;&nbsp;&nbsp;&nbsp;&nbsp;&nbsp;&nbsp;&nbsp; zahynuly 2 voj\u00e1k\u016f<\/p>\n\n\n\n<p>34. g. jezdeck\u00e9ho pluku &nbsp;&nbsp;&nbsp;&nbsp;&nbsp;&nbsp;&nbsp;&nbsp;&nbsp;&nbsp;&nbsp;&nbsp;&nbsp;&nbsp;&nbsp;&nbsp;&nbsp;&nbsp;&nbsp; zahynulo 9 voj\u00e1k\u016f<\/p>\n\n\n\n<p>30. jezdeck\u00e9ho pluku &nbsp;&nbsp;&nbsp;&nbsp;&nbsp;&nbsp;&nbsp;&nbsp;&nbsp;&nbsp;&nbsp;&nbsp;&nbsp;&nbsp;&nbsp;&nbsp;&nbsp;&nbsp;&nbsp;&nbsp;&nbsp;&nbsp;&nbsp; zahynulo 39 voj\u00e1k\u016f<\/p>\n\n\n\n<p>181. g. d\u011blost\u0159elecko-minometn\u00e9ho\npluku\u2026 3 voj\u00e1ci<\/p>\n\n\n\n<p>nezn\u00e1m\u00e9 plukovn\u00ed p\u0159\u00edslu\u0161nosti&nbsp;&nbsp;&nbsp;&nbsp;&nbsp;&nbsp;&nbsp;&nbsp;&nbsp;&nbsp;&nbsp;&nbsp;&nbsp;&nbsp;&nbsp;&nbsp;&nbsp;&nbsp;&nbsp;&nbsp;&nbsp;&nbsp;&nbsp;&nbsp;&nbsp;&nbsp;&nbsp;&nbsp;&nbsp;&nbsp;&nbsp;&nbsp; 2 voj\u00e1ci <\/p>\n\n\n\n<p>255. plp. 4. g. j. s.&nbsp; d\u011blost\u0159elec&nbsp;&nbsp;&nbsp;&nbsp;&nbsp;&nbsp;&nbsp;&nbsp;&nbsp;&nbsp;&nbsp;&nbsp;&nbsp;&nbsp;&nbsp;&nbsp;&nbsp;&nbsp;&nbsp;&nbsp;&nbsp;&nbsp;&nbsp;&nbsp;&nbsp;&nbsp;&nbsp;&nbsp;&nbsp;&nbsp;&nbsp;&nbsp;&nbsp; 2\nvoj\u00e1ci<\/p>\n\n\n\n<p>1. g. v\u00fdsadkov\u00e1 divize (53. A)&nbsp;&nbsp;&nbsp;&nbsp;&nbsp;&nbsp;&nbsp;&nbsp;&nbsp;&nbsp;&nbsp;&nbsp;&nbsp;&nbsp;&nbsp;&nbsp;&nbsp;&nbsp;&nbsp;&nbsp;&nbsp;&nbsp;&nbsp;&nbsp;&nbsp;&nbsp;&nbsp;&nbsp;&nbsp;&nbsp;&nbsp;&nbsp;&nbsp; 5 voj\u00e1k\u016f<br><\/p>\n\n\n\n<p>Nem\u011bli\nby zde chyb\u011bt ani mork\u016fv\u0161t\u00ed ob\u010dan\u00e9 zem\u0159el\u00ed v&nbsp;d\u016fsledku v\u00e1le\u010dn\u00fdch operac\u00ed.<\/p>\n\n\n\n<p>Byli to:&nbsp;&nbsp;&nbsp;&nbsp;&nbsp;&nbsp;&nbsp;&nbsp;&nbsp;&nbsp;&nbsp;&nbsp;&nbsp;&nbsp;&nbsp;&nbsp;&nbsp;&nbsp;&nbsp;&nbsp;&nbsp;&nbsp; Matulov\u00e1 Barbora&nbsp;&nbsp;&nbsp;&nbsp;&nbsp;&nbsp;&nbsp;&nbsp;&nbsp;&nbsp;&nbsp;&nbsp;&nbsp;&nbsp;&nbsp;&nbsp;&nbsp; 75 let<\/p>\n\n\n\n<p>H\u00e1jkov\u00e1 Anna&nbsp;&nbsp;&nbsp;&nbsp;&nbsp;&nbsp;&nbsp;&nbsp;&nbsp;&nbsp;&nbsp;&nbsp;&nbsp;&nbsp;&nbsp;&nbsp;&nbsp;&nbsp;&nbsp;&nbsp;&nbsp;&nbsp;&nbsp; 52\nlet<\/p>\n\n\n\n<p>L\u00edznar Petr\u00a0\u00a0\u00a0\u00a0\u00a0\u00a0\u00a0\u00a0\u00a0\u00a0\u00a0\u00a0\u00a0\u00a0\u00a0\u00a0\u00a0\u00a0\u00a0\u00a0\u00a0\u00a0\u00a0\u00a0\u00a0\u00a0\u00a0\u00a0 32 let<\/p>\n\n\n\n<p>L\u00edznar \u017eil v&nbsp;Brumovic\u00edch, \u017eenat\u00fd s&nbsp;And\u011blou\nKavkovou z&nbsp;Mork\u016fvek, donucen sov\u011btsk\u00fdmi voj\u00e1ky sehnat v\u00edno, s\u00e1m nem\u011bl,\nproto je vedl ke sv\u00e9mu tch\u00e1novi Metod\u011bjovi. Ten odm\u00edtl v\u00edno d\u00e1t, \u017ee nem\u00e1, proto\nPetra na b\u0159ehu svodnice Harasky zast\u0159elili nedaleko obce. Je pochov\u00e1n na m\u00edstn\u00edm\nh\u0159bitov\u011b.<\/p>\n\n\n\n<p>Obec\nMork\u016fvky byla bezprost\u0159edn\u011b osvobozov\u00e1na \u010dty\u0159mi jezdeck\u00fdmi pluky, jedn\u00edm\nd\u011blost\u0159elecko-minometn\u00fdm a jednou jezdeckou skupinou.<\/p>\n\n\n\n<p>Jednalo se o: &nbsp;&nbsp;&nbsp;&nbsp;&nbsp;&nbsp;&nbsp;&nbsp;&nbsp;&nbsp;&nbsp;&nbsp;&nbsp;&nbsp;&nbsp;&nbsp;&nbsp;&nbsp;&nbsp;&nbsp;&nbsp;&nbsp;&nbsp;&nbsp;&nbsp;&nbsp;&nbsp;&nbsp;&nbsp;&nbsp;&nbsp;&nbsp;&nbsp;&nbsp;&nbsp;&nbsp; 32. gardov\u00fd\njezdeck\u00fd pluk<\/p>\n\n\n\n<p>34. gardov\u00fd jezdeck\u00fd pluk<\/p>\n\n\n\n<p>31. gardov\u00fd jezdeck\u00fd pluk<\/p>\n\n\n\n<p>30. jezdeck\u00fd pluk <\/p>\n\n\n\n<p>181. d\u011blost\u0159elecko-minometn\u00fd pluk&nbsp;\n<\/p>\n\n\n\n<p>4. gardov\u00fd jezdeck\u00fd sbor<\/p>\n\n\n\n<p>9. gardov\u00e1 jezdeck\u00e1 divize<\/p>\n\n\n\n<p>\u010d\u00e1st 225. protiletadlov\u00fd d\u011blost\u0159eleck\u00fd pluk. 4. gardov\u00e9 jezdeck\u00e9\nskupiny.<\/p>\n\n\n\n<p>Obr\u00e1nci se rekrutovali z: &nbsp;&nbsp;&nbsp;&nbsp;&nbsp;&nbsp;&nbsp;&nbsp;&nbsp;&nbsp;&nbsp;&nbsp;&nbsp;&nbsp;&nbsp;&nbsp;&nbsp; 711. Wehrmacht infanteri\ndivision<\/p>\n\n\n\n<p>&nbsp; 21. SS policejn\u00ed pluk<\/p>\n\n\n\n<p>&nbsp;&nbsp;&nbsp; 8. panzer division<\/p>\n\n\n\n<p>.<br><\/p>\n\n\n\n<p>Jen pro zaj\u00edmavost bych cht\u011bl uv\u00e9st, jak\u00e1 musela b\u00fdt\nohromn\u00e1 spot\u0159eba pohonn\u00fdch hmot, kdy\u017e nap\u0159\u00edklad jedin\u00fd tank t\u0159\u00eddy PANTHER,\nkter\u00fd byl opat\u0159en kanonem r\u00e1\u017ee 75 mm, nesl 79 gran\u00e1t\u016f, v\u00e1\u017eil 45,5 tuny,\nna\u010derpal 730 litr\u016f benz\u00ednu a po silnici ujel 177 km rychlost\u00ed 55 km\/h nebo\nv&nbsp;ter\u00e9nu jen 89 km maxim\u00e1ln\u00ed rychlost\u00ed 24 km\/h. P\u0159i ohromn\u00fdch po\u010dtech\ntank\u016f a automobil\u016f na obou stran\u00e1ch to musely b\u00fdt hodn\u011b \u0161irok\u00e9 \u0159eky pohonn\u00fdch\nhmot. Nakonec to v\u0161echno bylo k&nbsp;ni\u010demu.<\/p>\n","protected":false},"excerpt":{"rendered":"<p>II. Frontov\u00e9 st\u0159epiny aneb v\u00e1lka jako na dlani V ned\u011bli 15. dubna 1945 brzy r\u00e1no se v\u00e1le\u010dn\u00fd h\u0159mot oz\u00fdval z jihov\u00fdchodn\u00ed strany obce, n\u011bkde z prostoru Kobyl\u00ed. Ji\u017e v noci ze soboty na ned\u011bli a ned\u011bln\u00ed dopoledne Sov\u011bti \u00fato\u010dili p\u0159es <a class=\"more-link\" href=\"https:\/\/www.symbivita.cz\/josefbabacek\/2020\/08\/06\/ozveny-pohnutych-dob-2\/\">Cel\u00fd \u010dl\u00e1nek  <span class=\"screen-reader-text\">  OZV\u011aNY POHNUT\u00ddCH DOB-pokra\u010dov\u00e1n\u00ed prvn\u00ed<\/span><span class=\"meta-nav\">&rarr;<\/span><\/a><\/p>\n","protected":false},"author":1,"featured_media":0,"comment_status":"open","ping_status":"open","sticky":false,"template":"","format":"standard","meta":{"footnotes":""},"categories":[2],"tags":[],"_links":{"self":[{"href":"https:\/\/www.symbivita.cz\/josefbabacek\/wp-json\/wp\/v2\/posts\/97"}],"collection":[{"href":"https:\/\/www.symbivita.cz\/josefbabacek\/wp-json\/wp\/v2\/posts"}],"about":[{"href":"https:\/\/www.symbivita.cz\/josefbabacek\/wp-json\/wp\/v2\/types\/post"}],"author":[{"embeddable":true,"href":"https:\/\/www.symbivita.cz\/josefbabacek\/wp-json\/wp\/v2\/users\/1"}],"replies":[{"embeddable":true,"href":"https:\/\/www.symbivita.cz\/josefbabacek\/wp-json\/wp\/v2\/comments?post=97"}],"version-history":[{"count":4,"href":"https:\/\/www.symbivita.cz\/josefbabacek\/wp-json\/wp\/v2\/posts\/97\/revisions"}],"predecessor-version":[{"id":134,"href":"https:\/\/www.symbivita.cz\/josefbabacek\/wp-json\/wp\/v2\/posts\/97\/revisions\/134"}],"wp:attachment":[{"href":"https:\/\/www.symbivita.cz\/josefbabacek\/wp-json\/wp\/v2\/media?parent=97"}],"wp:term":[{"taxonomy":"category","embeddable":true,"href":"https:\/\/www.symbivita.cz\/josefbabacek\/wp-json\/wp\/v2\/categories?post=97"},{"taxonomy":"post_tag","embeddable":true,"href":"https:\/\/www.symbivita.cz\/josefbabacek\/wp-json\/wp\/v2\/tags?post=97"}],"curies":[{"name":"wp","href":"https:\/\/api.w.org\/{rel}","templated":true}]}}