{"id":655,"date":"2023-06-15T06:50:47","date_gmt":"2023-06-15T04:50:47","guid":{"rendered":"http:\/\/www.symbivita.cz\/josefbabacek\/?p=655"},"modified":"2023-06-15T06:50:47","modified_gmt":"2023-06-15T04:50:47","slug":"v-patek-26-kvetna-2023-opustil-tento-svet-josef-babacek","status":"publish","type":"post","link":"https:\/\/www.symbivita.cz\/josefbabacek\/2023\/06\/15\/v-patek-26-kvetna-2023-opustil-tento-svet-josef-babacek\/","title":{"rendered":"V p\u00e1tek 26. kv\u011btna 2023 opustil tento sv\u011bt Josef Bab\u00e1\u010dek"},"content":{"rendered":"\n<p>Josef Bab\u00e1\u010dek\nse narodil 4. \u00fanora 1927 v Mork\u016fvk\u00e1ch. Zde absolvoval obecnou \u0161kolu, a pot\u00e9\npokra\u010doval na m\u011b\u0161\u0165ansk\u00e9 \u0161kole v Klobouk\u00e1ch u Brna. V roce 1941 nastoupil do\nu\u010den\u00ed na hospodsk\u00e9ho v letn\u00ed restauraci v Brn\u011b na \u0160pilberku, kde od roku 1943\nnastoupilo n\u011bmeck\u00e9 veden\u00ed. Zde se konfrontoval s v\u00e1le\u010dn\u00fdmi ud\u00e1lostmi a ocitl se\nv ohro\u017een\u00ed \u017eivota. Na konci v\u00e1lky byl sv\u011bdkem dramatick\u00e9ho pr\u016fb\u011bhu\nosvobozovac\u00edch boj\u016f a pod\u00edlel se na odstra\u0148ov\u00e1n\u00ed v\u00e1le\u010dn\u00fdch \u0161kod.<\/p>\n\n\n\n<p>V\u011bt\u0161inu sv\u00e9ho\naktivn\u00edho \u017eivota vykon\u00e1val funkci vedouc\u00edho pohostinstv\u00ed Jednota v Klobouk\u00e1ch u\nBrna. <\/p>\n\n\n\n<p>V roce 1987\node\u0161el Josef Bab\u00e1\u010dek do d\u016fchodu. <\/p>\n\n\n\n<p>Josef Bab\u00e1\u010dek\nse celo\u017eivotn\u011b zaj\u00edmal o historii, co\u017e shrnul do citace: \u201eHistorie je s\u016fl, kdo\nnezn\u00e1 svoji a n\u00e1rodn\u00ed minulost a ani se o ni nezaj\u00edm\u00e1, je \u010dlov\u011bk hluch\u00fd a\nslep\u00fd.\u201c<\/p>\n\n\n\n<p>Jako pam\u011btn\u00edk\ndruh\u00e9 sv\u011btov\u00e9 v\u00e1lky, a p\u0159edev\u0161\u00edm osvobozovac\u00edch boj\u016f v roce 1945, se na z\u00e1klad\u011b\nsv\u00fdch z\u00e1\u017eitk\u016f a znalost\u00ed sna\u017eil zachr\u00e1nit p\u0159ipom\u00ednky a militaria, kter\u00e9 z\u016fstaly\nna katastru jeho rodn\u00e9 obce. <\/p>\n\n\n\n<p>V roce 1993\nzakoupil zch\u00e1tral\u00fd statek \u010castkovec a sna\u017eil se o z\u00e1chranu tohoto cenn\u00e9ho\nare\u00e1lu. <\/p>\n\n\n\n<p>V roce 1999 se\np\u0159ihl\u00e1sil do jednoho z prvn\u00edch ro\u010dn\u00edk\u016f Akademie t\u0159et\u00edho v\u011bku p\u0159i M\u011bstsk\u00e9 lidov\u00e9\nknihovn\u011b v Hustope\u010d\u00edch. V jej\u00edm r\u00e1mci za\u010dal organizovat akci \u201eSetk\u00e1n\u00ed na\n\u010castkovci\u201c, na n\u00ed\u017e se sch\u00e1zeli p\u0159\u00e1tel\u00e9 historie Hustope\u010dska. <\/p>\n\n\n\n<p>Z\u00e1jem o\nhistorii se projevil i v liter\u00e1rn\u00ed tvorb\u011b. S Janem Hor\u00e1kem spolupracoval na\npublikaci Mork\u016fvky slovem a obrazem, kter\u00e1 vy\u0161la v roce 1999.<\/p>\n\n\n\n<p>Od roku 2014\nza\u010dal na sv\u00e9m internetov\u00e9m blogu uve\u0159ej\u0148ovat vzpom\u00ednky a pojedn\u00e1n\u00ed z region\u00e1ln\u00ed\nhistorie pod n\u00e1zvem Ozv\u011bny pohnut\u00fdch dob.<\/p>\n\n\n\n<p>V roce 2017\nvy\u0161la jeho monografie s n\u00e1zvem V\u00e1lka a odboj 1939\u20131945 v Klobouk\u00e1ch u Brna a\nokol\u00ed (s podtitulem Vzpom\u00ednka na hrdiny po 75 letech).<\/p>\n\n\n\n<p>V roce 2007 se\nJosef Bab\u00e1\u010dek pod\u00edlel na zalo\u017een\u00ed Muzejn\u00edho spolku Hustope\u010de, v nich\u017e pak od\nroku 2009 \u017eil natrvalo.<\/p>\n\n\n\n<p>V roce 2010\nnechal v Mork\u016fvk\u00e1ch z vlastn\u00edch prost\u0159edk\u016f zhotovit Pam\u00e1tn\u00edk ob\u011btem druh\u00e9\nsv\u011btov\u00e9 v\u00e1lky, kter\u00fd byl odhalen 23. 4. toho roku.<\/p>\n\n\n\n<p>V b\u0159eznu 2016\ndaroval Josef Bab\u00e1\u010dek M\u011bstsk\u00e9mu muzeu Hustope\u010de svou sb\u00edrku militari\u00ed z druh\u00e9\nsv\u011btov\u00e9 v\u00e1lky v celkov\u00e9m rozsahu 111 kus\u016f. Sb\u00edrka je cenn\u00e1 t\u00edm, \u017ee p\u0159edm\u011bty,\nkter\u00e9 ji tvo\u0159\u00ed, poch\u00e1zej\u00ed z katastru jedn\u00e9 obce (Mork\u016fvky), a pod\u00e1vaj\u00ed tak\nplastick\u00fd obraz o t\u011b\u017ek\u00e9m pr\u016fb\u011bhu osvobozovac\u00edch boj\u016f na Hustope\u010dsku. Podm\u00ednkou\ndaru bylo vybudov\u00e1n\u00ed expozice. K jej\u00edmu napln\u011bn\u00ed do\u0161lo 16. dubna 2018, kdy byla\nv s\u00eddle muzea \u2013 v dom\u011b U Synk\u016f \u2013 slavnostn\u011b otev\u0159ena nov\u00e1 st\u00e1l\u00e1 expozice s\nn\u00e1zvem \u201eOsvobozen\u00ed 1945\u201c. <\/p>\n\n\n\n<p>Za svou\nosv\u011btovou \u010dinnost na poli v\u00e1le\u010dn\u00e9 historie byl n\u011bkolikr\u00e1t ocen\u011bn. \u010cesk\u00fd svaz\nbojovn\u00edk\u016f za svobodu mu ud\u011blil dv\u011b medaile: Za z\u00e1sluhy a Za v\u011brnost. \u010cestn\u00e9\nocen\u011bn\u00ed obdr\u017eel v roce 2016 i od Muzejn\u00ed a vlastiv\u011bdn\u00e9 spole\u010dnosti v Brn\u011b. <\/p>\n\n\n\n<p>Za p\u0159\u00ednos\nregion\u00e1ln\u00ed historii a osv\u011bt\u011b a za dar militari\u00ed M\u011bstsk\u00e9mu muzeu a galerii\nHustope\u010de obdr\u017eel Josef Bab\u00e1\u010dek v roce 2018 Cenu m\u011bsta Hustope\u010de.<\/p>\n\n\n\n<p>Josef Bab\u00e1\u010dek se do\u017eil po\u017eehnan\u00fdch 96 let. I kdy\u017e ho su\u017eovaly r\u016fzn\u00e9 nemoci, do konce \u017eivota si uchoval smysl pro b\u0159itk\u00fd humor a intelektu\u00e1ln\u00ed i du\u0161evn\u00ed sv\u011b\u017eest. Jeho nadhled a velkorysost n\u00e1m bude moc chyb\u011bt, ale jeho sv\u011btl\u00e1 pam\u00e1tka z\u016fst\u00e1v\u00e1.<\/p>\n\n\n\n<figure class=\"wp-block-image size-large\"><img loading=\"lazy\" decoding=\"async\" width=\"603\" height=\"464\" src=\"http:\/\/www.symbivita.cz\/josefbabacek\/wp-content\/uploads\/2023\/06\/1..jpg\" alt=\"\" class=\"wp-image-657\" srcset=\"https:\/\/www.symbivita.cz\/josefbabacek\/wp-content\/uploads\/2023\/06\/1..jpg 603w, https:\/\/www.symbivita.cz\/josefbabacek\/wp-content\/uploads\/2023\/06\/1.-300x231.jpg 300w\" sizes=\"(max-width: 603px) 100vw, 603px\" \/><\/figure>\n\n\n\n<p>Foto: Josef Stroh, 16. 4. 2022<\/p>\n\n\n\n<p>Sb\u011bratel, mecen\u00e1\u0161, spoluzakladatel Muzejn\u00edho spolku Hustope\u010de a jeho \u010destn\u00fd \u010dlen.<\/p>\n\n\n\n<figure class=\"wp-block-image size-large\"><img loading=\"lazy\" decoding=\"async\" width=\"705\" height=\"662\" src=\"http:\/\/www.symbivita.cz\/josefbabacek\/wp-content\/uploads\/2023\/06\/3.jpg\" alt=\"\" class=\"wp-image-658\" srcset=\"https:\/\/www.symbivita.cz\/josefbabacek\/wp-content\/uploads\/2023\/06\/3.jpg 705w, https:\/\/www.symbivita.cz\/josefbabacek\/wp-content\/uploads\/2023\/06\/3-300x282.jpg 300w\" sizes=\"(max-width: 705px) 100vw, 705px\" \/><\/figure>\n\n\n\n<figure class=\"wp-block-image size-large\"><img loading=\"lazy\" decoding=\"async\" width=\"693\" height=\"520\" src=\"http:\/\/www.symbivita.cz\/josefbabacek\/wp-content\/uploads\/2023\/06\/4.jpg\" alt=\"\" class=\"wp-image-659\" srcset=\"https:\/\/www.symbivita.cz\/josefbabacek\/wp-content\/uploads\/2023\/06\/4.jpg 693w, https:\/\/www.symbivita.cz\/josefbabacek\/wp-content\/uploads\/2023\/06\/4-300x225.jpg 300w\" sizes=\"(max-width: 693px) 100vw, 693px\" \/><\/figure>\n","protected":false},"excerpt":{"rendered":"<p>Josef Bab\u00e1\u010dek se narodil 4. \u00fanora 1927 v Mork\u016fvk\u00e1ch. Zde absolvoval obecnou \u0161kolu, a pot\u00e9 pokra\u010doval na m\u011b\u0161\u0165ansk\u00e9 \u0161kole v Klobouk\u00e1ch u Brna. V roce 1941 nastoupil do u\u010den\u00ed na hospodsk\u00e9ho v letn\u00ed restauraci v Brn\u011b na \u0160pilberku, kde od <a class=\"more-link\" href=\"https:\/\/www.symbivita.cz\/josefbabacek\/2023\/06\/15\/v-patek-26-kvetna-2023-opustil-tento-svet-josef-babacek\/\">Cel\u00fd \u010dl\u00e1nek  <span class=\"screen-reader-text\">  V p\u00e1tek 26. kv\u011btna 2023 opustil tento sv\u011bt Josef Bab\u00e1\u010dek<\/span><span class=\"meta-nav\">&rarr;<\/span><\/a><\/p>\n","protected":false},"author":1,"featured_media":656,"comment_status":"open","ping_status":"open","sticky":false,"template":"","format":"standard","meta":{"footnotes":""},"categories":[1],"tags":[],"_links":{"self":[{"href":"https:\/\/www.symbivita.cz\/josefbabacek\/wp-json\/wp\/v2\/posts\/655"}],"collection":[{"href":"https:\/\/www.symbivita.cz\/josefbabacek\/wp-json\/wp\/v2\/posts"}],"about":[{"href":"https:\/\/www.symbivita.cz\/josefbabacek\/wp-json\/wp\/v2\/types\/post"}],"author":[{"embeddable":true,"href":"https:\/\/www.symbivita.cz\/josefbabacek\/wp-json\/wp\/v2\/users\/1"}],"replies":[{"embeddable":true,"href":"https:\/\/www.symbivita.cz\/josefbabacek\/wp-json\/wp\/v2\/comments?post=655"}],"version-history":[{"count":1,"href":"https:\/\/www.symbivita.cz\/josefbabacek\/wp-json\/wp\/v2\/posts\/655\/revisions"}],"predecessor-version":[{"id":660,"href":"https:\/\/www.symbivita.cz\/josefbabacek\/wp-json\/wp\/v2\/posts\/655\/revisions\/660"}],"wp:featuredmedia":[{"embeddable":true,"href":"https:\/\/www.symbivita.cz\/josefbabacek\/wp-json\/wp\/v2\/media\/656"}],"wp:attachment":[{"href":"https:\/\/www.symbivita.cz\/josefbabacek\/wp-json\/wp\/v2\/media?parent=655"}],"wp:term":[{"taxonomy":"category","embeddable":true,"href":"https:\/\/www.symbivita.cz\/josefbabacek\/wp-json\/wp\/v2\/categories?post=655"},{"taxonomy":"post_tag","embeddable":true,"href":"https:\/\/www.symbivita.cz\/josefbabacek\/wp-json\/wp\/v2\/tags?post=655"}],"curies":[{"name":"wp","href":"https:\/\/api.w.org\/{rel}","templated":true}]}}