{"id":632,"date":"2020-09-01T18:40:47","date_gmt":"2020-09-01T16:40:47","guid":{"rendered":"http:\/\/www.symbivita.cz\/josefbabacek\/?p=632"},"modified":"2020-09-01T18:41:38","modified_gmt":"2020-09-01T16:41:38","slug":"po-valecnem-sberateli-josefu-babackovi-strileli-z-palavy-nemci","status":"publish","type":"post","link":"https:\/\/www.symbivita.cz\/josefbabacek\/2020\/09\/01\/po-valecnem-sberateli-josefu-babackovi-strileli-z-palavy-nemci\/","title":{"rendered":"Po v\u00e1le\u010dn\u00e9m sb\u011brateli Josefu Bab\u00e1\u010dkovi st\u0159\u00edleli z P\u00e1lavy N\u011bmci"},"content":{"rendered":"\n<p>Hustope\u010de &#8211; Druh\u00e1 sv\u011btov\u00e1 v\u00e1lka kon\u010d\u00ed. A&nbsp;Josef Bab\u00e1\u010dek pom\u00e1h\u00e1 stejn\u011b jako dal\u0161\u00ed mu\u017ei v&nbsp;Mork\u016fvk\u00e1ch na B\u0159eclavsku zakop\u00e1vat padl\u00e9 voj\u00e1ky a kon\u011b rusk\u00e9 i&nbsp;n\u011bmeck\u00e9 arm\u00e1dy. Tehdy jako osmn\u00e1ctilet\u00fd mlad\u00edk za\u010d\u00edn\u00e1 sb\u00edrat r\u016fzn\u00e9 p\u0159edm\u011bty, kter\u00e9 po voj\u00e1c\u00edch z\u016fstaly a kter\u00e9 s&nbsp;v\u00e1lkou souvisely. Jeho celo\u017eivotn\u00ed sb\u00edrka bude sou\u010d\u00e1st\u00ed p\u0159ipravovan\u00e9 nov\u00e9 expozice s&nbsp;n\u00e1zvem Osvobozen\u00ed 1945&nbsp;v&nbsp;M\u011bstsk\u00e9m muzeu a galerii v&nbsp;Hustope\u010d\u00edch.<\/p>\n\n\n\n<figure class=\"wp-block-image size-large\"><img loading=\"lazy\" decoding=\"async\" width=\"612\" height=\"458\" src=\"http:\/\/www.symbivita.cz\/josefbabacek\/wp-content\/uploads\/2020\/09\/Jos.Bab\u00e1\u010dek-\u010dl\u00e1nek-v-novin\u00e1ch.jpg\" alt=\"\" class=\"wp-image-633\" srcset=\"https:\/\/www.symbivita.cz\/josefbabacek\/wp-content\/uploads\/2020\/09\/Jos.Bab\u00e1\u010dek-\u010dl\u00e1nek-v-novin\u00e1ch.jpg 612w, https:\/\/www.symbivita.cz\/josefbabacek\/wp-content\/uploads\/2020\/09\/Jos.Bab\u00e1\u010dek-\u010dl\u00e1nek-v-novin\u00e1ch-300x225.jpg 300w\" sizes=\"(max-width: 612px) 100vw, 612px\" \/><\/figure>\n\n\n\n<p>Josef Bab\u00e1\u010dek sb\u00edral od\nsv\u00fdch osmn\u00e1cti let r\u016fzn\u00e9 v\u00e1le\u010dn\u00e9 p\u0159edm\u011bty. Ty budou k vid\u011bn\u00ed v muzeu v\nHustope\u010d\u00edch.Foto: Jana Rozkov\u00e1<\/p>\n\n\n\n<p>Ka\u017ed\u00fd z&nbsp;voj\u00e1k\u016f m\u011bl u&nbsp;sebe podle Bab\u00e1\u010dkova vypr\u00e1v\u011bn\u00ed\nspoustu v\u011bc\u00ed. Nejv\u00edc n\u011bme\u010dt\u00ed voj\u00e1ci. \u201eM\u011bli u&nbsp;sebe cigarety, zbran\u011b a\nmnohdy tak\u00e9 osobn\u00ed dopisy. V&nbsp;jednom z&nbsp;nich man\u017eelka sv\u00e9mu mu\u017ei\noznamovala, \u017ee jejich syn padl v&nbsp;<a href=\"http:\/\/d.vvbox.cz\/vv_show_url.php?idk=91400&amp;idc=4680883&amp;ids=418&amp;idp=87822&amp;url=http%3A%2F%2Fwww.sirupy-koktejly.cz%2Findex.php%3Fpage%3Dshop.product_details%26flypage%3Dflypage.tpl%26product_id%3D296%26category_id%3D45%26option%3Dcom_virtuemart%26Itemid%3D4\" target=\"_blank\" rel=\"noreferrer noopener\">It\u00e1lii<\/a>. Tehdy bylo\ndovolen\u00e9 si ty v\u011bci odn\u00e9st,\u201c vypr\u00e1v\u00ed o&nbsp;p\u016fvodu p\u0159edm\u011bt\u016f mu\u017e, kter\u00fd p\u0159ed\nn\u011bkolika dny oslavil ji\u017e devades\u00e1t\u00e9 narozeniny.<\/p>\n\n\n\n<p>Mezi svoje nejzaj\u00edmav\u011bj\u0161\u00ed n\u00e1lezy \u0159ad\u00ed rod\u00e1k z&nbsp;Mork\u016fvek\nnap\u0159\u00edklad italsk\u00fd samopal zna\u010dky Beretta. \u201eAle ten jsem p\u0159i \u00faprav\u011b pov\u00e1le\u010dn\u00e9\nsilnice sm\u011brem na Boleradice na pam\u00e1tku na tom m\u00edst\u011b zaasfaltoval,\u201c prozrazuje\npam\u011btn\u00edk.<\/p>\n\n\n\n<p>Vzpom\u00edn\u00e1 tak\u00e9 na sedlo, kter\u00e9 na\u0161el zakrv\u00e1cen\u00e9 a bez jezdce.\n\u201eKa\u017ed\u00e1 v\u011bc, kter\u00e1 bude v&nbsp;expozicik vid\u011bn\u00ed, m\u00e1 svoji hodnotu. Proto\u017ee a\u0165 se\npod\u00edv\u00e1m, na co chci, byl jsem u&nbsp;t\u011bch ud\u00e1losti bezprost\u0159edn\u011b,\u201c vzpom\u00edn\u00e1\nBab\u00e1\u010dek, kter\u00fd v&nbsp;sou\u010dasnosti \u017eije v&nbsp;Hustope\u010d\u00edch.<\/p>\n\n\n\n<p>P\u00e1r dn\u00ed po osvobozen\u00ed stav\u011bl tak\u00e9 s&nbsp;kamar\u00e1dy most p\u0159es \u0159eku\nJihlavu v&nbsp;Ivani. \u201eTady to moc dob\u0159e nedopadlo, na druh\u00fd den po n\u00e1s za\u010dali\nst\u0159\u00edlet N\u011bmci z&nbsp;P\u00e1lavy,\u201c p\u0159ipom\u00edn\u00e1 ud\u00e1losti, kter\u00e9 jeho sb\u011bratelskou v\u00e1\u0161e\u0148\ndoprov\u00e1zely. Skoro hotov\u00fd most N\u011bmci tehdy \u00fapln\u011b zni\u010dili. \u201eA&nbsp;tak jsme\nv&nbsp;panick\u00e9 hr\u016fze prchali. Pokra\u010dovali jsme do Popic, kde jsme pomohli\npostavit \u017eelezni\u010dn\u00ed most Hustope\u010de \u2013 Strachot\u00edn. Za \u0161est dn\u00ed jsme tu\ndvoukolejku hol\u00fdma rukama postavili,\u201c pokra\u010duje s&nbsp;vypr\u00e1v\u011bn\u00edm Bab\u00e1\u010dek.<\/p>\n\n\n\n<p><a href=\"http:\/\/d.vvbox.cz\/vv_show_url.php?idk=91222&amp;idc=4680883&amp;ids=4039&amp;idp=87629&amp;url=http%3A%2F%2Fwww.flora-ol.cz\" target=\"_blank\" rel=\"noreferrer noopener\">V\u00fdstavu<\/a> posb\u00edran\u00fdch\nv\u011bc\u00ed uspo\u0159\u00e1dal poprv\u00e9 v&nbsp;roce 1980&nbsp;v&nbsp;Klobouk\u00e1ch u&nbsp;Brna.\n\u201eMnoho v\u011bc\u00ed se ji\u017e ztratilo. To, co zbylo, bude nyn\u00ed v&nbsp;Hustope\u010d\u00edch,\u201c \u0159\u00edk\u00e1\nsb\u011bratel.<\/p>\n\n\n\n<p>Autor: <a href=\"http:\/\/breclavsky.denik.cz\/autor\/aneta-berankova-2587.html\">Aneta\nBer\u00e1nkov\u00e1<\/a><\/p>\n\n\n\n<p>8.2.2017<\/p>\n","protected":false},"excerpt":{"rendered":"<p>Hustope\u010de &#8211; Druh\u00e1 sv\u011btov\u00e1 v\u00e1lka kon\u010d\u00ed. A&nbsp;Josef Bab\u00e1\u010dek pom\u00e1h\u00e1 stejn\u011b jako dal\u0161\u00ed mu\u017ei v&nbsp;Mork\u016fvk\u00e1ch na B\u0159eclavsku zakop\u00e1vat padl\u00e9 voj\u00e1ky a kon\u011b rusk\u00e9 i&nbsp;n\u011bmeck\u00e9 arm\u00e1dy. Tehdy jako osmn\u00e1ctilet\u00fd mlad\u00edk za\u010d\u00edn\u00e1 sb\u00edrat r\u016fzn\u00e9 p\u0159edm\u011bty, kter\u00e9 po voj\u00e1c\u00edch z\u016fstaly a kter\u00e9 s&nbsp;v\u00e1lkou souvisely. <a class=\"more-link\" href=\"https:\/\/www.symbivita.cz\/josefbabacek\/2020\/09\/01\/po-valecnem-sberateli-josefu-babackovi-strileli-z-palavy-nemci\/\">Cel\u00fd \u010dl\u00e1nek  <span class=\"screen-reader-text\">  Po v\u00e1le\u010dn\u00e9m sb\u011brateli Josefu Bab\u00e1\u010dkovi st\u0159\u00edleli z P\u00e1lavy N\u011bmci<\/span><span class=\"meta-nav\">&rarr;<\/span><\/a><\/p>\n","protected":false},"author":1,"featured_media":0,"comment_status":"open","ping_status":"open","sticky":false,"template":"","format":"standard","meta":{"footnotes":""},"categories":[1],"tags":[],"_links":{"self":[{"href":"https:\/\/www.symbivita.cz\/josefbabacek\/wp-json\/wp\/v2\/posts\/632"}],"collection":[{"href":"https:\/\/www.symbivita.cz\/josefbabacek\/wp-json\/wp\/v2\/posts"}],"about":[{"href":"https:\/\/www.symbivita.cz\/josefbabacek\/wp-json\/wp\/v2\/types\/post"}],"author":[{"embeddable":true,"href":"https:\/\/www.symbivita.cz\/josefbabacek\/wp-json\/wp\/v2\/users\/1"}],"replies":[{"embeddable":true,"href":"https:\/\/www.symbivita.cz\/josefbabacek\/wp-json\/wp\/v2\/comments?post=632"}],"version-history":[{"count":2,"href":"https:\/\/www.symbivita.cz\/josefbabacek\/wp-json\/wp\/v2\/posts\/632\/revisions"}],"predecessor-version":[{"id":635,"href":"https:\/\/www.symbivita.cz\/josefbabacek\/wp-json\/wp\/v2\/posts\/632\/revisions\/635"}],"wp:attachment":[{"href":"https:\/\/www.symbivita.cz\/josefbabacek\/wp-json\/wp\/v2\/media?parent=632"}],"wp:term":[{"taxonomy":"category","embeddable":true,"href":"https:\/\/www.symbivita.cz\/josefbabacek\/wp-json\/wp\/v2\/categories?post=632"},{"taxonomy":"post_tag","embeddable":true,"href":"https:\/\/www.symbivita.cz\/josefbabacek\/wp-json\/wp\/v2\/tags?post=632"}],"curies":[{"name":"wp","href":"https:\/\/api.w.org\/{rel}","templated":true}]}}