{"id":340,"date":"2020-08-15T13:54:00","date_gmt":"2020-08-15T11:54:00","guid":{"rendered":"http:\/\/www.symbivita.cz\/josefbabacek\/?p=340"},"modified":"2020-09-01T18:26:09","modified_gmt":"2020-09-01T16:26:09","slug":"slovacka-brigada","status":"publish","type":"post","link":"https:\/\/www.symbivita.cz\/josefbabacek\/2020\/08\/15\/slovacka-brigada\/","title":{"rendered":"Slov\u00e1ck\u00e1 brig\u00e1da"},"content":{"rendered":"\n<p>V\u00e1\u017een\u00fd \u010dten\u00e1\u0159i, p\u0159edkl\u00e1d\u00e1m ti k&nbsp;nahl\u00e9dnut\u00ed v\u00fdtah &nbsp;magistersk\u00e9 pr\u00e1ce&nbsp;&nbsp; Mgr. Luk\u00e1\u0161e Lexy o zalo\u017een\u00ed a \u010dinnosti&nbsp; vojensk\u00e9 organizace Slov\u00e1ck\u00e1 brig\u00e1da.Tak\u00e9\nabecedn\u00ed seznam z\u00fa\u010dastn\u011bn\u00fdch&nbsp; v\u0161ech mork\u016fvsk\u00fdch\n&nbsp;&nbsp;voj\u00e1k\u016f a jejich za\u0159azen\u00ed.&nbsp; Mgr. Lexa &nbsp;pak p\u0159ipravuje p\u0159\u00ed\u0161t\u00ed rok na toto t\u00e9ma&nbsp; podrobn\u00e9 kni\u017en\u00ed vyd\u00e1n\u00ed.. Pat\u0159\u00ed mu zato obdiv,\ngratulace a v\u0159el\u00fd d\u00edk, s&nbsp;p\u0159\u00e1n\u00edm \u00fasp\u011b\u0161n\u00e9ho&nbsp;\npokra\u010dov\u00e1n\u00ed &nbsp;v&nbsp;b\u00e1d\u00e1n\u00ed. &nbsp;J.B. <\/p>\n\n\n\n<p>V&nbsp;posledn\u00ed dob\u011b se st\u00e1le hovo\u0159\u00ed o na\u0161ich&nbsp; hrdinech&nbsp;\nze I.&nbsp; sv\u011btov\u00e9 v\u00e1lky i ze druh\u00e9 ale\nnejv\u00edc o sou\u010dasn\u00fdch, bojuj\u00edc\u00edch&nbsp;\nv&nbsp;Afganist\u00e1nu, Kosovu, Ir\u00e1ku, Bagramu &nbsp;a b\u016fh v\u00ed kde je\u0161t\u011b. A jsou vyznamen\u00e1v\u00e1ni&nbsp; vysok\u00fdmi st\u00e1tn\u00edmi medailemi. P\u0159itom si v\u016fbec &nbsp;moc&nbsp;\nnep\u0159ipom\u00edn\u00e1me&nbsp; konec m\u011bs\u00edce \u0159\u00edjna &nbsp;1918 !, kde n\u00ed\u017ee jmenovan\u00ed voj\u00e1ci z&nbsp;na\u0161\u00ed\nobce hrd\u011b br\u00e1nili hranice na\u0161eho st\u00e1tu. \u010cest jejich tehdej\u0161\u00ed \u010dinnosti a\npam\u00e1tce. Chlapci d\u011bkujeme.&nbsp; Nech\u0165 je v\u00e1m &nbsp;zem\u011b lehk\u00e1. <\/p>\n\n\n\n<p>Jak v\u00edme 28. \u0159\u00edjen je den\nzalo\u017een\u00ed na\u0161\u00ed republiky. A tak\u00e9 v\u00edme, \u017ee n\u00e1\u0161 nyn\u011bj\u0161\u00ed &nbsp;b\u0159eclavsk\u00fd okres&nbsp; se skl\u00e1dal asi z 1\/10 n\u011bmeck\u00fdch obyvatel. Ti\njak dokl\u00e1daj\u00ed d\u011bjiny cht\u011bli Heim ins Reich (zp\u011bt doma) u\u017e tenkr\u00e1t (rovn\u011b\u017e tak\nv&nbsp;r 1939) a br\u00e1nili p\u0159ijmout pov\u00e1le\u010dnou zm\u011bnu, zalo\u017een\u00ed nov\u00e9ho st\u00e1tu &nbsp;\u010cSR.<\/p>\n\n\n\n<p>&nbsp;Horn\u00ed Uhry\n(Slovensko) se stalo sou\u010d\u00e1st\u00ed nov\u00e9ho demokratick\u00e9ho st\u00e1tu ov\u0161em, \u017ee ne bez\npot\u00ed\u017e\u00ed. &nbsp;&nbsp;Hned po vyhl\u00e1\u0161en\u00ed samostatnosti&nbsp; se v&nbsp;Praze, \u010c. Bud\u011bjovic\u00edch, Plzni i v Brn\u011b\nformovaly&nbsp; tzv pluky Str\u00e1\u017ee svobody.Na\njihov\u00fdchodn\u00ed Morav\u011b&nbsp; se po\u010daly tvo\u0159it\ndobrovolnick\u00e9&nbsp; jednotky v&nbsp;Hodon\u00edn\u011b,\nUh. Hradi\u0161ti ,Kyjov\u011b, Uh. Brod\u011b. Ty se pozd\u011bji staly sou\u010d\u00e1st\u00ed Slov\u00e1ck\u00e9 brig\u00e1dy.\nPro ro\u010dn\u00edky 1896-1898 byla vyhl\u00e1\u0161ena brann\u00e1 povinnost. Vojensk\u00e1 spr\u00e1va \u010ds.\nbrann\u00e9 moci, tedy na v\u0161echny mu\u017ee slou\u017e\u00edc\u00ed v&nbsp;letech 1918-1919 se &nbsp;pohl\u00ed\u017e\u00ed&nbsp;\njako na dobrovoln\u00edky&nbsp; a Slov\u00e1ckou\nbrig\u00e1du tedy m\u016f\u017eeme klasifikovat jako dobrovolnickou jednotku. V&nbsp;Hodon\u00edn\u011b,\nKyjov\u011b \u010di Str\u00e1\u017enici zv\u011bsti o samostatnosti byly p\u0159ijaty s&nbsp;nad\u0161en\u00edm ale\nv&nbsp;p\u0159ev\u00e1\u017en\u011b&nbsp; n\u011bmeck\u00fdch m\u011bstech v&nbsp;Hustope\u010d\u00edch,\nValtic\u00edch &nbsp;\u010di&nbsp; Mikulov\u011b se neslavilo.&nbsp; Brn\u011bnsk\u00fd N\u00e1rodn\u00ed v\u00fdbor pov\u011b\u0159il zformov\u00e1n\u00edm\nvojensk\u00e9 jednotky pro jih Moravy zvan\u00e9 Slov\u00e1ck\u00e1 brig\u00e1da setn\u00edka <strong>Cyrila\nHluch\u00e9ho<\/strong>. Ten ji\u017e na 5.listopadu 1918 !!!!! sezval do hodon\u00ednsk\u00e9ho\nBesedn\u00edho domu, v\u0161echny d\u016fstojn\u00edky z&nbsp;okol\u00ed a zde jim vylo\u017eil \u00fakoly. Mezi\njin\u00fdmi pat\u0159ilo zabezpe\u010den\u00ed klidu a po\u0159\u00e1dku p\u0159i stabilizaci &nbsp;nov\u00e9 st\u00e1tn\u00ed spr\u00e1vy a obsazen\u00ed\nstrategick\u00fdch&nbsp; bod\u016f a komunikac\u00ed (\u017eelezni\u010dn\u00edho\nuzlu B\u0159eclavi, Severn\u00ed dr\u00e1hy, Vl\u00e1rsk\u00e9 dr\u00e1hy a \u017eelezni\u010dn\u00ed trati B\u0159eclav-Brno.\nV&nbsp;\u010dele brig\u00e1dy st\u00e1l tedy setn\u00edk <strong>Cyril Hluch\u00fd<\/strong>. Jeho pobo\u010dn\u00edkem byl\nnadporu\u010d\u00edk <strong>Josef Hortv\u00edk.<\/strong><\/p>\n\n\n\n<p>Z\u00e1kladem mu\u017estva Slov\u00e1ck\u00e9 brig\u00e1dy\nbyly tzv. Zelen\u00e9 k\u00e1dry, voj\u00e1ci rakousko-uhersk\u00e9 arm\u00e1dy, kte\u0159\u00ed zb\u011bhli a skr\u00fdvali\nse v&nbsp;les\u00edch a r\u016fzn\u011b po domech.Jak v\u00edme z&nbsp;p\u0159edch\u00e1zej\u00edc\u00ed zpr\u00e1vy\nk&nbsp;mobilizaci byli povol\u00e1ny&nbsp; t\u0159i\nro\u010dn\u00edky 1896-1898 . A ji\u017e &nbsp;k 20. lednu\n1919 se stavy brig\u00e1dy vy\u0161plhaly p\u0159es 7.000 mu\u017e\u016f.T\u00edm se pomalu napl\u0148oval sen\nvelitele setn\u00edka Cyrila Hluch\u00e9ho , disponovat 10 prapory..&nbsp; &nbsp;V&nbsp;ned\u011bli 17.listopadu 1918 nastoupil kombinovan\u00fd\nprapor pod velen\u00edm npor. Nostersk\u00e9ho ke slavnostn\u00ed p\u0159\u00edsaze na n\u00e1m\u011bst\u00ed, p\u0159ed\nbudovou radnice v&nbsp;Hodon\u00edn\u011b. A ji\u017e ve\u010der 9.listopadu 1918\nz&nbsp;Hodon\u00edna&nbsp; dorazily dv\u011b roty SB do\nHustope\u010d\u00ed a toto okresn\u00ed m\u011bsto obsadily. Na\u010de\u017e 10,listopadu se v&nbsp;Po\u0161torn\u00e9\nuskute\u010dnil t\u00e1bor lidu, kde se \u010desky c\u00edt\u00edc\u00ed lid\u00e9 vyslovili pro p\u0159ipojen\u00ed\nk&nbsp;\u010cSR. Hned 12.listopadu rota npor.B\u00edlka obsadila Po\u0161tornou, Charvatskou\nNovou Ves a Hlohovec. D\u0159\u00edve to byla sou\u010d\u00e1st Doln\u00edch Rakous. Dne 16.listopadu\nodejel z&nbsp;Hodon\u00edna&nbsp; npor. Ecker do\nB\u0159eclavi jako ubytovatel Slov\u00e1ck\u00e9 brig\u00e1dy a 18. Listopadu m\u011bsto obsadil\nhodon\u00ednsk\u00fd I. poln\u00ed prapor pod velen\u00edm npor. Se\u010dk\u00e1\u0159e. Baterie d\u011blost\u0159electva\npod velen\u00edm setn\u00edka \u0158ezn\u00ed\u010dka um\u00edstila na b\u0159eh Dyje dv\u011b 9cm d\u011bla, kter\u00e1 m\u00ed\u0159ila\nna mosty p\u0159es Dyji a na trati do V\u00eddn\u011b. Na z\u00e1klad\u011b rozkazu Zemsk\u00e9ho vojensk\u00e9ho\nvelitelstv\u00ed v&nbsp;Brn\u011b obsadily spole\u010dn\u00e9 s\u00edly p\u016fl praporu z&nbsp;J\u00e1nsk\u00e9ho&nbsp; dvora a&nbsp;\n\u010dty\u0159 dragoun\u016f a jednoho d\u011bla pod velen\u00edm npor. Eckera a roty por. Horn\u00e9ho\nz&nbsp;Podiv\u00edna 30.listopadu Lednici. M\u00edstn\u00ed B\u00fcrgewehr&nbsp; o s\u00edle 14 mu\u017e\u016f prchl a zbran\u011b (7 star\u00fdch&nbsp; loveck\u00fdch pu\u0161ek) ponechal na str\u00e1\u017enici.Sou\u010dasn\u011b\ns&nbsp;Lednic\u00ed byla obsazena jednou samostatnou rotou z&nbsp;Hodon\u00edna tak\u00e9\nvesnice Hlohovec. &nbsp;B\u0159eclavsk\u00fd \u00fasek tou\ndobou sahal od Bulhar k&nbsp;Lan\u017ehotu. Po p\u0159esunu III. a IV. poln\u00edho praporu do\nHustope\u010d\u00ed a okol\u00ed (obsazeno Zaje\u010d\u00ed, Strachot\u00edn, Iva\u0148, Poho\u0159elice a \u0160akvice,)\nbyl vytvo\u0159en tzv. hustope\u010dsk\u00fd \u00fasek pod velen\u00edm setn\u00edka B\u00f6srauga.<\/p>\n\n\n\n<p>Mezi centra Deustch-S\u00fcdm\u00e4hren\novl\u00e1dan\u00e9ho n\u011bmeck\u00fdmi separatisty pat\u0159ilo Znojmo, Hru\u0161ovany nad Jevi\u0161ovkou&nbsp; a Mikulov. Zemsk\u00e9 velitelstv\u00ed ve V\u00eddni\njmenovalo velitelem Volkswehru v&nbsp;kraji&nbsp;\nplukovn\u00edka Konrada von Strauba.&nbsp;\nTen organiza\u010dn\u011b rozd\u011blil kraj na 4 \u010d\u00e1sti&nbsp;\na velitelem mikulovsk\u00e9ho \u00faseku se stal setn\u00edk Viktor Radda. Do 14. prosince\nse mu poda\u0159ilo d\u00e1t dohromady asi 700 mu\u017e\u016f a 13 kulomet\u016f. Voj\u00e1ci byli\nz&nbsp;taktick\u00fdch d\u016fvod\u016f a taky i kv\u016fli nedostatku ubytovac\u00edch kapacit\nv&nbsp;Mikulov\u011b &nbsp;rozm\u00edst\u011bni v&nbsp;B\u0159ez\u00ed,\nDrnholci, Doln\u00edch V\u011bstonic\u00edch, Milovic\u00edch \u010di v&nbsp;Doln\u00edch Dunajovic\u00edch. Krom\u011b\nubytov\u00e1n\u00ed d\u00e1le \u0159e\u0161il akutn\u00ed nedostatek v\u00fdzbroje a v\u00fdstroje. V\u00edde\u0148 sice poslala\njako posilu prapor n\u00e1mo\u0159n\u00edk\u016f Volkswehru, av\u0161ak po n\u011bkolika incidentech je Radda\nposlal zp\u011bt do V\u00eddn\u011b.<\/p>\n\n\n\n<p>&nbsp;Na zemsk\u00e9m vojensk\u00e9m velitelstv\u00ed v&nbsp;Brn\u011b\nse napl\u00e1novala no\u010dn\u00ed akce z&nbsp;15.na 16. listopad obsazen\u00ed Znojma, Mikulova,\nHru\u0161ovan. V dob\u011b obsazov\u00e1n\u00ed Znojma se&nbsp;\nvoj\u00e1ci Slov\u00e1ck\u00e9 brig\u00e1dy bl\u00ed\u017eili ze dvou sm\u011br\u016f k&nbsp;Mikulovu .\nZ&nbsp;Lednice p\u0159es Mu\u0161ov postupoval V.poln\u00ed prapor pod velen\u00edm npor. Eckera.\nZe severn\u00ed &nbsp;strany p\u0159es Doln\u00ed V\u011bstonice\nt\u00e1hly dv\u011b roty IV. poln\u00edho praporu pod velen\u00edm setn\u00edka B\u00f6srauga. Celkov\u00e1 s\u00edla\np\u0159edstavovala 500 mu\u017e\u016f. Obsazen\u00ed prob\u00edhalo celkem hladce. Pouze u Doln\u00edch\nV\u011bstonic do\u0161lo ke kr\u00e1tk\u00e9 p\u0159est\u0159elce. Kulomety, kter\u00e9 m\u011bly u Pavlova zadr\u017eet\npostup severn\u00ed skupiny, ustoupily. Volkswehr o s\u00edle asi 200 mu\u017e\u016f se\nz&nbsp;Mikulova st\u00e1hl. Mal\u00e1 \u010d\u00e1st se dostala do Mistelbachu. Zbytek se rozutekl a\nza\u010dal drancovat v&nbsp;okol\u00ed Mikulova. Vojensk\u00e1 i politick\u00e1 organizace kraje Deutsche-S\u00fcdm\u00e4hren\nse t\u00edmto dnem rozpadla a \u00fazem\u00ed bylo definitivn\u011b \u010ceskoslovensku p\u0159i\u0159\u010deno\npa\u0159\u00ed\u017eskou m\u00edrovou konferenc\u00ed.<\/p>\n\n\n\n<p><strong>Slov\u00e1ck\u00e1 brig\u00e1da p\u016fsobila i ve Slezsku.<\/strong> I zde byly snahy o odtr\u017een\u00ed\npohrani\u010dn\u00edch \u00fazem\u00ed od \u010ceskoslovenska. IV. poln\u00ed prapor hodon\u00ednsk\u00e9 pos\u00e1dky &nbsp;SB se 21.prosince 1918 odebral do Moravsk\u00e9 Ostravy&nbsp; a 27. prosince&nbsp; obsadil Krnov a Brunt\u00e1l. 19.prosince odejel\nIII. poln\u00ed prapor do Opavy, kde konal slu\u017ebu a\u017e do 13.ledna 1919. Pak se\np\u0159esunul do Brunt\u00e1lu aby vyst\u0159\u00eddal dv\u011b roty tam um\u00edstn\u011bn\u00e9ho IV. poln\u00edho praporu.\nV&nbsp;lednu 1919 se ale schylovalo k&nbsp;otev\u0159en\u00e9mu boji s&nbsp;Pol\u00e1ky.\nSkute\u010dn\u011b 23.ledna palba zbran\u00ed na obou stran\u00e1ch nahradila vyjedn\u00e1v\u00e1n\u00ed. A a\u017e v&nbsp;noci\nna 1.\u00fanora 1919 bylo mezi parlament\u00e1\u0159em setn\u00edkem Pek\u00e1rkem a velitelem polsk\u00fdch\njednotek&nbsp; plukovn\u00edkem Latinikem dojedn\u00e1no\np\u0159\u00edm\u011b\u0159\u00ed. T\u00edm skon\u010dila sedmidenn\u00ed v\u00e1lka s&nbsp;Polskem. P\u0159esto tam byl VI. poln\u00ed\nprapor p\u0159esunut&nbsp; do T\u011b\u0161\u00edna 10.\u00fanora, jako\nposila a ji\u017e 22.\u00fanora se st\u00e1hl zp\u011bt do B\u0159eclavi <\/p>\n\n\n\n<p><strong>&nbsp;Nato p\u0159i\u0161lo k&nbsp;p\u0159eskupen\u00ed\nvojska a p\u0159\u00edprava Slov\u00e1ck\u00e9 brig\u00e1dy&nbsp;\nk&nbsp;p\u0159esunu na Slovensko <\/strong>kde &nbsp;mal\u00e1\u010d\u00e1st\nbrig\u00e1dy tam byla ji\u017e d\u0159\u00edve &nbsp;nasazen\u00e1. A kter\u00e1\np\u0159i boj\u00edch s&nbsp;ma\u010farsk\u00fdmi jednotkami a \u010detn\u00edky a loupe\u017eiv\u00fdmi bandami utrp\u011bla\nprvn\u00ed krvav\u00e9 zran\u011bn\u00ed. Na n\u00e1sledky t\u011b\u017ek\u00e9ho &nbsp;zran\u011bn\u00ed p\u0159i p\u0159est\u0159elce u Senice &nbsp;zem\u0159el dne 23.prosince 1918 v&nbsp;hodon\u00ednsk\u00e9\nnemocnici&nbsp; \u0161ikovatel Matrin Krist. P\u016fvodn\u00ed\n\u017eiveln\u00e9 obsazov\u00e1n\u00ed Slovenska vyst\u0159\u00eddal systematick\u00fd postup \u010ds. vojensk\u00fdch\njednotek. Poln\u00ed prapor I. byl odesl\u00e1n na v\u00fdchodn\u00ed Slovensko, poln\u00ed prapor III.\nDo oblasti Bratislava a VI. Poln\u00ed prapor do oblasti Nov\u00e9 Z\u00e1mky, Kom\u00e1rno,\nLevice. 2. rota VI. poln\u00edho praporu 26. kv\u011btna skon\u010dila svou \u010dinnost a m\u011bla se\nsoust\u0159edit v&nbsp;Levic\u00edch a dal\u0161\u00ed den m\u011bla odejet do Martina. Kv\u016fli\nvypuknuv\u0161im boj\u016fm s&nbsp;Ma\u010fary k&nbsp;tomu nedo\u0161lo. Aby rota u\u0161la zajet\u00ed, tak\nse rozd\u011blili na mal\u00e9 skupiny, jejich\u017e j\u00e1dro se se\u0161lo a\u017e 2. \u010dervna v&nbsp;Nit\u0159e.\nDv\u011b men\u0161\u00ed skupinky VI. poln\u00edho praporu se u Dubn\u00edku a Strekova p\u0159ipojili\nk&nbsp;pluku \u010d.34. a bojovali s nimi bok po boku 31. kv\u011btna a 1. \u010dervna&nbsp; u \u0160t\u00farova a pak s nimi ustoupili do Nov\u00fdch\nZ\u00e1mk\u016f. <\/p>\n\n\n\n<p>V&nbsp;dubnu 1919 p\u0159i\u0161lo\nz&nbsp;na\u0159\u00edzen\u00ed Ministerstva n\u00e1rodn\u00ed obrany, odlou\u010den\u00ed III. a IV. poln\u00edho\npraporu Slov\u00e1ck\u00e9 brig\u00e1dy a jejich p\u0159\u00edm\u00e9 pod\u0159\u00edzenosti vojensk\u00e9mu inspektor\u00e1tu\nv&nbsp;Moravsk\u00e9 Ostrav\u011b. Hned nato o m\u011bs\u00edc pozd\u011bji p\u0159i\u0161lo k&nbsp;dal\u0161\u00ed reorganizaci\nSlov\u00e1ck\u00e9 brig\u00e1dy a p\u0159ejmenov\u00e1n\u00ed na Slov\u00e1ck\u00fd p\u011b\u0161\u00ed&nbsp; pluk. Zbyl\u00e9 \u00fatvary byly velitelsky&nbsp; vy\u0148aty z&nbsp;pravomoci mjr. Hluch\u00e9ho\n(bohu\u017eel) a velitelem pluku byl jmenov\u00e1n major francouzsk\u00e9 arm\u00e1dy Cayrol, kter\u00fd\nvelel pluku a\u017e do jeho rozpu\u0161t\u011bn\u00ed, b\u0159ezen 1920.<\/p>\n\n\n\n<p>&nbsp;Snaha Slov\u00e1ck\u00e9 brig\u00e1dy zalo\u017een\u00e1 na region\u00e1ln\u00edch\ntradic\u00edch, kter\u00e9 se sm\u00edsili s&nbsp;nov\u00fdm duchem&nbsp;\nnovodob\u00e9 \u010deskoslovensk\u00e9 arm\u00e1dy. Pohled a c\u00edt\u011bn\u00ed p\u016fvodn\u00edho velitele\nbrig\u00e1dy majora Cyrila Hluch\u00e9ho jsou uk\u00e1zkou, jak siln\u011b je zako\u0159en\u011bn region\u00e1ln\u00ed\npatriotismus a tradice jihov\u00fdchodn\u00ed Moravy. Alois Fiala p\u0159irovnal Podlu\u017e\u00ed\nk&nbsp;Chodsku a jeho obyvatele k&nbsp;Jir\u00e1skov\u00fdm Psohlavc\u016fm. V\u0161ichni s\n&nbsp;hrdost\u00ed \u0161li br\u00e1nit hranice sv\u00e9 zem\u011b. Major Cyril Hluch\u00fd, byl lok\u00e1ln\u00edm\npatriotem a podporoval p\u0159en\u00e9st n\u011bkter\u00e9 prvky Slov\u00e1ck\u00e9ho kroje do arm\u00e1dn\u00ed\nuniformy. Co\u017e bylo v&nbsp;rozporu jeho nad\u0159\u00edzen\u00fdch. Kdy\u017e se logicky uva\u017euje,\nnemus\u00edme se divit n\u00e1zoru nad\u0159\u00edzen\u00fdm org\u00e1n\u016fm. Pravdou ale je, \u017ee sv\u00fdmi voj\u00e1ky\nbyl obl\u00edben. Po propu\u0161t\u011bn\u00ed z&nbsp;arm\u00e1dy v&nbsp;meziv\u00e1le\u010dn\u00e9 dob\u011b nena\u0161el\nd\u016fstojn\u00e9 profesn\u00ed uplatn\u011bn\u00ed ani uzn\u00e1n\u00ed, kter\u00e9 mu n\u00e1le\u017eelo. N\u00e1zorov\u011b se hodn\u011b\nsbl\u00ed\u017eil s&nbsp;d\u00e1vn\u00fdm <em>p\u0159\u00edtelem<\/em> Jo\u017ekou\n\u00daprkou. Ten mu p\u0159i n\u00e1vrhu n\u00e1m\u011btu plukovn\u00ed standarty Slov\u00e1ck\u00e9 brig\u00e1dy \u0159ekl :\u201c <em>Nezn\u00e1te Prahu. Ob\u011btoval jste st\u00e1tu sv\u016f\nciviln\u00ed existenci, abyste zalo\u017eil a organizoval prvn\u00ed \u010dsl. brig\u00e1du, osvobodil\njste ji\u017en\u00ed Moravu vytla\u010den\u00edm rakousk\u00e9ho vojska&nbsp;\nza historick\u00e9 hranice a zabezpe\u010dil sv\u00e9 republice ohromn\u00e9 majetky.&nbsp; Nemyslete si, \u017ee je t\u00edm va\u0161e existence\nzaji\u0161t\u011bna . Voni\u201c a\u017e v\u00e1s nebud\u00fa pot\u0159ebovat, zbavia &nbsp;v\u00e1s chleba a kdy\u017e k nim p\u016fjdete prosit, nic\nv\u00e1m nedaj\u00fa a e\u0161t\u011b sa v\u00e1m vysm\u011bj\u016f. Aj ten prapor V\u00e1m seber\u016f. Pon\u011bv\u00e1\u010d ste si\ndovolil pracovat k&nbsp;tomu aby sa neco z&nbsp;na\u0161eho kroja dostalo do novej\nuniformy a t\u00edm ste pracoval aji kulturn\u011b.\u00b4Voni rad\u0161i p\u0159ijm\u00fa uniformu franc\u00fazk\u00fa\na daj\u00fa si naglobinovat hlavu, aby vypadali jak franc\u00fa\u0161t\u00ed koloni\u00e1ln\u00ed voj\u00e1ci a\nv\u00e1s prohl\u00e1sij\u00fa za bl\u00e1zna. <\/em><\/p>\n\n\n\n<p>Hluch\u00fd t\u011bmto slov\u016fm nev\u011b\u0159il, ale \u010dasem za\u010dal ch\u00e1pat, \u017ee nov\u00e1\nrepublika nebude tak ide\u00e1ln\u00ed jak si v&nbsp;dob\u011b p\u0159evratu p\u0159edstavoval.\nV&nbsp;roce 1924 napsal otev\u0159en\u00fd dopis ministersk\u00e9mu p\u0159edsedovi Anton\u00ednu\n\u0160vehlovi otev\u0159en\u00fd dopis\u2026. <em>Velev\u00e1\u017een\u00fd pane\nministersk\u00fd p\u0159edsedo ! Ve sv\u00e9 \u0159e\u010di 6. b\u0159ezna v&nbsp;n\u00e1rodn\u00edm shrom\u00e1\u017ed\u011bn\u00ed jste\n\u0159ekl mimo jin\u00e9: ,Demokracie chce od \u010dlov\u011bka pr\u00e1ci a \u010diny\u2026.\u00b4 Z\u00e1le\u017e\u00ed n\u00e1m na tom,\naby s&nbsp;nejv\u011bt\u0161\u00edm urychlen\u00edm byl sjedn\u00e1n pr\u016fchod pr\u00e1va\u2026.\u00b4 (\u2026) Byl jsem&nbsp; p\u0159i pr\u00e1ci a vykon\u00e1val \u010diny. Kdy\u017e po p\u0159evratu\nobsadily rakousk\u00e9 vojensk\u00e9 odd\u00edly a n\u00e1mo\u0159nick\u00e9 prapory zn\u011bm\u010den\u00e9 \u00fazem\u00ed ji\u017en\u00ed\nMoravy od B\u0159eclavi a\u017e po Znojmo, vydupal jsem tak\u0159ka ze zem\u011b prvn\u00ed \u010ds. arm\u00e1du\ntuzemskou Slov\u00e1ck\u00e1 brig\u00e1da v&nbsp;dob\u011b kdy jsme \u017e\u00e1dnou arm\u00e1du nem\u011bli. Proti\nt\u011bmto rakousk\u00fdm vojensk\u00fdm sil\u00e1m postupoval jsem a zatla\u010dil je a\u017e za historickou\nhranici a zabezpe\u010dil jsem t\u00edm strategicky ned\u016fle\u017eit\u011bj\u0161\u00ed bod\nv&nbsp;\u010deskoslovensk\u00e9 republice \u2013 \u017eelezni\u010dn\u00ed uzel b\u0159eclavsk\u00fd. Ob\u011btoval jsem sv\u00e9\np\u0159edv\u00e1le\u010dn\u00e9 postaven\u00ed, abych v&nbsp;kritick\u00e9 chv\u00edli slou\u017eil vlasti. Byl jsem\n\u010dty\u0159i v\u00e1le\u010dn\u00e1 l\u00e9ta perzekuov\u00e1n a nezten\u010den\u011b trv\u00e1 dodnes (\u2026) Pro mne nebylo ani\nchleba, ani m\u00edsta a\u010d korup\u010dn\u00edci, vlastizr\u00e1dci a lid\u00e9 ne\u010destn\u00ed dostali to, o\u010d\njsem se uch\u00e1zel&nbsp; (\u2026). Chudobn\u00fd &nbsp;m\u016fj&nbsp; otec\ndal mne na studia, abych ho ve st\u00e1\u0159\u00ed podporoval a nyn\u00ed on mne mus\u00ed \u017eiviti,\nmatka se utr\u00e1pila a p\u0159ed rokem&nbsp; zem\u0159ela.\nNejsem neskromn\u00fd a sta\u010dilo by mi \u00fapln\u011b, kdybych vid\u011bl se strany \u010ds. vl\u00e1dy onu\nstarost o mne a moji existenci, kterou jist\u00e9 kruhy projevuj\u00ed ku zachr\u00e1n\u011bn\u00ed\nt\u011bch, kte\u0159\u00ed rozkr\u00e1dali miliony, zat\u00edm co j\u00e1 jsem je pro republiku zabezpe\u010doval.\nTento krut\u00fd osud mi p\u0159edpov\u011bd\u011bl Jo\u017eka \u00daprka, n\u00e1\u0161 slov\u00e1ck\u00fd um\u011blec. Uji\u0161\u0165uji v\u00e1s\npane ministersk\u00fd p\u0159edsedo, \u017ee kdybych v\u011bd\u011bl v&nbsp;dob\u011b kdy jsem m\u011bl takovou\nvojenskou&nbsp; s\u00edlu v&nbsp;rukou, \u017ee takovk\u00e1\nnespravedlnost bude v&nbsp;tomto st\u00e1t\u011b mo\u017en\u00e1, byl bych t\u00e1hl na Prahu. Dnes\nv&nbsp;den narozenin pana presidenta republiky, p\u00ed\u0161i tento dopis, pon\u011bvad\u017e\ndostal jsem &nbsp;13. odm\u00edtnut\u00ed m\u00e9 \u017e\u00e1dosti o\nn\u011bjakou existenci, po p\u011btilet\u00e9m pro\u0161en\u00ed. (\u2026)<\/em><\/p>\n\n\n\n<p>Kdyby tento p\u0159\u00edb\u011bh n\u011bkomu n\u011bco\np\u0159ipom\u00ednal, tak je to v\u011bc \u010dist\u011b n\u00e1hodn\u00e1. <\/p>\n\n\n\n<p>Stejnokroje p\u0159\u00edslu\u0161n\u00edk\u016f odpov\u00eddali t\u00e9 dob\u011b. Na sam\u00e9m po\u010d\u00e1tku u\u017e\u00edvali uniformy rakousk\u00e9 arm\u00e1dy. Symboly mocn\u00e1\u0159stv\u00ed vyst\u0159\u00eddaly \u010deskoslovensk\u00e9 barvy a odznaky. Mnoz\u00ed p\u0159\u00edslu\u0161n\u00edci SB nosili \u010dervenice od&nbsp; region\u00e1ln\u00edho &nbsp;kroje a i civiln\u00ed kalhoty a beranice s&nbsp;\u010dervenob\u00edlou stu\u017ekou.&nbsp; Jak vid\u00edte nebyli dob\u0159e oble\u010den\u00ed a mo\u017en\u00e1 i nenasycen\u00ed , p\u0159esto se postavili na hranice a hrd\u011b je br\u00e1nili pro sv\u00e9 d\u011bti a rodiny i za cenu vlastn\u00edho \u017eivota. &nbsp;\u010cest jejich pam\u00e1tce.&nbsp;&nbsp;&nbsp;&nbsp;<\/p>\n\n\n\n<p>Slavnostn\u00ed uniformu v&nbsp;na\u0161em regionu &nbsp;obdr\u017eeli a\u017e v&nbsp;roce 1946, z\u00e1sluhou brumovsk\u00e9ho&nbsp; peka\u0159sk\u00e9ho mistra Antonina Hlavi\u010dky.&nbsp; Kter\u00fd za I. sv\u011btov\u00e9 v\u00e1lky slou\u017eil jako lodn\u00edk u n\u00e1mo\u0159nictva. Byl nositelem&nbsp; dvou v\u00e1le\u010dn\u00fdch vyznamen\u00e1n\u00ed.<\/p>\n\n\n\n<p><em>Josef Bab\u00e1\u010dek<\/em><\/p>\n\n\n\n<p><strong>Mork\u016fv\u0161t\u00ed &nbsp;mu\u017ei ve Slov\u00e1ck\u00e9\nbrig\u00e1d\u011b 1918&nbsp; <\/strong><\/p>\n\n\n\n<p><strong>P\u0159ijmen\u00ed&nbsp;&nbsp;&nbsp;&nbsp;&nbsp;\nJm\u00e9no&nbsp;&nbsp;&nbsp;&nbsp; rok nar.&nbsp;&nbsp;&nbsp; hodnost&nbsp;&nbsp;\nb\u00fdval\u00fd \u00fatvar&nbsp;&nbsp; evid.\u010d\u00edslo&nbsp;&nbsp; &nbsp;&nbsp;&nbsp;za\u0159azen\u00ed u SB.<\/strong><\/p>\n\n\n\n<p>Bab\u00e1\u010dek&nbsp;&nbsp;&nbsp;&nbsp;&nbsp;\nJaroslav&nbsp;&nbsp; 1897&nbsp;&nbsp;&nbsp;&nbsp;&nbsp;&nbsp;&nbsp;&nbsp;&nbsp; st\u0159elec&nbsp;&nbsp;&nbsp;&nbsp;&nbsp;&nbsp; st\u0159el.pl.24.&nbsp;&nbsp;&nbsp;&nbsp;&nbsp;&nbsp; 2030&nbsp;&nbsp;&nbsp;&nbsp;&nbsp;\n&nbsp;&nbsp;&nbsp;&nbsp;VI.pol.prap..3. setn. kulomet.<\/p>\n\n\n\n<p>Bab\u00e1\u010dek&nbsp;&nbsp;&nbsp;&nbsp;&nbsp;\nViktor&nbsp;&nbsp;&nbsp;&nbsp;&nbsp;&nbsp; 1894&nbsp;&nbsp;&nbsp;&nbsp;&nbsp;&nbsp;&nbsp; des\u00e1tn\u00edk&nbsp;&nbsp;&nbsp;&nbsp; st\u0159el.pl.24.&nbsp;&nbsp;&nbsp;&nbsp;&nbsp;&nbsp;&nbsp; 4918&nbsp;&nbsp;&nbsp;&nbsp;&nbsp; &nbsp;&nbsp;1.n\u00e1h.set.VI.\npol.prap.2.set.<\/p>\n\n\n\n<p>B\u00e1chora&nbsp;&nbsp;&nbsp;&nbsp;&nbsp;&nbsp;\nJosef&nbsp;&nbsp;&nbsp;&nbsp;&nbsp;&nbsp;&nbsp; 1898&nbsp;&nbsp;&nbsp;&nbsp;&nbsp;&nbsp;&nbsp; d\u011blost\u0159l.&nbsp;&nbsp;&nbsp;&nbsp;&nbsp; 16.d\u011bl.pl.&nbsp;&nbsp;&nbsp;&nbsp;&nbsp;&nbsp;&nbsp;&nbsp; 4679&nbsp;&nbsp;&nbsp;&nbsp;&nbsp;&nbsp; &nbsp;&nbsp;VI.pol.pl.\n4.set. <\/p>\n\n\n\n<p>Bula&nbsp;&nbsp;&nbsp;&nbsp;&nbsp;&nbsp;&nbsp;&nbsp;&nbsp;&nbsp;&nbsp;&nbsp;&nbsp;\nTom\u00e1\u0161&nbsp; &nbsp;&nbsp;&nbsp;&nbsp;1898&nbsp;&nbsp; &nbsp;&nbsp;&nbsp;&nbsp;&nbsp;&nbsp;st\u0159elec&nbsp;&nbsp;&nbsp;&nbsp;&nbsp;&nbsp;&nbsp;&nbsp; st\u0159el.pl.24.&nbsp;&nbsp;&nbsp;&nbsp;&nbsp;&nbsp; 918&nbsp;&nbsp;&nbsp;&nbsp;&nbsp;&nbsp;\n&nbsp;1.n\u00e1hr.set.D do povol\u00e1n\u00ed<\/p>\n\n\n\n<p>Dobe\u0161&nbsp;&nbsp;&nbsp;&nbsp;&nbsp;&nbsp;&nbsp;&nbsp;&nbsp;\nJosef&nbsp;&nbsp;&nbsp;&nbsp;&nbsp;&nbsp;&nbsp; 1894&nbsp;&nbsp;&nbsp;&nbsp;&nbsp;&nbsp;&nbsp;&nbsp;&nbsp; p\u011b\u0161\u00e1k&nbsp;&nbsp;&nbsp;&nbsp;&nbsp;&nbsp;&nbsp;&nbsp;&nbsp;&nbsp;&nbsp;&nbsp;&nbsp;&nbsp;&nbsp;&nbsp;&nbsp;&nbsp;&nbsp;&nbsp;&nbsp;&nbsp;&nbsp;&nbsp;&nbsp;&nbsp;&nbsp;&nbsp;&nbsp;&nbsp;&nbsp;&nbsp;&nbsp;&nbsp;&nbsp;&nbsp;&nbsp; K&nbsp;&nbsp;&nbsp;&nbsp;&nbsp;&nbsp;&nbsp;&nbsp;&nbsp;&nbsp; 2.asist.set. <\/p>\n\n\n\n<p>Kratochv\u00edl&nbsp;&nbsp;&nbsp;\nLudv\u00edk&nbsp;&nbsp;&nbsp;&nbsp; 1898&nbsp;&nbsp;&nbsp;&nbsp;&nbsp;&nbsp;&nbsp;&nbsp;&nbsp; st\u0159elec&nbsp;&nbsp;&nbsp;&nbsp;&nbsp;&nbsp;&nbsp;&nbsp; st\u0159.pl.25.&nbsp;&nbsp; &nbsp;&nbsp;&nbsp;&nbsp;1209\nK&nbsp;&nbsp;&nbsp; &nbsp;25.st\u0159.pl.<\/p>\n\n\n\n<p>Kraus&nbsp;&nbsp;&nbsp;&nbsp;&nbsp;&nbsp;&nbsp;&nbsp;&nbsp;&nbsp;\nJosef&nbsp;&nbsp;&nbsp;&nbsp;&nbsp;&nbsp; 1896&nbsp;&nbsp;&nbsp;&nbsp;&nbsp;&nbsp;&nbsp;&nbsp;&nbsp;&nbsp; st\u0159elec&nbsp;&nbsp;&nbsp;&nbsp;&nbsp;&nbsp;&nbsp; st\u0159el.pl.24.&nbsp;&nbsp;&nbsp;&nbsp;&nbsp; 2031&nbsp;&nbsp;&nbsp;&nbsp;&nbsp;&nbsp;\nIV.pol.prap.2.set.<\/p>\n\n\n\n<p>Krh\u00e1nek&nbsp;&nbsp;&nbsp;&nbsp;&nbsp;\nFrant.&nbsp;&nbsp;&nbsp;&nbsp;&nbsp; 1896*&nbsp;&nbsp;&nbsp;&nbsp;&nbsp;&nbsp;&nbsp;&nbsp; voj\u00edn&nbsp;&nbsp;&nbsp;&nbsp;&nbsp;&nbsp;&nbsp;&nbsp;&nbsp;&nbsp;&nbsp; st\u0159.pl.25.&nbsp;&nbsp;&nbsp;&nbsp;&nbsp;&nbsp;&nbsp; 5428&nbsp;&nbsp;&nbsp;&nbsp;&nbsp; &nbsp;VI.pol.pr.\n3.set.posudk. .nem.Brno<\/p>\n\n\n\n<p>Krh\u00e1nek&nbsp;&nbsp;&nbsp;&nbsp;&nbsp;\nFrant.&nbsp;&nbsp;&nbsp;&nbsp;&nbsp; 1896**&nbsp;&nbsp;&nbsp;&nbsp;&nbsp;&nbsp; voj\u00edn&nbsp;&nbsp;&nbsp;&nbsp;&nbsp;&nbsp;&nbsp;&nbsp; st\u0159.pl.25.&nbsp;&nbsp;&nbsp;&nbsp;&nbsp;&nbsp;&nbsp;&nbsp;&nbsp;&nbsp; 923&nbsp;&nbsp;&nbsp;&nbsp;&nbsp;&nbsp;&nbsp; &nbsp;VI.pol.pr.3.set.<\/p>\n\n\n\n<p>Kul\u00ed\u0161ek&nbsp;&nbsp;&nbsp;&nbsp;&nbsp;&nbsp;&nbsp;\nAnt.&nbsp;&nbsp;&nbsp;&nbsp;&nbsp;&nbsp;&nbsp;&nbsp; 1897&nbsp;&nbsp;&nbsp;&nbsp;&nbsp;&nbsp;&nbsp;&nbsp;&nbsp;&nbsp; voj\u00edn&nbsp;&nbsp;&nbsp;&nbsp;&nbsp;&nbsp;&nbsp; &nbsp;&nbsp;p\u011b\u0161.pl.99.&nbsp;&nbsp;&nbsp;&nbsp;&nbsp;&nbsp;&nbsp;&nbsp; 5426&nbsp;&nbsp;&nbsp;&nbsp;&nbsp; VI.pol.pr. D. Do konce<\/p>\n\n\n\n<p>Kul\u00ed\u0161ek&nbsp;&nbsp;&nbsp;&nbsp;&nbsp;&nbsp;&nbsp;\nJosef&nbsp;&nbsp;&nbsp;&nbsp;&nbsp;&nbsp; 1898&nbsp;&nbsp;&nbsp; &nbsp;&nbsp;&nbsp;&nbsp;&nbsp;&nbsp;&nbsp;dragoun&nbsp;&nbsp;&nbsp;&nbsp;&nbsp; dragpl. XI&nbsp;&nbsp;&nbsp;&nbsp;&nbsp;&nbsp;&nbsp; 1512<\/p>\n\n\n\n<p>Lexa&nbsp;&nbsp;&nbsp;&nbsp;&nbsp;&nbsp;&nbsp;&nbsp;&nbsp;&nbsp;&nbsp;\n.Ludv\u00edk&nbsp;&nbsp;&nbsp;&nbsp; 1898&nbsp;&nbsp;&nbsp;&nbsp;&nbsp;&nbsp;&nbsp;&nbsp;&nbsp; p\u011b\u0161\u00e1k&nbsp;&nbsp;&nbsp;&nbsp;&nbsp;&nbsp;&nbsp;&nbsp; p\u011b\u0161.pl.99.&nbsp;&nbsp;&nbsp;&nbsp;&nbsp;&nbsp; 1511<\/p>\n\n\n\n<p>Lexa&nbsp;&nbsp;&nbsp;&nbsp;&nbsp;&nbsp;&nbsp;&nbsp;&nbsp;&nbsp;&nbsp;&nbsp;\nFrant.&nbsp;&nbsp;&nbsp;&nbsp;&nbsp; 1897&nbsp;&nbsp;&nbsp;&nbsp;&nbsp;&nbsp;&nbsp;&nbsp;&nbsp; p\u011b\u0161\u00e1k&nbsp;&nbsp;&nbsp;&nbsp;&nbsp;&nbsp;&nbsp;&nbsp; p\u011b\u0161.pl.99.&nbsp;&nbsp;&nbsp;&nbsp;&nbsp;&nbsp; 5429&nbsp;&nbsp;&nbsp;&nbsp;&nbsp;&nbsp;&nbsp; VI.pl.pr.3.set.1.n\u00e1hr.set.<\/p>\n\n\n\n<p>Malinka&nbsp;&nbsp;&nbsp;&nbsp;&nbsp;&nbsp;\nEmil&nbsp;&nbsp;&nbsp;&nbsp;&nbsp;&nbsp;&nbsp; 1898&nbsp;&nbsp;&nbsp;&nbsp;&nbsp;&nbsp;&nbsp;&nbsp;&nbsp; p\u011b\u0161\u00e1k&nbsp;&nbsp;&nbsp;&nbsp;&nbsp;&nbsp;&nbsp;&nbsp; p\u011b\u0161.pl.99.&nbsp;&nbsp;&nbsp;&nbsp;&nbsp;&nbsp; 1702&nbsp;&nbsp;&nbsp;&nbsp;&nbsp;&nbsp;&nbsp; &nbsp;II.pol.\nprapor<\/p>\n\n\n\n<p>P\u00e1len\u00edk&nbsp;&nbsp;&nbsp;&nbsp;&nbsp;&nbsp;&nbsp;\nAdolf&nbsp;&nbsp;&nbsp;&nbsp;&nbsp;&nbsp; 1898&nbsp;&nbsp;&nbsp;&nbsp;&nbsp;&nbsp;&nbsp;&nbsp; dragoun&nbsp;&nbsp;&nbsp;&nbsp;&nbsp;&nbsp;&nbsp;&nbsp;&nbsp;&nbsp;&nbsp;&nbsp;&nbsp;&nbsp;&nbsp;&nbsp;&nbsp;&nbsp;&nbsp;&nbsp;&nbsp;&nbsp;&nbsp;&nbsp;&nbsp;&nbsp;&nbsp;&nbsp;&nbsp;&nbsp; 1701 K&nbsp; <\/p>\n\n\n\n<p>P\u00e1len\u00edk&nbsp;&nbsp;&nbsp;&nbsp;&nbsp;&nbsp;\nJosef&nbsp;&nbsp;&nbsp;&nbsp;&nbsp;&nbsp;&nbsp;&nbsp; 1898&nbsp;&nbsp;&nbsp;&nbsp;&nbsp;&nbsp;&nbsp;&nbsp; p\u011b\u0161\u00e1k&nbsp;&nbsp;&nbsp;&nbsp;&nbsp;&nbsp;&nbsp;&nbsp;&nbsp; st\u0159.pl.24.&nbsp;&nbsp;&nbsp; &nbsp;&nbsp;&nbsp;&nbsp;&nbsp;1508&nbsp;&nbsp;&nbsp;&nbsp;&nbsp;&nbsp;&nbsp;&nbsp; IV.pol.prapor 2.setnina<\/p>\n\n\n\n<p>Sirn\u00fd&nbsp;&nbsp;&nbsp;&nbsp;&nbsp;&nbsp;&nbsp;&nbsp;&nbsp;&nbsp;\nJosef&nbsp;&nbsp;&nbsp;&nbsp;&nbsp;&nbsp;&nbsp;&nbsp; 1882&nbsp;&nbsp;&nbsp;&nbsp;&nbsp;&nbsp;&nbsp; p\u011b\u0161\u00e1k&nbsp;&nbsp;&nbsp;&nbsp;&nbsp;&nbsp;&nbsp;&nbsp;&nbsp;&nbsp; st\u0159.pl.24&nbsp;&nbsp;&nbsp;&nbsp;&nbsp;&nbsp;&nbsp;&nbsp;&nbsp;&nbsp; K<\/p>\n\n\n\n<p>Soukup&nbsp;&nbsp;&nbsp;&nbsp;&nbsp;&nbsp;\nVil\u00e9m&nbsp;&nbsp;&nbsp;&nbsp;&nbsp;&nbsp; 1894&nbsp;&nbsp;&nbsp;&nbsp;&nbsp;&nbsp;&nbsp; p\u011b\u0161\u00e1k&nbsp;&nbsp;&nbsp;&nbsp;&nbsp;&nbsp;&nbsp;&nbsp;&nbsp;&nbsp; st\u0159.pl.24.&nbsp;&nbsp;&nbsp;&nbsp;&nbsp;&nbsp;&nbsp;&nbsp; &nbsp;K&nbsp;&nbsp;&nbsp;&nbsp;&nbsp;&nbsp;&nbsp;&nbsp;&nbsp;&nbsp;&nbsp;&nbsp;&nbsp;&nbsp; VI.pol.pr. 2.set.<\/p>\n\n\n\n<p>\u015aebesta&nbsp;&nbsp;&nbsp;&nbsp;&nbsp;\nJosef&nbsp;&nbsp;&nbsp;&nbsp;&nbsp;&nbsp;&nbsp;&nbsp; 1899&nbsp;&nbsp;&nbsp;&nbsp;&nbsp;&nbsp;&nbsp; \u010deta\u0159&nbsp;&nbsp;&nbsp;&nbsp;&nbsp;&nbsp;&nbsp;&nbsp;&nbsp;&nbsp;&nbsp; p\u011b\u0161.pl.20&nbsp;&nbsp;&nbsp;&nbsp;&nbsp;&nbsp;&nbsp; 3088&nbsp;&nbsp;&nbsp;&nbsp;&nbsp;&nbsp;&nbsp;&nbsp;&nbsp; propu\u0161t\u011bn<\/p>\n\n\n\n<p>\u0160ebesta&nbsp;&nbsp;&nbsp;&nbsp;&nbsp;&nbsp;\nJosef&nbsp;&nbsp;&nbsp;&nbsp;&nbsp;&nbsp;&nbsp; 1897&nbsp;&nbsp;&nbsp;&nbsp;&nbsp;&nbsp;&nbsp; \u010deta\u0159&nbsp;&nbsp;&nbsp;&nbsp;&nbsp;&nbsp;&nbsp;&nbsp;&nbsp;&nbsp; &nbsp;&nbsp;&nbsp;&nbsp;&nbsp;&nbsp;&nbsp;&nbsp;&nbsp;&nbsp;&nbsp;&nbsp;&nbsp;&nbsp;&nbsp;&nbsp;&nbsp;&nbsp;&nbsp;&nbsp;&nbsp;&nbsp;&nbsp;&nbsp;&nbsp;&nbsp;5202&nbsp;&nbsp;&nbsp;&nbsp;&nbsp;&nbsp;&nbsp;&nbsp;&nbsp; hudba.- propu\u0161t\u011bn<\/p>\n\n\n\n<p>Vymazal&nbsp;&nbsp;&nbsp;&nbsp;&nbsp;\nFrant.&nbsp;&nbsp;&nbsp;&nbsp;&nbsp;&nbsp; 1897&nbsp;&nbsp;&nbsp;&nbsp;&nbsp;&nbsp;&nbsp; st\u0159elec&nbsp;&nbsp;&nbsp;&nbsp;&nbsp;&nbsp;&nbsp;&nbsp;&nbsp; st\u0159.pl.24.&nbsp;&nbsp;&nbsp;&nbsp;&nbsp;&nbsp;&nbsp; 919&nbsp;&nbsp;&nbsp;&nbsp;&nbsp;&nbsp;&nbsp;&nbsp;&nbsp;&nbsp; 1.n\u00e1hr.set.II.pol.pl.2.set.VI.p.p.\n1.s.<\/p>\n\n\n\n<p>\u017d\u010f\u00e1rsk\u00fd&nbsp;&nbsp;&nbsp;&nbsp;&nbsp;&nbsp;\nJosef&nbsp;&nbsp;&nbsp;&nbsp;&nbsp;&nbsp;&nbsp; 1897&nbsp;&nbsp;&nbsp;&nbsp;&nbsp;&nbsp;&nbsp; p\u011b\u0161\u00e1k&nbsp;&nbsp;&nbsp;&nbsp;&nbsp;&nbsp;&nbsp;&nbsp;&nbsp;&nbsp;&nbsp; p\u011b\u0161\u00ed pl.25&nbsp;&nbsp;&nbsp;&nbsp;&nbsp;&nbsp; 1510&nbsp;&nbsp;&nbsp;&nbsp;&nbsp;&nbsp;&nbsp;&nbsp; IV.pol.prp.2.set.<\/p>\n\n\n\n<p>3. setnin\u011b VI. p\u011b\u0161\u00edho praporu&nbsp; &nbsp;velel&nbsp;\nporu\u010d\u00edk Z\u00e1st\u011bra Franti\u0161ek, nar. 1895 \u010c.Bud\u011bjovice v&nbsp;rak.-uher. .\narm\u00e1d\u011b slou\u017eil u 102.p\u011b\u0161. pluku. Ve Slov\u00e1ck\u00e9 brig\u00e1d\u011b m\u011bl evid.\u010d. D 334.\nPravd\u011bpodobn\u011b byl \u017eenat\u00fd v&nbsp;M.N.Vsi.&nbsp;\n&nbsp;&nbsp;&nbsp;<\/p>\n\n\n\n<p>*= nar.22.9.1896. ** = nar.\n20.9.1896<\/p>\n\n\n\n<p><strong>&nbsp;&nbsp;&nbsp;&nbsp;&nbsp;&nbsp;&nbsp;&nbsp;&nbsp;&nbsp;&nbsp;&nbsp;&nbsp;&nbsp;&nbsp;&nbsp;&nbsp;&nbsp;&nbsp;&nbsp;&nbsp;&nbsp;&nbsp; &nbsp;&nbsp;&nbsp;&nbsp;&nbsp;&nbsp;&nbsp;&nbsp;Klobou\u010dt\u00ed mu\u017ei ve Slov\u00e1ck\u00e9&nbsp; brig\u00e1d\u011b &nbsp;v&nbsp;r. 1918<\/strong><\/p>\n\n\n\n<p><strong>P\u0159\u00edjmen\u00ed&nbsp;&nbsp;&nbsp;&nbsp;&nbsp;&nbsp;&nbsp;&nbsp;\njm\u00e9no&nbsp;&nbsp; &nbsp;&nbsp;&nbsp;&nbsp;rok\nnar.&nbsp;&nbsp;&nbsp;&nbsp;&nbsp; hodnost&nbsp;&nbsp;&nbsp;&nbsp;&nbsp;&nbsp;&nbsp; b\u00fdval\u00fd \u00fatvar&nbsp; &nbsp;&nbsp;evid.\n\u010d.&nbsp;&nbsp; &nbsp;&nbsp;&nbsp;za\u0159azen\u00ed<\/strong><\/p>\n\n\n\n<p>\u010cern\u00fd&nbsp;&nbsp;&nbsp;&nbsp;&nbsp;&nbsp;&nbsp;&nbsp;&nbsp;&nbsp;&nbsp;&nbsp;&nbsp; Tom\u00e1\u0161&nbsp;&nbsp;&nbsp;&nbsp; &nbsp;&nbsp;1901&nbsp;&nbsp;&nbsp;&nbsp;&nbsp;&nbsp;&nbsp; dobrov.&nbsp;&nbsp;&nbsp;&nbsp;&nbsp;&nbsp;&nbsp;&nbsp;&nbsp;&nbsp;&nbsp;&nbsp;&nbsp;&nbsp;&nbsp;&nbsp;&nbsp;&nbsp;&nbsp;&nbsp;&nbsp;&nbsp;&nbsp; &nbsp;&nbsp;&nbsp;&nbsp;&nbsp;&nbsp;&nbsp;&nbsp;&nbsp;&nbsp;&nbsp;&nbsp;1474\nK&nbsp;&nbsp;&nbsp; &nbsp;&nbsp;&nbsp;&nbsp;&nbsp;&nbsp;III.pol.prar.3.setnina <\/p>\n\n\n\n<p>Dost\u00e1l&nbsp;&nbsp;&nbsp;&nbsp;&nbsp;&nbsp;&nbsp;&nbsp;&nbsp;&nbsp;\n.Karel&nbsp;&nbsp;&nbsp;&nbsp;&nbsp;&nbsp;&nbsp;&nbsp; 1896&nbsp;&nbsp;&nbsp;&nbsp;&nbsp;&nbsp;&nbsp; p\u011b\u0161\u00e1k&nbsp;&nbsp;&nbsp;&nbsp;&nbsp;&nbsp;&nbsp;&nbsp;&nbsp;&nbsp;&nbsp;&nbsp;&nbsp; p\u011b\u0161\u00ed pluk24.&nbsp;&nbsp;&nbsp;&nbsp;&nbsp;&nbsp;&nbsp;&nbsp;&nbsp;&nbsp;&nbsp;&nbsp;&nbsp;&nbsp;&nbsp;&nbsp;&nbsp; &nbsp;&nbsp;&nbsp;&nbsp;&nbsp;&nbsp;str\u00e1\u017en\u00ed setnina<\/p>\n\n\n\n<p>Dunaj&nbsp;&nbsp;&nbsp;&nbsp;&nbsp;&nbsp;&nbsp;&nbsp;&nbsp;&nbsp;&nbsp;&nbsp;\nFrant.&nbsp;&nbsp;&nbsp;&nbsp;&nbsp;&nbsp;&nbsp; 1894&nbsp;&nbsp;&nbsp;&nbsp;&nbsp;&nbsp; p\u011b\u0161\u00e1k&nbsp;&nbsp;&nbsp;&nbsp;&nbsp;&nbsp;&nbsp;&nbsp;&nbsp;&nbsp;&nbsp;&nbsp;&nbsp;&nbsp; p\u011b\u0161\u00e1k&nbsp;&nbsp;&nbsp;&nbsp;&nbsp;&nbsp;&nbsp;&nbsp;&nbsp;&nbsp;&nbsp;&nbsp;&nbsp; &nbsp;&nbsp;&nbsp;&nbsp;K&nbsp; &nbsp;&nbsp;&nbsp;&nbsp;&nbsp;&nbsp;&nbsp;&nbsp;&nbsp;&nbsp;&nbsp;&nbsp;&nbsp;&nbsp;propu\u0161t\u011bn<\/p>\n\n\n\n<p>Fric&nbsp;&nbsp;&nbsp;&nbsp;&nbsp;&nbsp;&nbsp;&nbsp;&nbsp;&nbsp;&nbsp;&nbsp;&nbsp;&nbsp;&nbsp;&nbsp;&nbsp;\nJan&nbsp;&nbsp;&nbsp;&nbsp;&nbsp;&nbsp;&nbsp;&nbsp;&nbsp;&nbsp;&nbsp;&nbsp; 1898&nbsp;&nbsp;&nbsp;&nbsp;&nbsp;&nbsp;&nbsp; p\u011b\u0161\u00e1k&nbsp;&nbsp;&nbsp;&nbsp;&nbsp;&nbsp;&nbsp;&nbsp;&nbsp;&nbsp;&nbsp;&nbsp;&nbsp; p\u011b\u0161.pl.99.&nbsp;&nbsp;&nbsp;&nbsp;&nbsp;&nbsp;&nbsp;&nbsp;&nbsp; 652 K&nbsp;&nbsp;&nbsp;&nbsp;&nbsp; &nbsp;1.asis.set.nem.Brno<\/p>\n\n\n\n<p>H\u00e1lek&nbsp;&nbsp;&nbsp;&nbsp;&nbsp;&nbsp;&nbsp;&nbsp;&nbsp;&nbsp;&nbsp;&nbsp;\nJosef&nbsp;&nbsp;&nbsp;&nbsp;&nbsp;&nbsp;&nbsp;&nbsp;&nbsp; 1898&nbsp;&nbsp;&nbsp;&nbsp;&nbsp;&nbsp;&nbsp; n\u00e1p\u0159ed.&nbsp;&nbsp;&nbsp;&nbsp;&nbsp;&nbsp;&nbsp;&nbsp;&nbsp; 59.\u010f.pl.&nbsp;&nbsp;&nbsp;&nbsp;&nbsp;&nbsp;&nbsp;&nbsp;&nbsp;&nbsp;&nbsp;&nbsp;&nbsp; 3168&nbsp;&nbsp;&nbsp;&nbsp;&nbsp;&nbsp; &nbsp;V.pol.pl.2.asis.set.stani\u010d.poho.<\/p>\n\n\n\n<p>Han\u00e1k&nbsp;&nbsp;&nbsp;&nbsp;&nbsp;&nbsp;&nbsp;&nbsp;&nbsp;&nbsp;&nbsp;\nAnt.&nbsp;&nbsp;&nbsp;&nbsp;&nbsp;&nbsp;&nbsp;&nbsp;&nbsp;&nbsp;&nbsp; 1901&nbsp;&nbsp;&nbsp;&nbsp;&nbsp;&nbsp; dobrov.&nbsp;&nbsp;&nbsp;&nbsp;&nbsp;&nbsp;&nbsp;&nbsp;&nbsp;&nbsp;&nbsp;&nbsp;&nbsp;&nbsp;&nbsp;&nbsp;&nbsp;&nbsp;&nbsp;&nbsp;&nbsp;&nbsp;&nbsp;&nbsp;&nbsp;&nbsp;&nbsp;&nbsp;&nbsp;&nbsp;&nbsp;&nbsp;&nbsp;&nbsp;&nbsp;&nbsp;&nbsp;&nbsp; 561 K<\/p>\n\n\n\n<p>Havr\u00e1nek&nbsp;&nbsp;&nbsp;&nbsp; Jose&nbsp;&nbsp;&nbsp;&nbsp;&nbsp;&nbsp;&nbsp;&nbsp;&nbsp;&nbsp; 1881&nbsp;&nbsp;&nbsp;&nbsp;&nbsp;&nbsp; poru\u010d\u00edk&nbsp;&nbsp;&nbsp;&nbsp;&nbsp;&nbsp;&nbsp;&nbsp;&nbsp;&nbsp;&nbsp;&nbsp; p\u011b\u0161.pl.3.&nbsp;&nbsp;&nbsp;&nbsp;&nbsp;&nbsp;&nbsp;&nbsp;&nbsp; D 29&nbsp;&nbsp;&nbsp;&nbsp;&nbsp;&nbsp;&nbsp;&nbsp; n\u00e1hr. setn. stroj. pu\u0161ky<\/p>\n\n\n\n<p>Hor\u00e1k&nbsp;&nbsp;&nbsp;&nbsp;&nbsp;&nbsp;&nbsp;&nbsp;&nbsp;&nbsp;&nbsp;\nBoh.&nbsp;&nbsp;&nbsp;&nbsp;&nbsp;&nbsp;&nbsp; &nbsp;&nbsp;&nbsp;&nbsp;&nbsp;1892&nbsp;&nbsp;&nbsp;&nbsp;&nbsp; p\u011b\u0161\u00e1k&nbsp;&nbsp;&nbsp;&nbsp;&nbsp;&nbsp;&nbsp;&nbsp;&nbsp;&nbsp;&nbsp;&nbsp;&nbsp; v\u00e1le\u010d.lo\u010fst.&nbsp;&nbsp;&nbsp;&nbsp;&nbsp;&nbsp; D 258&nbsp;&nbsp;&nbsp;&nbsp;&nbsp;&nbsp; Pos.velit.Ho.3.pol.pr.vel.3.set.<\/p>\n\n\n\n<p>Hu\u0148a\u0159&nbsp;&nbsp;&nbsp;&nbsp;&nbsp;&nbsp;&nbsp;&nbsp;&nbsp;&nbsp;&nbsp;\nJosef&nbsp;&nbsp;&nbsp;&nbsp;&nbsp;&nbsp;&nbsp;&nbsp;&nbsp;&nbsp; 1902&nbsp;&nbsp;&nbsp;&nbsp;&nbsp;&nbsp; dobrov.&nbsp;&nbsp;&nbsp;&nbsp;&nbsp;&nbsp;&nbsp;&nbsp;&nbsp;&nbsp;&nbsp;&nbsp;&nbsp;&nbsp;&nbsp;&nbsp;&nbsp;&nbsp;&nbsp;&nbsp;&nbsp;&nbsp;&nbsp;&nbsp;&nbsp;&nbsp;&nbsp;&nbsp;&nbsp;&nbsp;&nbsp;&nbsp;&nbsp;&nbsp;&nbsp;&nbsp;&nbsp; 2323<\/p>\n\n\n\n<p>Hut\u00e1k&nbsp;&nbsp;&nbsp;&nbsp;&nbsp;&nbsp;&nbsp;&nbsp;&nbsp;&nbsp;&nbsp; Bohusl.&nbsp;&nbsp;&nbsp;&nbsp;&nbsp;&nbsp;&nbsp;&nbsp;&nbsp; 1892&nbsp;&nbsp;&nbsp;&nbsp;&nbsp;&nbsp; p\u011b\u0161\u00e1k&nbsp;&nbsp;&nbsp;&nbsp;&nbsp;&nbsp;&nbsp;&nbsp;&nbsp;&nbsp;&nbsp;&nbsp;&nbsp;&nbsp; &nbsp;&nbsp;&nbsp;&nbsp;&nbsp;&nbsp;&nbsp;&nbsp;&nbsp;&nbsp;&nbsp;&nbsp;&nbsp;&nbsp;&nbsp;&nbsp;&nbsp;&nbsp;&nbsp;&nbsp;&nbsp;&nbsp;&nbsp;&nbsp;&nbsp;&nbsp;336 ZK&nbsp;&nbsp;&nbsp;&nbsp;&nbsp;\n1.n\u00e1hr.set.Demobilizov\u00e1n.<\/p>\n\n\n\n<p>Charv\u00e1t &nbsp;&nbsp;&nbsp;&nbsp;&nbsp; &nbsp;&nbsp;&nbsp;Frant.&nbsp;&nbsp;&nbsp;&nbsp;&nbsp;&nbsp;&nbsp;&nbsp; &nbsp; 1897&nbsp;&nbsp;&nbsp;&nbsp;&nbsp;\ndes\u00e1t.&nbsp;&nbsp;&nbsp;&nbsp;&nbsp;&nbsp;&nbsp;&nbsp;&nbsp;&nbsp;&nbsp;&nbsp;&nbsp;&nbsp;&nbsp; p\u011b\u0161\u00ed\npl.24.&nbsp;&nbsp;&nbsp;&nbsp;&nbsp;&nbsp; 651 K&nbsp;&nbsp;&nbsp;&nbsp;&nbsp;&nbsp;&nbsp; \u0161tab.set<\/p>\n\n\n\n<p>Jahelka&nbsp;&nbsp;&nbsp;&nbsp;&nbsp;&nbsp;&nbsp;&nbsp;\nJosef&nbsp;&nbsp;&nbsp;&nbsp;&nbsp;&nbsp;&nbsp;&nbsp;&nbsp;&nbsp;&nbsp;&nbsp;&nbsp; 1898&nbsp;&nbsp;&nbsp;&nbsp;&nbsp; st\u0159elec&nbsp;&nbsp;&nbsp;&nbsp;&nbsp;&nbsp;&nbsp;&nbsp;&nbsp;&nbsp;&nbsp;&nbsp;&nbsp; st\u0159el.pl. 23.&nbsp;&nbsp;&nbsp;&nbsp; 3169&nbsp;&nbsp;&nbsp;&nbsp;&nbsp;&nbsp;&nbsp;&nbsp;&nbsp;&nbsp;&nbsp;&nbsp;&nbsp;&nbsp; II.pol.pl.4.set.VI.pol.pl.2.set<\/p>\n\n\n\n<p>Jakubec&nbsp;&nbsp;&nbsp;&nbsp;&nbsp;&nbsp;&nbsp;\nFrant.&nbsp;&nbsp; &nbsp;&nbsp;&nbsp;&nbsp;&nbsp;&nbsp; &nbsp;&nbsp;&nbsp;1898&nbsp;&nbsp; &nbsp;&nbsp; p\u011b\u0161\u00e1k&nbsp;&nbsp;&nbsp;&nbsp;&nbsp;&nbsp;&nbsp;&nbsp;&nbsp;&nbsp;&nbsp;&nbsp;&nbsp;&nbsp;&nbsp; st\u0159el.pl.24.&nbsp;&nbsp;&nbsp;&nbsp;&nbsp;&nbsp; 3170 K&nbsp;&nbsp;&nbsp;&nbsp;&nbsp;&nbsp;&nbsp;&nbsp;&nbsp;&nbsp;&nbsp;&nbsp;&nbsp;&nbsp;&nbsp; I.pol.pr.4.set.stan.podod.2&nbsp;&nbsp;&nbsp;&nbsp;&nbsp;&nbsp;&nbsp;&nbsp;&nbsp;&nbsp;&nbsp;&nbsp;&nbsp;&nbsp;&nbsp;&nbsp; <\/p>\n\n\n\n<p>Kos&nbsp;&nbsp;&nbsp;&nbsp;&nbsp;&nbsp;&nbsp;&nbsp;&nbsp;&nbsp;&nbsp;&nbsp;&nbsp;&nbsp;&nbsp; Bohum.&nbsp;&nbsp;&nbsp;&nbsp;&nbsp;&nbsp;&nbsp;&nbsp; 1897&nbsp;&nbsp;&nbsp;&nbsp;&nbsp; n\u00e1p\u0159ed.&nbsp;&nbsp;&nbsp;&nbsp;&nbsp;&nbsp;&nbsp;&nbsp;&nbsp;&nbsp;&nbsp; t\u011b\u017ek\u00e9 d\u011bl.&nbsp;&nbsp;&nbsp;&nbsp;&nbsp;&nbsp;&nbsp;&nbsp; 4835&nbsp;&nbsp;&nbsp;&nbsp;&nbsp;&nbsp;&nbsp; 2.asist.set.&nbsp; Stani\u010d. podod.<\/p>\n\n\n\n<p>Kos&nbsp;&nbsp;&nbsp;&nbsp;&nbsp;&nbsp;&nbsp; &nbsp;&nbsp;&nbsp;&nbsp;&nbsp;&nbsp;&nbsp;&nbsp;Richard&nbsp;&nbsp;&nbsp;&nbsp;&nbsp;&nbsp;&nbsp;&nbsp;\n1897&nbsp;&nbsp;&nbsp;&nbsp; mysl.p\u011b\u0161.&nbsp;&nbsp; &nbsp;&nbsp;&nbsp;&nbsp;&nbsp;&nbsp;&nbsp;p\u011b\u0161.pl.25.&nbsp;&nbsp;&nbsp;&nbsp;&nbsp;&nbsp;&nbsp;&nbsp; 4935 K&nbsp;&nbsp;&nbsp; VI.pol.pr.2.set.4.set.<\/p>\n\n\n\n<p>Krej\u010d\u00ed&nbsp;&nbsp;&nbsp;&nbsp;&nbsp;&nbsp;&nbsp;&nbsp;&nbsp;&nbsp;&nbsp;&nbsp;&nbsp;\nFrant.&nbsp;&nbsp;&nbsp;&nbsp;&nbsp;&nbsp;&nbsp;&nbsp;&nbsp; 1899&nbsp;&nbsp;&nbsp;&nbsp;&nbsp;&nbsp;&nbsp; voj\u00edn&nbsp;&nbsp;&nbsp;&nbsp;&nbsp;&nbsp;&nbsp;&nbsp;&nbsp;&nbsp;&nbsp;&nbsp;&nbsp;&nbsp;&nbsp;&nbsp; p\u011b\u0161.pl.81.&nbsp;&nbsp;&nbsp;&nbsp;&nbsp;&nbsp;&nbsp;&nbsp;&nbsp; 5336&nbsp;&nbsp;&nbsp;&nbsp;&nbsp;&nbsp; V.pol.pr.kul.set.VII.p.p.l.set.<\/p>\n\n\n\n<p>Kroupa&nbsp;&nbsp;&nbsp;&nbsp;&nbsp;&nbsp;&nbsp;&nbsp;&nbsp; Josef&nbsp;&nbsp;&nbsp;&nbsp;&nbsp; &nbsp;&nbsp;&nbsp;&nbsp;&nbsp;&nbsp;1891&nbsp;&nbsp;&nbsp;&nbsp;&nbsp;&nbsp;\nvoj\u00edn&nbsp;&nbsp;&nbsp;&nbsp;&nbsp;&nbsp;&nbsp;&nbsp;&nbsp;&nbsp;&nbsp;&nbsp;&nbsp;&nbsp;&nbsp;&nbsp;\njezd.pl.15.&nbsp;&nbsp;&nbsp;&nbsp;&nbsp;&nbsp;&nbsp; 6594&nbsp;&nbsp;&nbsp;&nbsp;&nbsp;&nbsp;&nbsp; propu\u0161t\u011bn<\/p>\n\n\n\n<p>Krupa&nbsp;&nbsp;&nbsp;&nbsp;&nbsp;&nbsp;&nbsp;&nbsp;&nbsp;&nbsp; Josef&nbsp;&nbsp;&nbsp;&nbsp;&nbsp;&nbsp;&nbsp;&nbsp;&nbsp;&nbsp;&nbsp;&nbsp; 1891&nbsp;&nbsp;&nbsp;&nbsp;&nbsp;&nbsp; drag.&nbsp;&nbsp;&nbsp;&nbsp;\n&nbsp;&nbsp;&nbsp;&nbsp;&nbsp;&nbsp;&nbsp;&nbsp;&nbsp;&nbsp;jezd.pl.15&nbsp;&nbsp;&nbsp;&nbsp;&nbsp;&nbsp;&nbsp;&nbsp;&nbsp; 6594&nbsp;&nbsp;&nbsp;&nbsp;&nbsp;&nbsp;&nbsp; stani\u010d.podod.1.setn.<\/p>\n\n\n\n<p>Kuli\u010dka&nbsp;&nbsp;&nbsp;&nbsp;&nbsp;&nbsp;&nbsp;&nbsp;&nbsp;\nOld\u0159.&nbsp;&nbsp;&nbsp;&nbsp;&nbsp;&nbsp;&nbsp;&nbsp;&nbsp;&nbsp;&nbsp; 1900&nbsp;&nbsp;&nbsp;&nbsp;&nbsp;&nbsp; p\u011b\u0161\u00e1k &nbsp;&nbsp;&nbsp;&nbsp;&nbsp;&nbsp;&nbsp;&nbsp;&nbsp;&nbsp;&nbsp;&nbsp;&nbsp;&nbsp;p\u011b\u0161.pl.5.&nbsp;&nbsp;&nbsp;&nbsp;&nbsp;&nbsp;&nbsp;&nbsp;&nbsp;&nbsp; 654 K&nbsp;&nbsp;&nbsp;&nbsp;&nbsp; dovol.do povol\u00e1n\u00ed<\/p>\n\n\n\n<p>Loprais&nbsp;&nbsp;&nbsp;&nbsp;&nbsp;&nbsp;&nbsp;&nbsp;\nJulius&nbsp;&nbsp;&nbsp;&nbsp;&nbsp;&nbsp;&nbsp;&nbsp;&nbsp;&nbsp;&nbsp; 1896&nbsp;&nbsp;&nbsp;&nbsp;&nbsp; p\u011b\u0161\u00e1k&nbsp;&nbsp;&nbsp;&nbsp;&nbsp;&nbsp;&nbsp;&nbsp;&nbsp;&nbsp;&nbsp;&nbsp;&nbsp; st\u0159el.pl.24.&nbsp;&nbsp;&nbsp;&nbsp;&nbsp;&nbsp;&nbsp; 1229&nbsp;&nbsp;&nbsp;&nbsp;&nbsp;&nbsp;&nbsp; \u0161t\u00e1bn\u00ed setnina.<\/p>\n\n\n\n<p>Matula&nbsp;&nbsp;&nbsp;&nbsp;&nbsp;&nbsp;&nbsp;&nbsp;\nJosef&nbsp;&nbsp;&nbsp;&nbsp;&nbsp;&nbsp;&nbsp;&nbsp;&nbsp;&nbsp;&nbsp;&nbsp; 1866&nbsp;&nbsp;&nbsp;&nbsp; str\u00e1\u017em.&nbsp;&nbsp;&nbsp;&nbsp;&nbsp;&nbsp;&nbsp;&nbsp;&nbsp;&nbsp;&nbsp;&nbsp;&nbsp; Jezd.pl.5.&nbsp;&nbsp;&nbsp;&nbsp;&nbsp;&nbsp;&nbsp;&nbsp; &nbsp;&nbsp;6035&nbsp; &nbsp;&nbsp;&nbsp;&nbsp;&nbsp;ko\u0148. nem. Hodon\u00edn<\/p>\n\n\n\n<p>Ml\u00e1dek&nbsp;&nbsp;&nbsp;&nbsp;&nbsp;&nbsp;&nbsp;&nbsp;\nJind\u0159.&nbsp;&nbsp;&nbsp;&nbsp;&nbsp;&nbsp;&nbsp;&nbsp;&nbsp;&nbsp;&nbsp; 1896&nbsp;&nbsp;&nbsp;&nbsp; st\u0159elec&nbsp;&nbsp;&nbsp;&nbsp;&nbsp;&nbsp;&nbsp;&nbsp;&nbsp;&nbsp;&nbsp;&nbsp; st\u0159l.pl.24.&nbsp;&nbsp;&nbsp;&nbsp;&nbsp;&nbsp;&nbsp;&nbsp;&nbsp; 1021 K&nbsp;&nbsp;&nbsp;&nbsp; str\u017e.set.pos.podod..V.pl.pr.1.s.<\/p>\n\n\n\n<p>Metelka&nbsp;&nbsp;&nbsp;&nbsp;&nbsp;&nbsp;&nbsp;\nKarel&nbsp;&nbsp;&nbsp;&nbsp;&nbsp;&nbsp;&nbsp;&nbsp;&nbsp;&nbsp;&nbsp; 1883&nbsp;&nbsp;&nbsp;&nbsp; voj\u00edn&nbsp;&nbsp;&nbsp;&nbsp;&nbsp;&nbsp;&nbsp;&nbsp;&nbsp;&nbsp;&nbsp;&nbsp;&nbsp;&nbsp;&nbsp; bosn. herceg.&nbsp; &nbsp;&nbsp;&nbsp;6076<\/p>\n\n\n\n<p>Navr\u00e1til&nbsp;&nbsp;&nbsp;&nbsp; &nbsp;&nbsp;&nbsp;&nbsp;&nbsp;&nbsp;&nbsp;Josef&nbsp;&nbsp;&nbsp;&nbsp;&nbsp;&nbsp;&nbsp; 1897&nbsp;&nbsp;&nbsp;&nbsp;&nbsp;&nbsp;&nbsp;&nbsp; st\u0159elec&nbsp;&nbsp;&nbsp;&nbsp;&nbsp;&nbsp;&nbsp;&nbsp;&nbsp;&nbsp;&nbsp; st\u0159el.pl.24.&nbsp;&nbsp;&nbsp;&nbsp; &nbsp;&nbsp;2961<\/p>\n\n\n\n<p>Nejtek&nbsp;&nbsp;&nbsp;&nbsp;&nbsp;&nbsp;&nbsp;&nbsp;&nbsp;&nbsp;&nbsp;&nbsp; &nbsp;Cyril&nbsp;&nbsp;&nbsp;&nbsp;&nbsp;&nbsp;&nbsp;&nbsp;&nbsp;\n1898&nbsp;&nbsp;&nbsp;&nbsp;&nbsp;&nbsp;&nbsp; p\u011b\u0161\u00e1k&nbsp;&nbsp;&nbsp;&nbsp;&nbsp;&nbsp;&nbsp;&nbsp;&nbsp;&nbsp; &nbsp;&nbsp;st\u0159l..pl..24.&nbsp;&nbsp;&nbsp;&nbsp; &nbsp;&nbsp;2747&nbsp;&nbsp;&nbsp;&nbsp; VI.p\u011b\u0161.pl.4.set.<\/p>\n\n\n\n<p>Novotn\u00fd&nbsp;&nbsp;&nbsp;&nbsp;&nbsp;&nbsp;&nbsp;&nbsp;&nbsp; Jind\u0159ich&nbsp;&nbsp;&nbsp;&nbsp; 1897&nbsp;&nbsp;&nbsp;&nbsp;&nbsp;&nbsp;\njednrodob.&nbsp;&nbsp;&nbsp; st\u0159.pl.24&nbsp;&nbsp;&nbsp;&nbsp; &nbsp;&nbsp;&nbsp;&nbsp;&nbsp;4834&nbsp;&nbsp;&nbsp;&nbsp;\ndovolen\u00e1 do povol\u00e1n\u00ed<\/p>\n\n\n\n<p>Odstr\u010dil&nbsp;&nbsp;&nbsp;&nbsp;&nbsp;&nbsp; &nbsp;&nbsp;&nbsp;&nbsp;&nbsp;Frant.&nbsp;&nbsp;&nbsp;&nbsp;&nbsp;&nbsp;&nbsp; 1897&nbsp;&nbsp;&nbsp;&nbsp;&nbsp;&nbsp; p\u011b\u0161\u00e1k&nbsp;&nbsp;&nbsp;&nbsp;&nbsp;&nbsp;&nbsp;&nbsp;&nbsp;&nbsp;&nbsp;&nbsp; st\u0159l.pl.24.&nbsp;&nbsp;&nbsp;&nbsp;&nbsp;&nbsp; 669 K&nbsp;&nbsp;\n&nbsp;&nbsp;&nbsp;&nbsp;\u0161t\u00e1bn\u00ed setnina <\/p>\n\n\n\n<p>Ondra&nbsp;&nbsp;&nbsp;&nbsp;&nbsp;&nbsp;&nbsp;&nbsp;&nbsp;&nbsp;&nbsp;&nbsp;\nOld\u0159ich&nbsp;&nbsp;&nbsp;&nbsp;&nbsp; 1898&nbsp;&nbsp;&nbsp;&nbsp;&nbsp;&nbsp; p\u011b\u0161\u00e1k&nbsp;&nbsp;&nbsp;&nbsp;&nbsp;&nbsp;&nbsp;&nbsp;&nbsp;&nbsp;&nbsp;&nbsp;&nbsp;&nbsp; p\u011b\u0161\u00ed pl.99.&nbsp;&nbsp;&nbsp;&nbsp;&nbsp; 653 K&nbsp;&nbsp;&nbsp;\n&nbsp;&nbsp;&nbsp;stani\u010d.podod\u00edl 1.setn.<\/p>\n\n\n\n<p>P\u011b\u010dek&nbsp;&nbsp;&nbsp;&nbsp;&nbsp;&nbsp;&nbsp; &nbsp;&nbsp;&nbsp;&nbsp;Josef&nbsp;&nbsp;&nbsp;&nbsp;&nbsp;&nbsp;&nbsp;&nbsp;&nbsp; 1893&nbsp;&nbsp;&nbsp;&nbsp;&nbsp; svobod.&nbsp;&nbsp;&nbsp;&nbsp;&nbsp;&nbsp;&nbsp;&nbsp;&nbsp; polmysl25.&nbsp;&nbsp;&nbsp; 656 K&nbsp;&nbsp;&nbsp;&nbsp;\n&nbsp;&nbsp;&nbsp;&nbsp;&nbsp;&nbsp;III. pl.\nprap. 1. setnina <\/p>\n\n\n\n<p>Per\u0161ak&nbsp;&nbsp;&nbsp;&nbsp;&nbsp;&nbsp;&nbsp;&nbsp;&nbsp;&nbsp;\nRunno&nbsp;&nbsp;&nbsp;&nbsp;&nbsp;&nbsp;&nbsp; &nbsp;1892&nbsp;&nbsp;&nbsp; &nbsp;&nbsp;dobrov.&nbsp;&nbsp;&nbsp;&nbsp;&nbsp;&nbsp;&nbsp;&nbsp;&nbsp;&nbsp;&nbsp;&nbsp;&nbsp; p\u011b\u0161\u00ed.pl.99.&nbsp;&nbsp;&nbsp; 802&nbsp;&nbsp;&nbsp;&nbsp;&nbsp;&nbsp;&nbsp;\n&nbsp;&nbsp;&nbsp;1.n\u00e1hr.set.ko\u0148.nem.Hodon\u00edn<\/p>\n\n\n\n<p>Racek&nbsp;&nbsp;&nbsp;&nbsp;&nbsp;&nbsp;&nbsp;&nbsp;&nbsp;&nbsp;&nbsp;\nFrant.&nbsp; &nbsp;&nbsp;&nbsp;&nbsp;&nbsp;&nbsp;&nbsp;&nbsp;1879&nbsp;&nbsp;&nbsp;&nbsp;\n&nbsp;rotm.&nbsp;&nbsp;&nbsp;&nbsp;&nbsp;&nbsp;&nbsp;&nbsp;&nbsp;&nbsp;&nbsp;&nbsp;&nbsp;&nbsp;&nbsp;&nbsp;&nbsp; voz.pl. 2.&nbsp;&nbsp;&nbsp;&nbsp;&nbsp;&nbsp; D 226&nbsp;&nbsp;&nbsp;\n&nbsp;&nbsp;&nbsp;&nbsp;n\u00e1hr.pr.velit.uprchl.t\u00e1b.Mu\u0161lov<\/p>\n\n\n\n<p>R\u00e1\u010dek&nbsp;&nbsp;&nbsp;&nbsp;&nbsp;&nbsp;&nbsp;&nbsp;&nbsp;&nbsp;&nbsp;\nCyril&nbsp;&nbsp;&nbsp;&nbsp;&nbsp;&nbsp;&nbsp;&nbsp;&nbsp;&nbsp;&nbsp;&nbsp; 1891&nbsp;&nbsp; &nbsp;&nbsp;&nbsp;\u0161t.\u0161ik.&nbsp;&nbsp;&nbsp;&nbsp;&nbsp;&nbsp;&nbsp;&nbsp;&nbsp;&nbsp;&nbsp;&nbsp;&nbsp;&nbsp;&nbsp;&nbsp;&nbsp;&nbsp; 4.pevn.pl.&nbsp;&nbsp;&nbsp;&nbsp; 2686&nbsp;&nbsp;&nbsp;&nbsp;\n&nbsp;&nbsp;&nbsp;d\u00e9le slou\u017e. K 8.pl.d\u011bl..Jarom\u011b\u0159.<\/p>\n\n\n\n<p>Roznos&nbsp;&nbsp;&nbsp;&nbsp;&nbsp;&nbsp;&nbsp;&nbsp;&nbsp;\nFrant.&nbsp; &nbsp;&nbsp;&nbsp;&nbsp;&nbsp;&nbsp;&nbsp;1874&nbsp;&nbsp;&nbsp;&nbsp;\n&nbsp;&nbsp;p\u011b\u0161\u00e1k&nbsp;&nbsp;&nbsp;&nbsp;&nbsp;&nbsp;&nbsp;&nbsp;&nbsp;&nbsp;&nbsp;&nbsp;&nbsp;&nbsp;&nbsp;&nbsp;&nbsp;&nbsp; p\u011b\u0161.pl.99.&nbsp;&nbsp;&nbsp; 4904 K&nbsp; &nbsp;&nbsp;&nbsp;\u0161t\u00e1b.set.VI.pol.pr. propu\u0161t\u011bn<\/p>\n\n\n\n<p>Ro\u017enovsk\u00fd&nbsp;&nbsp;&nbsp;\nTom\u00e1\u0161&nbsp;&nbsp;&nbsp;&nbsp;&nbsp;&nbsp;&nbsp; 1886&nbsp;&nbsp;&nbsp;&nbsp; &nbsp;&nbsp;svob. &nbsp;&nbsp;&nbsp;&nbsp;&nbsp;&nbsp;&nbsp;&nbsp;&nbsp;&nbsp;&nbsp;&nbsp;&nbsp;&nbsp;&nbsp;&nbsp; P\u011b\u0161\u00ed\npl.99&nbsp;&nbsp;&nbsp;&nbsp;&nbsp; K&nbsp;&nbsp;&nbsp;&nbsp;&nbsp;&nbsp;&nbsp;&nbsp;&nbsp; &nbsp;&nbsp;&nbsp;&nbsp;&nbsp;1.n\u00e1hr.setn.propu\u0161t\u011bn<\/p>\n\n\n\n<p>\u0158eho\u0159&nbsp;&nbsp;&nbsp;&nbsp;&nbsp;&nbsp;&nbsp;&nbsp;&nbsp;&nbsp;&nbsp;\nRichard&nbsp;&nbsp;&nbsp;&nbsp;&nbsp; 1898&nbsp; &nbsp;&nbsp;&nbsp;&nbsp;&nbsp;dragoun&nbsp;&nbsp;&nbsp;&nbsp;&nbsp;&nbsp;&nbsp;&nbsp;&nbsp;&nbsp;&nbsp; &nbsp;&nbsp;&nbsp;drg,pl.11.&nbsp;&nbsp;&nbsp;&nbsp;&nbsp; 2962&nbsp;&nbsp;&nbsp;\n&nbsp;&nbsp;&nbsp;&nbsp;&nbsp;3. setnina<\/p>\n\n\n\n<p>Sedl\u00e1\u010dek&nbsp;&nbsp;&nbsp;&nbsp;&nbsp;&nbsp; Frant.&nbsp;&nbsp;&nbsp;&nbsp;&nbsp;&nbsp;&nbsp; &nbsp;&nbsp;1897&nbsp;&nbsp;&nbsp;&nbsp;\n&nbsp;&nbsp;des\u00e1t.&nbsp;&nbsp;&nbsp;&nbsp;&nbsp;&nbsp;&nbsp;&nbsp;&nbsp;&nbsp;&nbsp;&nbsp;&nbsp;&nbsp;&nbsp;&nbsp; p\u011b\u0161.pl.99.&nbsp;&nbsp;&nbsp;&nbsp;&nbsp;&nbsp;&nbsp;&nbsp;&nbsp;&nbsp;&nbsp;&nbsp;&nbsp;&nbsp;&nbsp;&nbsp;&nbsp;&nbsp;&nbsp; &nbsp;&nbsp;&nbsp;1.asist.set.let.sboru Praha<\/p>\n\n\n\n<p>Sirn\u00fd&nbsp;&nbsp;&nbsp;&nbsp;&nbsp; &nbsp;&nbsp;&nbsp;&nbsp;&nbsp;&nbsp;&nbsp;&nbsp;Emil&nbsp;&nbsp;&nbsp;&nbsp;&nbsp;&nbsp;&nbsp;&nbsp;&nbsp;&nbsp;&nbsp; 1893&nbsp; &nbsp;&nbsp;&nbsp;&nbsp;p\u011b\u0161\u00e1k&nbsp;&nbsp;&nbsp;&nbsp;&nbsp;&nbsp;&nbsp;&nbsp;\n&nbsp;&nbsp;&nbsp;&nbsp;&nbsp;&nbsp;&nbsp;p\u011b\u0161\u00ed pl.99.&nbsp;&nbsp;&nbsp;&nbsp;&nbsp; 4925 &nbsp;&nbsp;&nbsp;&nbsp;&nbsp;&nbsp;&nbsp;VI.pol.pr.\n2.set.<\/p>\n\n\n\n<p>\u0160midka&nbsp;&nbsp;&nbsp;&nbsp;&nbsp;&nbsp;&nbsp; &nbsp;&nbsp;Frant.&nbsp;&nbsp;&nbsp;&nbsp;&nbsp;&nbsp;&nbsp;\n&nbsp;1895&nbsp;&nbsp;&nbsp;&nbsp; &nbsp;\u010deta\u0159&nbsp;&nbsp;&nbsp;&nbsp;&nbsp;&nbsp;&nbsp;&nbsp;&nbsp;&nbsp;&nbsp;&nbsp;&nbsp;&nbsp;&nbsp;&nbsp;&nbsp;&nbsp;&nbsp;&nbsp;&nbsp;&nbsp;&nbsp;&nbsp;&nbsp;&nbsp;&nbsp;&nbsp;&nbsp;&nbsp;&nbsp;&nbsp;&nbsp;&nbsp;&nbsp;&nbsp;&nbsp;&nbsp;&nbsp;&nbsp;&nbsp;\n7065&nbsp;&nbsp;&nbsp;&nbsp;&nbsp;&nbsp; &nbsp;VI.pol. pr. 2.setnina<\/p>\n\n\n\n<p>Svoboda&nbsp;&nbsp;&nbsp;&nbsp;&nbsp;&nbsp;\nJarom\u00edr&nbsp;&nbsp;&nbsp;&nbsp;&nbsp; &nbsp;1888&nbsp;&nbsp;&nbsp;&nbsp;\n\u0161ikovat.&nbsp;&nbsp;&nbsp;&nbsp;&nbsp;&nbsp;&nbsp;&nbsp;&nbsp;&nbsp;&nbsp;&nbsp;&nbsp; osv\u011btl. set.&nbsp;&nbsp;&nbsp; 6065 &nbsp;&nbsp;&nbsp;&nbsp;&nbsp;&nbsp;&nbsp;&nbsp;okr.velt.Hustop.propu\u0161t\u011bn<\/p>\n\n\n\n<p>\u0160ebesta&nbsp;&nbsp;&nbsp;&nbsp;&nbsp;&nbsp;&nbsp;&nbsp;\nBohusl.&nbsp;&nbsp;&nbsp;&nbsp;&nbsp;&nbsp;&nbsp;&nbsp;&nbsp; 1892&nbsp;&nbsp;&nbsp; des\u00e1t.&nbsp;&nbsp;&nbsp;&nbsp;&nbsp;&nbsp;&nbsp;&nbsp;&nbsp;&nbsp;&nbsp;&nbsp;&nbsp;&nbsp;&nbsp; drg.pl. 6.&nbsp;&nbsp;&nbsp;&nbsp;&nbsp;&nbsp; 1193 K&nbsp;&nbsp;&nbsp; &nbsp;&nbsp;&nbsp;jezdec-propu\u0161t\u011bn\n<\/p>\n\n\n\n<p>\u0160ediv\u00fd&nbsp;&nbsp;&nbsp;&nbsp;&nbsp;&nbsp;&nbsp;&nbsp;&nbsp;&nbsp;\nFrant.&nbsp;&nbsp;&nbsp;&nbsp;&nbsp;&nbsp;&nbsp;&nbsp;&nbsp;&nbsp;&nbsp; 1897&nbsp;&nbsp;&nbsp;&nbsp; mysliv.&nbsp;&nbsp;&nbsp;&nbsp;&nbsp;&nbsp;&nbsp;&nbsp;&nbsp;&nbsp;&nbsp;&nbsp;&nbsp;&nbsp; prap.pl.mysl.&nbsp;&nbsp; 6733&nbsp;&nbsp;&nbsp;&nbsp;&nbsp;\n&nbsp;&nbsp;n\u00e1hr.st.2.-propu\u0161t\u011bn<\/p>\n\n\n\n<p>\u0160laha\u0159&nbsp;&nbsp;&nbsp;&nbsp;&nbsp;&nbsp;&nbsp;&nbsp;&nbsp;&nbsp;\nVladim\u00edr&nbsp; &nbsp;&nbsp;&nbsp;&nbsp;&nbsp;&nbsp;1902&nbsp;&nbsp;&nbsp;&nbsp;\ndobrov.&nbsp;&nbsp;&nbsp;&nbsp;&nbsp;&nbsp;&nbsp;&nbsp;&nbsp;&nbsp;&nbsp;&nbsp;&nbsp; dobrov.&nbsp;&nbsp;&nbsp;&nbsp;&nbsp;&nbsp;&nbsp;&nbsp;&nbsp;&nbsp;&nbsp;&nbsp; 885&nbsp;&nbsp;&nbsp;&nbsp;&nbsp;&nbsp; &nbsp;&nbsp;&nbsp;propu\u0161t\u011bn<\/p>\n\n\n\n<p>\u0160\u0165astn\u00fd&nbsp;&nbsp;&nbsp;&nbsp;&nbsp;&nbsp;&nbsp;&nbsp;\nFrant.&nbsp;&nbsp;&nbsp;&nbsp;&nbsp;&nbsp;&nbsp;&nbsp;&nbsp;&nbsp;&nbsp;&nbsp; 1900&nbsp;&nbsp;&nbsp;&nbsp; svobd.&nbsp;&nbsp;&nbsp;&nbsp;&nbsp;&nbsp;&nbsp;&nbsp;&nbsp;&nbsp;&nbsp;&nbsp; d\u011bl.pl.56.&nbsp;&nbsp;&nbsp;&nbsp;&nbsp;&nbsp;&nbsp;&nbsp;&nbsp;&nbsp; 649 K&nbsp;&nbsp;&nbsp; &nbsp;&nbsp;2.d\u011bl.pl.\nBrno<\/p>\n\n\n\n<p>\u0160tefan&nbsp;&nbsp;&nbsp;&nbsp;&nbsp;&nbsp;&nbsp;&nbsp;&nbsp;&nbsp;\nJosef&nbsp;&nbsp;&nbsp;&nbsp;&nbsp;&nbsp;&nbsp;&nbsp;&nbsp;&nbsp;&nbsp;&nbsp;&nbsp; 1880&nbsp;&nbsp;&nbsp; &nbsp;prapor\u010d.&nbsp;&nbsp;&nbsp;&nbsp;&nbsp;&nbsp;&nbsp;&nbsp;&nbsp;&nbsp;&nbsp; dom.pl.39&nbsp;&nbsp;&nbsp;&nbsp;&nbsp;&nbsp;&nbsp;&nbsp;&nbsp; D365&nbsp;&nbsp;&nbsp;&nbsp; &nbsp;&nbsp;propu\u0161t\u011bn\ntrvale<\/p>\n\n\n\n<p>Tomek&nbsp;&nbsp;&nbsp;&nbsp;&nbsp;&nbsp;&nbsp;&nbsp;&nbsp;&nbsp;\nLadisl.&nbsp;&nbsp;&nbsp;&nbsp;&nbsp;&nbsp;&nbsp;&nbsp;&nbsp;&nbsp;&nbsp; 1901&nbsp;&nbsp;&nbsp; dobrovol&nbsp;&nbsp;&nbsp;&nbsp;&nbsp;&nbsp;&nbsp;&nbsp;&nbsp; dobrovol.&nbsp;&nbsp;&nbsp;&nbsp;&nbsp;&nbsp;&nbsp;&nbsp; 4940&nbsp;&nbsp;&nbsp;&nbsp;&nbsp;&nbsp; &nbsp;&nbsp;setnina\nnov\u00e1\u010dk\u016f<\/p>\n\n\n\n<p>Tr\u00e1vn\u00ed\u010dek&nbsp;&nbsp;&nbsp;&nbsp;&nbsp;&nbsp;\nJosef&nbsp;&nbsp;&nbsp;&nbsp;&nbsp;&nbsp;&nbsp;&nbsp;&nbsp;&nbsp;&nbsp; 1893&nbsp;&nbsp;&nbsp;&nbsp; \u0161ikovat&nbsp;&nbsp;&nbsp;&nbsp;&nbsp;&nbsp;&nbsp;&nbsp;&nbsp;&nbsp;&nbsp; p\u011b\u0161\u00ed.pl. 99.&nbsp;&nbsp;&nbsp;&nbsp;&nbsp;&nbsp;&nbsp; 4872&nbsp;&nbsp;&nbsp;&nbsp;&nbsp; &nbsp;&nbsp;&nbsp;n\u00e1h.set.VI.pl.pr.2.setnina<\/p>\n\n\n\n<p>Tr\u00e1vn\u00ed\u010dek&nbsp;&nbsp;&nbsp;&nbsp;&nbsp;&nbsp;\nMartin&nbsp;&nbsp;&nbsp;&nbsp;&nbsp;&nbsp;&nbsp;&nbsp; 1893&nbsp;&nbsp;&nbsp;&nbsp; \u0161ikovat&nbsp;&nbsp;&nbsp;&nbsp;&nbsp;&nbsp;&nbsp;&nbsp;&nbsp;&nbsp;&nbsp; p\u011b\u0161.pl.99&nbsp;&nbsp;&nbsp;&nbsp;&nbsp;&nbsp;&nbsp;&nbsp;&nbsp; &nbsp;5484&nbsp;&nbsp;&nbsp;&nbsp;&nbsp;\n&nbsp;&nbsp;&nbsp;n\u00e1hradn\u00ed&nbsp; setnina<\/p>\n\n\n\n<p>Trumpe\u0161&nbsp;&nbsp;&nbsp;&nbsp;&nbsp;&nbsp;&nbsp;\nJosef&nbsp;&nbsp;&nbsp;&nbsp;&nbsp;&nbsp;&nbsp;&nbsp;&nbsp;&nbsp;&nbsp; 1898&nbsp;&nbsp;&nbsp;&nbsp;&nbsp; p\u011b\u0161\u00e1k&nbsp;&nbsp;&nbsp;&nbsp;&nbsp;&nbsp;&nbsp;&nbsp;&nbsp;&nbsp;&nbsp;&nbsp; p\u011b\u0161\u00ed pl.99.&nbsp;&nbsp;&nbsp;&nbsp;&nbsp;&nbsp;&nbsp;&nbsp;&nbsp; 925&nbsp;&nbsp;&nbsp;&nbsp;&nbsp; &nbsp;&nbsp;&nbsp;&nbsp;1.n\u00e1hr. setn. \u010detnictvo Brat.<\/p>\n\n\n\n<p>Ve\u010de\u0159a &nbsp;&nbsp;&nbsp;&nbsp;&nbsp;&nbsp;&nbsp;&nbsp;&nbsp;&nbsp;&nbsp;&nbsp;Julius&nbsp;&nbsp;&nbsp;&nbsp;&nbsp;&nbsp;&nbsp;&nbsp;&nbsp;&nbsp; 1896&nbsp;&nbsp;&nbsp;&nbsp;&nbsp; p\u011b\u0161\u00e1k&nbsp;&nbsp;&nbsp;&nbsp;&nbsp;&nbsp;&nbsp;&nbsp;&nbsp;&nbsp;&nbsp;&nbsp;&nbsp; p\u011b\u0161\u00ed pl. 3&nbsp;&nbsp;&nbsp;&nbsp;&nbsp;&nbsp;&nbsp;&nbsp;&nbsp;&nbsp;&nbsp; 926 K&nbsp;&nbsp;&nbsp;&nbsp; &nbsp;1.asist.set..<\/p>\n\n\n\n<p>&nbsp;V\u00edtek&nbsp;&nbsp;&nbsp;&nbsp;&nbsp;&nbsp;&nbsp;&nbsp;&nbsp;&nbsp;&nbsp;&nbsp; Jakub&nbsp;&nbsp;&nbsp;&nbsp;&nbsp;&nbsp;&nbsp;&nbsp; &nbsp;&nbsp;&nbsp;1899&nbsp;&nbsp;&nbsp;&nbsp;\np\u011b\u0161\u00e1k&nbsp;&nbsp;&nbsp;&nbsp;&nbsp;&nbsp;&nbsp;&nbsp;&nbsp;&nbsp;&nbsp;&nbsp;&nbsp; I.dst.1.&nbsp;&nbsp;&nbsp;&nbsp;&nbsp;&nbsp;&nbsp;&nbsp;&nbsp;&nbsp;&nbsp;&nbsp;&nbsp;&nbsp;&nbsp; 799&nbsp;&nbsp;&nbsp;&nbsp;&nbsp;&nbsp;&nbsp;&nbsp;&nbsp; &nbsp;propu\u0161t\u011bn <\/p>\n\n\n\n<p>Wod\u00e1k&nbsp;&nbsp;&nbsp;&nbsp;&nbsp;&nbsp;&nbsp;&nbsp; &nbsp;Brunno&nbsp;&nbsp;&nbsp;&nbsp;&nbsp;&nbsp;&nbsp;&nbsp;&nbsp;\n1900&nbsp;&nbsp; &nbsp;&nbsp;p\u011b\u0161\u00e1k&nbsp;&nbsp;&nbsp;&nbsp;&nbsp;&nbsp;&nbsp;&nbsp;&nbsp;&nbsp;&nbsp;&nbsp; st\u0159el.pl.24.&nbsp;&nbsp;&nbsp;&nbsp;&nbsp;&nbsp;&nbsp;&nbsp; 668.<\/p>\n\n\n\n<p>&nbsp;&nbsp;&nbsp;&nbsp;&nbsp;&nbsp;&nbsp;&nbsp;&nbsp;&nbsp;&nbsp;<strong>Boleradi\u010dt\u00ed mu\u017ei ve &nbsp;Slov\u00e1ck\u00e9 brig\u00e1d\u011b 1918&nbsp;&nbsp;&nbsp;&nbsp;&nbsp;&nbsp;&nbsp;&nbsp;&nbsp;&nbsp;&nbsp;&nbsp;&nbsp;&nbsp;&nbsp; <\/strong>&nbsp;&nbsp;&nbsp;&nbsp;&nbsp;&nbsp;&nbsp;&nbsp;&nbsp;&nbsp;&nbsp;&nbsp;&nbsp;&nbsp;&nbsp;&nbsp;&nbsp;&nbsp;&nbsp;&nbsp;&nbsp;&nbsp;&nbsp;&nbsp;&nbsp;&nbsp;&nbsp;&nbsp;&nbsp;&nbsp;&nbsp;&nbsp;&nbsp;&nbsp;&nbsp;&nbsp;&nbsp;&nbsp;&nbsp;&nbsp;&nbsp;&nbsp;&nbsp;&nbsp;&nbsp;&nbsp;&nbsp;&nbsp;&nbsp;&nbsp;&nbsp;&nbsp;&nbsp;&nbsp;&nbsp;&nbsp;&nbsp;&nbsp;&nbsp;&nbsp;&nbsp;&nbsp;&nbsp;&nbsp;&nbsp;&nbsp;&nbsp;&nbsp;&nbsp;&nbsp;&nbsp;&nbsp;&nbsp;&nbsp;&nbsp;&nbsp;&nbsp;&nbsp;&nbsp;&nbsp;&nbsp;&nbsp;&nbsp;&nbsp;&nbsp;&nbsp;&nbsp;&nbsp;&nbsp;&nbsp;&nbsp;&nbsp;&nbsp;&nbsp;&nbsp;&nbsp;&nbsp;&nbsp;&nbsp;&nbsp;&nbsp;&nbsp;&nbsp;&nbsp;&nbsp;&nbsp;&nbsp;&nbsp;&nbsp;&nbsp;&nbsp;&nbsp;&nbsp;&nbsp;&nbsp;&nbsp;&nbsp;&nbsp;&nbsp;&nbsp;&nbsp;&nbsp;&nbsp;&nbsp;&nbsp;&nbsp;&nbsp;&nbsp;&nbsp;&nbsp;&nbsp;&nbsp;&nbsp;&nbsp;&nbsp;&nbsp;&nbsp;&nbsp;&nbsp;&nbsp;<\/p>\n\n\n\n<p><strong>&nbsp;P\u0159\u00edjmen\u00ed&nbsp;&nbsp;&nbsp;&nbsp;&nbsp;&nbsp;&nbsp;&nbsp;&nbsp; Jm\u00e9no&nbsp;&nbsp;&nbsp;&nbsp;&nbsp;&nbsp; Rok nar.&nbsp;&nbsp;&nbsp;&nbsp;&nbsp; Hodnost&nbsp;&nbsp;&nbsp;&nbsp;&nbsp;&nbsp;&nbsp; B\u00fdv.\u00fatvar&nbsp;&nbsp;&nbsp;&nbsp;&nbsp; Evi.\u010d..&nbsp;&nbsp;&nbsp;\nZa\u0159azen\u00ed.<\/strong><\/p>\n\n\n\n<p>Broskva&nbsp;&nbsp;&nbsp;&nbsp;&nbsp;&nbsp;&nbsp;&nbsp;&nbsp; Eman.&nbsp;&nbsp;&nbsp;&nbsp;&nbsp;&nbsp; 1890&nbsp;&nbsp;&nbsp;&nbsp;&nbsp;&nbsp;&nbsp;&nbsp;&nbsp;&nbsp; zv\u011brol\u00e9ka\u0159 &nbsp;&nbsp;&nbsp;&nbsp;pol-d\u011bl.46&nbsp;&nbsp;&nbsp;&nbsp; D74&nbsp;&nbsp;&nbsp;&nbsp;&nbsp;\nN\u00e1hr.pr.velitel.vet.nem.Hu<\/p>\n\n\n\n<p>Broskva&nbsp;&nbsp;&nbsp;&nbsp;&nbsp;&nbsp;&nbsp;&nbsp;&nbsp;\nJarosl.&nbsp;&nbsp;&nbsp;&nbsp;&nbsp;&nbsp;&nbsp; 1888&nbsp;&nbsp;&nbsp;&nbsp;&nbsp;&nbsp;&nbsp;&nbsp;&nbsp;&nbsp;&nbsp; zv\u011brol\u00e9ka\u0159&nbsp;&nbsp;&nbsp;&nbsp; drag.pl.9.&nbsp;&nbsp;&nbsp;&nbsp;&nbsp; D125&nbsp;&nbsp;&nbsp;&nbsp;\nzv\u011brol.refer.brig\u00e1dy<\/p>\n\n\n\n<p>Halm&nbsp;&nbsp;&nbsp;&nbsp;&nbsp;&nbsp;&nbsp;&nbsp;&nbsp;&nbsp;&nbsp;&nbsp;&nbsp;\nV\u00e1clav&nbsp;&nbsp;&nbsp;&nbsp;&nbsp;&nbsp;&nbsp; 1895&nbsp;&nbsp;&nbsp;&nbsp;&nbsp;&nbsp;&nbsp;&nbsp;&nbsp;&nbsp;&nbsp;&nbsp; voj\u00edn&nbsp;&nbsp;&nbsp;&nbsp;&nbsp;&nbsp;&nbsp;&nbsp;&nbsp;&nbsp;&nbsp;&nbsp; p\u011b\u0161.pl.99.&nbsp;&nbsp;&nbsp;&nbsp;&nbsp; 6999<\/p>\n\n\n\n<p>Halm&nbsp;&nbsp;&nbsp;&nbsp;&nbsp;&nbsp;&nbsp;&nbsp;&nbsp;&nbsp;&nbsp;&nbsp;\n\u010cen\u011bk&nbsp;&nbsp; &nbsp;&nbsp;&nbsp;&nbsp;&nbsp;&nbsp;&nbsp;&nbsp;1898&nbsp;&nbsp;&nbsp;&nbsp;&nbsp;&nbsp;&nbsp;&nbsp; &nbsp;hul\u00e1n&nbsp;&nbsp;&nbsp;&nbsp;&nbsp;&nbsp;&nbsp;&nbsp;&nbsp;&nbsp;&nbsp; hul.pl. 5.&nbsp;&nbsp;&nbsp;&nbsp;&nbsp;&nbsp;&nbsp; 3796<\/p>\n\n\n\n<p>Han\u00e1k&nbsp;&nbsp;&nbsp;&nbsp;&nbsp;&nbsp;&nbsp;&nbsp;&nbsp;\nMetod\u011bj&nbsp;&nbsp;&nbsp;&nbsp;&nbsp;&nbsp; 1896&nbsp;&nbsp;&nbsp;&nbsp;&nbsp;&nbsp;&nbsp;&nbsp;&nbsp;&nbsp;&nbsp; st\u0159elec&nbsp;&nbsp;&nbsp;&nbsp;&nbsp;&nbsp;&nbsp;&nbsp;&nbsp;&nbsp; dom.pl.25.&nbsp; 3797&nbsp;&nbsp;&nbsp;&nbsp;&nbsp;\npropu\u0161t\u011bn<\/p>\n\n\n\n<p>Hor\u00e1k&nbsp;&nbsp;&nbsp;&nbsp;&nbsp;&nbsp;&nbsp;&nbsp;&nbsp;\nLadislav&nbsp;&nbsp;&nbsp;&nbsp;&nbsp;&nbsp;&nbsp;&nbsp; 1896&nbsp;&nbsp;&nbsp; &nbsp;&nbsp;&nbsp;&nbsp;&nbsp;&nbsp;jezdec&nbsp;&nbsp;&nbsp;&nbsp;&nbsp;&nbsp;&nbsp;&nbsp;&nbsp;&nbsp;&nbsp; drg.pl.11.&nbsp;&nbsp;&nbsp; &nbsp;&nbsp;3071&nbsp;&nbsp;&nbsp;&nbsp;&nbsp;\nIV.pol.prp.1.set.ne.Ol.<\/p>\n\n\n\n<p>Ka\u0148a&nbsp;&nbsp;&nbsp;&nbsp;&nbsp;&nbsp;&nbsp;&nbsp;&nbsp;&nbsp;&nbsp;&nbsp;\nMartin&nbsp;&nbsp;&nbsp;&nbsp;&nbsp;&nbsp;&nbsp;&nbsp; 1898&nbsp;&nbsp;&nbsp;&nbsp;&nbsp;&nbsp;&nbsp;&nbsp;&nbsp;&nbsp; dragoun&nbsp;&nbsp;&nbsp;&nbsp;&nbsp;&nbsp;&nbsp; drg.pl.11.&nbsp;&nbsp;&nbsp;&nbsp; 5177&nbsp;&nbsp;&nbsp;&nbsp;&nbsp;\np\u0159i\u010f.k jezdectvu<\/p>\n\n\n\n<p>Kor\u00e1b&nbsp;&nbsp;&nbsp;&nbsp;&nbsp;&nbsp;&nbsp;&nbsp;&nbsp;&nbsp;\nKlement&nbsp;&nbsp;&nbsp;&nbsp;&nbsp;&nbsp; 1884&nbsp;&nbsp;&nbsp;&nbsp;&nbsp;&nbsp;&nbsp;&nbsp;&nbsp;&nbsp; p\u011b\u0161\u00e1k&nbsp;&nbsp;&nbsp;&nbsp;&nbsp;&nbsp;&nbsp;&nbsp;&nbsp;&nbsp;&nbsp;&nbsp;&nbsp;&nbsp;&nbsp;&nbsp;&nbsp;&nbsp;&nbsp;&nbsp;&nbsp;&nbsp;&nbsp;&nbsp;&nbsp;&nbsp;&nbsp; &nbsp;&nbsp;&nbsp;&nbsp;&nbsp;K413,Z&nbsp;&nbsp;\n2.asist.set.<\/p>\n\n\n\n<p>Kubela&nbsp;&nbsp;&nbsp;&nbsp; &nbsp;&nbsp;&nbsp;&nbsp;Franti\u0161ek&nbsp;&nbsp;&nbsp;&nbsp; 1898&nbsp;&nbsp;&nbsp;&nbsp;&nbsp;&nbsp;&nbsp;&nbsp;&nbsp;&nbsp; p\u011b\u0161\u00e1k&nbsp;&nbsp;&nbsp;&nbsp;&nbsp;&nbsp;&nbsp;&nbsp;&nbsp; p\u011b\u0161\u00ed pl.24.&nbsp;&nbsp;&nbsp;&nbsp;&nbsp; 3803&nbsp;&nbsp;&nbsp;&nbsp;&nbsp;\npropu\u0161t\u011bn&nbsp;&nbsp;&nbsp;&nbsp;&nbsp;&nbsp;&nbsp;&nbsp;&nbsp; <\/p>\n\n\n\n<p>Ku\u010dera&nbsp;&nbsp;&nbsp;&nbsp;&nbsp;&nbsp;&nbsp;&nbsp;&nbsp; Ferdinand&nbsp;&nbsp;&nbsp;&nbsp;&nbsp; 1896&nbsp;&nbsp;&nbsp;&nbsp;&nbsp;&nbsp;&nbsp;&nbsp; st\u0159elec&nbsp;&nbsp;&nbsp;&nbsp;&nbsp;&nbsp;&nbsp;&nbsp;&nbsp; st\u0159el.pl24&nbsp;&nbsp;&nbsp;&nbsp;&nbsp;&nbsp;&nbsp;&nbsp; 3072&nbsp;&nbsp;&nbsp;&nbsp; propu\u0161t\u011bn<\/p>\n\n\n\n<p>Novotn\u00fd&nbsp;&nbsp;&nbsp;&nbsp;&nbsp;&nbsp;\nProkop&nbsp;&nbsp;&nbsp;&nbsp; &nbsp;&nbsp;&nbsp;&nbsp;1896&nbsp;&nbsp;&nbsp;&nbsp;&nbsp;&nbsp;&nbsp;&nbsp;\np\u011b\u0161\u00e1k&nbsp;&nbsp;&nbsp;&nbsp;&nbsp;&nbsp;&nbsp;&nbsp;&nbsp;&nbsp;&nbsp; p\u011b\u0161\u00ed pl.24.&nbsp;&nbsp;&nbsp;&nbsp;&nbsp;&nbsp; 3073&nbsp;&nbsp;\n&nbsp;&nbsp;&nbsp;propu\u0161t\u011bn<\/p>\n\n\n\n<p>Omasta&nbsp;&nbsp;&nbsp;&nbsp;&nbsp;&nbsp;&nbsp;&nbsp;\nPetr&nbsp;&nbsp;&nbsp;&nbsp;&nbsp;&nbsp;&nbsp;&nbsp;&nbsp;&nbsp;&nbsp;&nbsp;&nbsp; 1896&nbsp;&nbsp;&nbsp;&nbsp;&nbsp;&nbsp;&nbsp;&nbsp; myslivec&nbsp;&nbsp;&nbsp;&nbsp; pr.pol.mysliv.25. 3799&nbsp;&nbsp; VI.pl.pr. v\u00e1l.nem Ho.<\/p>\n\n\n\n<p>Omasta&nbsp;&nbsp;&nbsp;&nbsp;&nbsp;&nbsp; &nbsp;&nbsp;Robert&nbsp;&nbsp;&nbsp;&nbsp;&nbsp;&nbsp;&nbsp;&nbsp;\n1896&nbsp;&nbsp;&nbsp;&nbsp;&nbsp;&nbsp;&nbsp;&nbsp; p\u011b\u0161\u00e1k&nbsp;&nbsp;&nbsp;&nbsp;&nbsp;&nbsp;&nbsp;&nbsp;&nbsp;&nbsp; p\u0161.pl.24.&nbsp;&nbsp;&nbsp;&nbsp;&nbsp;&nbsp;&nbsp;&nbsp;&nbsp; 3385 &nbsp;&nbsp;&nbsp;&nbsp;&nbsp;&nbsp;&nbsp;&nbsp;IV.pl.pr. 4.setn.<\/p>\n\n\n\n<p>&nbsp;Omasta &nbsp;&nbsp;&nbsp;&nbsp;&nbsp;&nbsp;&nbsp;&nbsp;Zden\u011bk&nbsp;&nbsp;&nbsp;&nbsp; &nbsp;&nbsp;&nbsp;1898&nbsp;&nbsp;&nbsp;&nbsp;&nbsp;&nbsp;&nbsp;\nst\u0159elec&nbsp;&nbsp;&nbsp;&nbsp;&nbsp;&nbsp;&nbsp;&nbsp; st\u0159el.pl.31.&nbsp;&nbsp;&nbsp;&nbsp;&nbsp; 3997<\/p>\n\n\n\n<p>Polehradsk\u00fd&nbsp;&nbsp;\nVil\u00e9m&nbsp;&nbsp;&nbsp;&nbsp;&nbsp;&nbsp;&nbsp;&nbsp;&nbsp; 1896&nbsp;&nbsp;&nbsp;&nbsp;&nbsp;&nbsp; svob.&nbsp;&nbsp;&nbsp;&nbsp;&nbsp;&nbsp;&nbsp;&nbsp;&nbsp;&nbsp;&nbsp;&nbsp;&nbsp; p\u0161.pl.99.&nbsp;&nbsp;&nbsp; &nbsp;&nbsp;&nbsp;2960,K&nbsp;&nbsp;&nbsp;&nbsp; n\u00e1hr.setn propu\u0161t\u011bn jakou\u010ditel.<\/p>\n\n\n\n<p>Proch\u00e1zka&nbsp;&nbsp;&nbsp;&nbsp;&nbsp;&nbsp;\nFranti\u0161ek &nbsp;&nbsp;&nbsp;&nbsp;1897&nbsp;&nbsp;&nbsp;&nbsp;&nbsp; p\u011b\u0161\u00e1k&nbsp;&nbsp;&nbsp;&nbsp;&nbsp;&nbsp;&nbsp;&nbsp;&nbsp;&nbsp;&nbsp;&nbsp; p\u0161.pl.11..&nbsp; &nbsp;&nbsp;&nbsp;&nbsp;3996,K&nbsp;&nbsp;&nbsp;\nIV.pol.pr.4.setn.<\/p>\n\n\n\n<p>Proke\u0161&nbsp;&nbsp;&nbsp;&nbsp;&nbsp;&nbsp;&nbsp;&nbsp;&nbsp;&nbsp;\nAntonin&nbsp;&nbsp;&nbsp;&nbsp;&nbsp;&nbsp;&nbsp; 1900&nbsp;&nbsp;&nbsp;&nbsp;&nbsp;&nbsp; dobrov.&nbsp;&nbsp;&nbsp;&nbsp;&nbsp;&nbsp;&nbsp;&nbsp;&nbsp; dobrovol.&nbsp;&nbsp;&nbsp;&nbsp;&nbsp; 360,K&nbsp;&nbsp;&nbsp;&nbsp;&nbsp;&nbsp;&nbsp; propu\u0161t\u011bn<\/p>\n\n\n\n<p>Soukup&nbsp;&nbsp;&nbsp;&nbsp;&nbsp;&nbsp;&nbsp;&nbsp;&nbsp;\nFranti\u0161ek&nbsp;&nbsp;&nbsp;&nbsp;&nbsp; 1896&nbsp;&nbsp;&nbsp;&nbsp;&nbsp;&nbsp; d\u011blost\u0159.&nbsp;&nbsp;&nbsp;&nbsp;&nbsp;&nbsp;&nbsp;&nbsp;&nbsp;&nbsp;&nbsp;&nbsp; d\u011bl.pluk I. &nbsp;&nbsp;&nbsp;&nbsp;3160&nbsp;&nbsp;&nbsp;&nbsp;\nIV.pol.pl.3.set.IV.pol.pl.1.setn.<\/p>\n\n\n\n<p>Stehl\u00edk&nbsp;&nbsp;&nbsp;&nbsp;&nbsp;&nbsp;&nbsp;&nbsp;&nbsp;&nbsp; &nbsp;Anton\u00edn&nbsp;&nbsp;&nbsp;&nbsp;&nbsp;&nbsp;&nbsp;&nbsp;\n1896&nbsp;&nbsp;&nbsp;&nbsp;&nbsp; p\u011b\u0161\u00e1k&nbsp;&nbsp;&nbsp;&nbsp;&nbsp;&nbsp;&nbsp;&nbsp;&nbsp;&nbsp;&nbsp;&nbsp; p\u011b\u0161\u00ed pl.I.&nbsp;&nbsp;&nbsp; &nbsp;&nbsp;&nbsp;&nbsp;3798&nbsp;&nbsp;&nbsp;&nbsp;&nbsp;&nbsp;&nbsp;\nV.pol.pl.1.setn.-propu\u0161t\u011bn<\/p>\n\n\n\n<p>Stehl\u00edk&nbsp;&nbsp;&nbsp;&nbsp;&nbsp;&nbsp;&nbsp;&nbsp;&nbsp;&nbsp;&nbsp;&nbsp; Stanislav&nbsp;&nbsp; &nbsp;&nbsp;&nbsp;&nbsp;1897&nbsp;&nbsp;&nbsp;&nbsp;&nbsp;&nbsp;\np\u011b\u0161\u00e1k &nbsp;&nbsp;&nbsp;&nbsp;&nbsp;&nbsp;&nbsp;&nbsp;&nbsp;&nbsp;p\u011b\u0161.pl.99.&nbsp;&nbsp;&nbsp;&nbsp;&nbsp;&nbsp; 3801&nbsp;&nbsp;&nbsp;&nbsp;&nbsp;&nbsp;&nbsp; n\u00e1hr.setn.1.<\/p>\n\n\n\n<p>\u0160t\u011bp\u00e1nek&nbsp;&nbsp;&nbsp;&nbsp;&nbsp;&nbsp;&nbsp;&nbsp;&nbsp;&nbsp;&nbsp;&nbsp;\nJan&nbsp;&nbsp;&nbsp;&nbsp;&nbsp; &nbsp;&nbsp;&nbsp;&nbsp;&nbsp;&nbsp;&nbsp;1898&nbsp;&nbsp;&nbsp;&nbsp;\np\u011b\u0161\u00e1k&nbsp;&nbsp;&nbsp;&nbsp;&nbsp;&nbsp;&nbsp;&nbsp; p\u011b\u0161\u00ed pl.24.&nbsp;&nbsp;&nbsp;&nbsp;&nbsp;&nbsp;&nbsp;&nbsp;&nbsp; 3074&nbsp;&nbsp;&nbsp;&nbsp;&nbsp;&nbsp; IV.pol.prapor 1.setn.<\/p>\n\n\n\n<p>Tom\u00e1nek&nbsp;&nbsp;&nbsp;&nbsp;&nbsp;&nbsp;&nbsp;&nbsp;&nbsp;&nbsp;\nArnold&nbsp;&nbsp;&nbsp;&nbsp;&nbsp;&nbsp;&nbsp;&nbsp; 1897&nbsp;&nbsp;&nbsp;&nbsp; d\u011blost\u0159.&nbsp;&nbsp;&nbsp;&nbsp;&nbsp;&nbsp;&nbsp;&nbsp;&nbsp;&nbsp; d\u011bl.pl.34.&nbsp;&nbsp;&nbsp;&nbsp;&nbsp;&nbsp;&nbsp; 2444&nbsp;&nbsp;&nbsp;&nbsp;&nbsp;&nbsp; v\u00e1l.nem Ho.st\u00e1t.h\u0159eb\u010d.Ho.<\/p>\n\n\n\n<p>V\u00edte\u010dek&nbsp;&nbsp;&nbsp;&nbsp;&nbsp;&nbsp;&nbsp;&nbsp;&nbsp;&nbsp;&nbsp; Tom\u00e1\u0161&nbsp;&nbsp;&nbsp;&nbsp;&nbsp;&nbsp;&nbsp;&nbsp;&nbsp;&nbsp;&nbsp; 1897&nbsp;&nbsp;&nbsp;&nbsp; st\u0159elec&nbsp;&nbsp;&nbsp;&nbsp;\n&nbsp;&nbsp;&nbsp;&nbsp;&nbsp;st\u0159el.pl.24&nbsp; &nbsp;&nbsp;&nbsp;&nbsp;&nbsp;3795&nbsp;&nbsp;&nbsp;&nbsp;&nbsp;&nbsp;\npropu\u0161t\u011bn<\/p>\n\n\n\n<p>\u017d\u00eddek&nbsp;&nbsp;&nbsp;&nbsp;&nbsp;&nbsp;&nbsp;&nbsp;&nbsp;&nbsp;&nbsp;&nbsp;&nbsp;&nbsp;\nStanislav&nbsp;&nbsp;&nbsp;&nbsp;&nbsp;&nbsp;&nbsp; 1896&nbsp;&nbsp;&nbsp;&nbsp;&nbsp; st\u0159elec&nbsp;&nbsp;&nbsp;&nbsp;&nbsp;&nbsp;&nbsp; st\u0159el.pl.24.&nbsp;&nbsp;&nbsp;&nbsp;&nbsp;&nbsp;&nbsp; 3800&nbsp;&nbsp;&nbsp;&nbsp;&nbsp;&nbsp; IV.pol.pr. 3.setnina <\/p>\n\n\n\n<p><strong>Brumovi\u010dt\u00ed mu\u017ei ve Slov\u00e1ck\u00e9 brig\u00e1d\u011b &nbsp;&nbsp;1918<\/strong><\/p>\n\n\n\n<p><strong>P\u0159\u00edjmen\u00ed&nbsp;&nbsp;&nbsp;&nbsp;&nbsp;&nbsp;&nbsp;&nbsp;&nbsp;&nbsp;&nbsp;\nJm\u00e9no&nbsp;&nbsp;&nbsp;&nbsp;&nbsp; rok nar.&nbsp;&nbsp;&nbsp;&nbsp;&nbsp;&nbsp; hodnost&nbsp;&nbsp;&nbsp;&nbsp;&nbsp;&nbsp;&nbsp; b\u00fdval\u00fd \u00fatvar&nbsp;&nbsp;&nbsp;&nbsp;&nbsp;&nbsp;&nbsp;&nbsp;&nbsp; ev.\u010d\u00edslo&nbsp;&nbsp;&nbsp;&nbsp;&nbsp; za\u0159azen\u00ed<\/strong><\/p>\n\n\n\n<p>Angr&nbsp;&nbsp;&nbsp;&nbsp;&nbsp;&nbsp;&nbsp;&nbsp;&nbsp;&nbsp;&nbsp;&nbsp;&nbsp;&nbsp;&nbsp;\nJosef&nbsp;&nbsp;&nbsp;&nbsp;&nbsp;&nbsp;&nbsp; 1887&nbsp;&nbsp;&nbsp;&nbsp;&nbsp;&nbsp;&nbsp;&nbsp;&nbsp;&nbsp;&nbsp; voj\u00edn&nbsp;&nbsp;&nbsp;&nbsp;&nbsp;&nbsp;&nbsp;&nbsp;&nbsp;&nbsp;&nbsp;&nbsp; p\u011b\u0161\u00ed pl.99.&nbsp;&nbsp;&nbsp;&nbsp;&nbsp;&nbsp;&nbsp;&nbsp;&nbsp;&nbsp;&nbsp; 6211&nbsp;&nbsp; &nbsp;&nbsp;&nbsp;&nbsp;2.asist.setn.<\/p>\n\n\n\n<p>Bene\u0161&nbsp;&nbsp;&nbsp;&nbsp;&nbsp;&nbsp;&nbsp;&nbsp;&nbsp;&nbsp;&nbsp;&nbsp;\nV\u00e1clav&nbsp;&nbsp;&nbsp;&nbsp;&nbsp;&nbsp;&nbsp;  1896&nbsp;&nbsp;&nbsp;&nbsp; &nbsp;&nbsp;&nbsp;&nbsp;&nbsp;&nbsp;\nsvobod.&nbsp;&nbsp;&nbsp;&nbsp; 17. pap.hor.mysl&nbsp; &nbsp;&nbsp;452\nK&nbsp;&nbsp;&nbsp;&nbsp;&nbsp; pol.prp.I.4.kul.set.<\/p>\n\n\n\n<p>Blisa&nbsp;&nbsp;&nbsp;&nbsp;&nbsp;&nbsp;&nbsp;&nbsp;&nbsp;&nbsp;&nbsp;&nbsp;&nbsp;&nbsp;\nFranti\u0161ek&nbsp;&nbsp;&nbsp;&nbsp; 1899&nbsp;&nbsp;&nbsp;&nbsp;&nbsp;&nbsp;&nbsp; p\u011b\u0161\u00e1k&nbsp;&nbsp;&nbsp;&nbsp;&nbsp;&nbsp;&nbsp;&nbsp;&nbsp; p\u011b\u0161.pl.73.&nbsp;&nbsp;&nbsp;&nbsp;&nbsp;&nbsp;&nbsp;&nbsp;&nbsp;&nbsp;&nbsp;&nbsp;&nbsp;&nbsp;&nbsp; 441,K&nbsp;&nbsp;&nbsp;&nbsp;&nbsp;&nbsp; V.pol.pl. 4.setn.-propu\u0161t\u011bn&nbsp;&nbsp;&nbsp;&nbsp;&nbsp;&nbsp;&nbsp;&nbsp;&nbsp; &nbsp;&nbsp;&nbsp;&nbsp;&nbsp;&nbsp;&nbsp;&nbsp;&nbsp;&nbsp;&nbsp;&nbsp;&nbsp;&nbsp;&nbsp;&nbsp;&nbsp;&nbsp;&nbsp;<\/p>\n\n\n\n<p>Bula&nbsp;&nbsp;&nbsp;&nbsp;&nbsp;&nbsp;&nbsp;&nbsp;&nbsp;&nbsp;&nbsp;&nbsp;&nbsp;&nbsp;&nbsp;\nJosef&nbsp; &nbsp;&nbsp;&nbsp;&nbsp;&nbsp;&nbsp;&nbsp; &nbsp;1895&nbsp;&nbsp;&nbsp;&nbsp;&nbsp;&nbsp;&nbsp;&nbsp;&nbsp;&nbsp; p\u011b\u0161\u00e1k&nbsp;&nbsp;&nbsp;&nbsp;&nbsp;&nbsp;&nbsp;&nbsp;&nbsp;&nbsp; pol.prap. 99.&nbsp;&nbsp;&nbsp;&nbsp;&nbsp;  &nbsp;455 K&nbsp;&nbsp;&nbsp;&nbsp;&nbsp; stroj.pu\u0161ky<\/p>\n\n\n\n<p>Bula&nbsp;&nbsp;&nbsp;&nbsp; &nbsp; &nbsp;&nbsp;&nbsp;&nbsp;&nbsp;&nbsp;&nbsp;&nbsp;&nbsp;Ladislav&nbsp;&nbsp;&nbsp;&nbsp;&nbsp;  1898&nbsp;&nbsp;&nbsp;&nbsp;&nbsp;&nbsp;&nbsp;&nbsp;&nbsp;&nbsp;\np\u011b\u0161\u00e1k&nbsp;&nbsp;&nbsp;&nbsp;&nbsp;&nbsp;&nbsp;&nbsp;&nbsp; pol.prap. 99.&nbsp;&nbsp;&nbsp;&nbsp;&nbsp;&nbsp; &nbsp;&nbsp;\n1769&nbsp;&nbsp;&nbsp;&nbsp;&nbsp;&nbsp; stroj.pu\u0161ky<\/p>\n\n\n\n<p>Bure\u0161&nbsp;&nbsp;&nbsp;&nbsp;&nbsp;&nbsp;&nbsp;&nbsp;&nbsp;&nbsp;&nbsp;&nbsp;\nFranti\u0161ek&nbsp;&nbsp;&nbsp; 1898&nbsp;&nbsp; &nbsp;&nbsp;&nbsp;&nbsp;&nbsp;&nbsp;&nbsp;&nbsp;p\u011b\u0161\u00e1k&nbsp;&nbsp;&nbsp;&nbsp;\n&nbsp;&nbsp;&nbsp;&nbsp;&nbsp;&nbsp;&nbsp;s\u0159l.pl. 24.&nbsp;&nbsp;&nbsp;&nbsp;&nbsp;&nbsp;&nbsp;&nbsp;&nbsp;&nbsp;&nbsp;&nbsp;&nbsp; &nbsp;599 K&nbsp;&nbsp;&nbsp;&nbsp;&nbsp;\npol.pr.II.4.kulm.set.<\/p>\n\n\n\n<p>Bure\u0161&nbsp;&nbsp;&nbsp;&nbsp;&nbsp;&nbsp;&nbsp;&nbsp;&nbsp;&nbsp;&nbsp;\nJosef&nbsp;&nbsp;&nbsp;&nbsp;&nbsp;&nbsp;&nbsp;&nbsp;&nbsp;&nbsp;&nbsp; 1896&nbsp;&nbsp;&nbsp;&nbsp;&nbsp;&nbsp;&nbsp;&nbsp;&nbsp;&nbsp; p\u011b\u0161\u00e1k&nbsp;&nbsp;&nbsp;&nbsp;&nbsp;&nbsp;&nbsp;&nbsp;&nbsp;&nbsp; st\u0159l.pl. 24.&nbsp;&nbsp;&nbsp;&nbsp;&nbsp;&nbsp;&nbsp;&nbsp;&nbsp;&nbsp; &nbsp;&nbsp;&nbsp;469\nK&nbsp;&nbsp;&nbsp;&nbsp;&nbsp;&nbsp; stroj.pu\u0161. Bratislava<\/p>\n\n\n\n<p>Fanta&nbsp;&nbsp;&nbsp;&nbsp;&nbsp;&nbsp;&nbsp;&nbsp;&nbsp;&nbsp;&nbsp;\nAnton\u00edn&nbsp;&nbsp;&nbsp;&nbsp;&nbsp;&nbsp; 1892&nbsp;&nbsp;&nbsp;&nbsp;&nbsp;&nbsp;&nbsp;&nbsp;&nbsp;&nbsp; \u00fa\u010dta\u0159&nbsp;&nbsp;&nbsp; &nbsp;&nbsp;&nbsp;&nbsp;&nbsp;&nbsp;&nbsp;&nbsp;p\u011b\u0161\u00ed.pl.25.&nbsp;&nbsp;\n&nbsp;&nbsp;&nbsp;&nbsp;&nbsp;&nbsp;&nbsp;&nbsp;1768&nbsp;&nbsp;&nbsp;&nbsp;&nbsp;&nbsp;&nbsp;&nbsp;\nstr.pu\u0161ky.hudba Bratisl.<\/p>\n\n\n\n<p>Fanta&nbsp;&nbsp;&nbsp;&nbsp;&nbsp; Jan nebo\nAnt.&nbsp;&nbsp; 1898&nbsp;&nbsp;&nbsp;&nbsp;&nbsp;&nbsp;&nbsp;&nbsp;&nbsp;&nbsp; st\u0159elec&nbsp;&nbsp;&nbsp;&nbsp;&nbsp;&nbsp;&nbsp;&nbsp; p\u011b\u0161\u00ed pl.37.&nbsp;&nbsp;&nbsp;&nbsp;&nbsp;&nbsp;&nbsp;&nbsp;&nbsp;&nbsp; &nbsp;&nbsp;&nbsp;&nbsp;1494&nbsp;&nbsp;&nbsp;&nbsp;&nbsp;&nbsp;&nbsp;\npol.pl.V. 4.set.nem.Brno<\/p>\n\n\n\n<p>Han\u00e1k&nbsp;&nbsp;&nbsp;&nbsp;&nbsp;&nbsp;&nbsp;&nbsp;&nbsp;&nbsp;&nbsp;\nEduard&nbsp;&nbsp;&nbsp;&nbsp;&nbsp;&nbsp; 1896&nbsp;&nbsp;&nbsp;&nbsp;&nbsp;&nbsp;&nbsp;&nbsp;&nbsp;&nbsp; p\u011b\u0161\u00e1k&nbsp;&nbsp;&nbsp;&nbsp;&nbsp;&nbsp;&nbsp;&nbsp; &nbsp;p\u011b\u0161\u00ed pl.99.&nbsp;&nbsp;&nbsp;&nbsp;&nbsp;&nbsp;&nbsp;&nbsp;&nbsp;&nbsp; &nbsp;&nbsp;&nbsp;451\nK&nbsp;&nbsp;&nbsp;&nbsp;&nbsp;&nbsp; stroj.pu\u0161ky<\/p>\n\n\n\n<p>Han\u00e1k&nbsp;&nbsp;&nbsp;&nbsp;&nbsp;&nbsp;&nbsp;&nbsp;&nbsp;&nbsp;&nbsp;\nFrant.&nbsp;&nbsp;&nbsp;&nbsp;&nbsp;&nbsp;&nbsp;&nbsp;&nbsp; 1896&nbsp;&nbsp;&nbsp;&nbsp;&nbsp;&nbsp;&nbsp;&nbsp; p\u011b\u0161\u00e1k&nbsp;&nbsp;&nbsp;&nbsp;&nbsp;&nbsp;&nbsp;&nbsp;&nbsp;&nbsp;&nbsp; p\u011b\u0161\u00ed pl. 99.&nbsp;&nbsp;&nbsp;&nbsp;&nbsp;&nbsp;&nbsp;&nbsp; &nbsp;&nbsp;556\nK&nbsp;&nbsp;&nbsp;&nbsp;&nbsp; &nbsp;V.pol.pr.4.set.<\/p>\n\n\n\n<p>Herben&nbsp;&nbsp;&nbsp;&nbsp;&nbsp;&nbsp;&nbsp;&nbsp;&nbsp;\nV\u00e1clav&nbsp;&nbsp;&nbsp;&nbsp;&nbsp;&nbsp;&nbsp;&nbsp;&nbsp; 1897&nbsp;&nbsp;&nbsp;&nbsp;&nbsp;&nbsp;&nbsp; p\u011b\u0161\u00e1k&nbsp;&nbsp;&nbsp;&nbsp;&nbsp;&nbsp;&nbsp;&nbsp;&nbsp;&nbsp; z\u00e1kop.pr.2.&nbsp;&nbsp;&nbsp;&nbsp;&nbsp;&nbsp;&nbsp;&nbsp; &nbsp;&nbsp;&nbsp;5174&nbsp;&nbsp;&nbsp;&nbsp;\n&nbsp;&nbsp;<\/p>\n\n\n\n<p>Horn\u00edk&nbsp;&nbsp;&nbsp;&nbsp;&nbsp;&nbsp;&nbsp;&nbsp;&nbsp;&nbsp;\nJosef&nbsp;&nbsp;&nbsp;&nbsp;&nbsp;&nbsp;&nbsp;&nbsp;&nbsp;&nbsp;&nbsp; 1897&nbsp;&nbsp;&nbsp;&nbsp;&nbsp;&nbsp; poru\u010d\u00edk&nbsp;&nbsp;&nbsp;&nbsp;&nbsp;&nbsp;&nbsp; bosn-herc4.&nbsp;&nbsp;&nbsp;&nbsp;&nbsp;&nbsp;&nbsp;&nbsp;&nbsp; &nbsp;&nbsp;D\n89&nbsp;&nbsp;&nbsp;&nbsp;&nbsp;&nbsp;&nbsp; dopl. velitelstv\u00ed<\/p>\n\n\n\n<p>Hortv\u00edk&nbsp;&nbsp;&nbsp;&nbsp;&nbsp;&nbsp;&nbsp;&nbsp;&nbsp;\nLudv\u00edk&nbsp;&nbsp;&nbsp;&nbsp;&nbsp;&nbsp;&nbsp;&nbsp; 1896&nbsp;&nbsp;&nbsp;&nbsp;&nbsp;&nbsp;&nbsp; p\u011b\u0161\u00e1k&nbsp;&nbsp;&nbsp;&nbsp;&nbsp;&nbsp;&nbsp;&nbsp;&nbsp; &nbsp;&nbsp;st\u0159.pl.\n24.&nbsp;&nbsp;&nbsp;&nbsp;&nbsp;&nbsp;&nbsp;&nbsp;&nbsp;&nbsp;&nbsp;&nbsp;&nbsp;&nbsp; 1654&nbsp;&nbsp;&nbsp;&nbsp;&nbsp;&nbsp;&nbsp;&nbsp; IV.pol.pr.1.setn. <\/p>\n\n\n\n<p>Hov\u011bz\u00e1k&nbsp;&nbsp;&nbsp;&nbsp;&nbsp;&nbsp;&nbsp; Josef &nbsp;&nbsp;&nbsp;&nbsp;&nbsp;&nbsp;&nbsp;&nbsp;&nbsp;&nbsp;1897&nbsp;&nbsp;&nbsp;&nbsp;&nbsp;&nbsp;&nbsp;\np\u011b\u0161\u00e1k&nbsp;&nbsp;&nbsp;&nbsp;&nbsp;&nbsp;&nbsp;&nbsp;&nbsp;&nbsp;&nbsp; p\u011b\u0161\u00ed pl.24.&nbsp;&nbsp;&nbsp;&nbsp;&nbsp;&nbsp;&nbsp;&nbsp;&nbsp;&nbsp;&nbsp;&nbsp;&nbsp; 467,K&nbsp;&nbsp;&nbsp;&nbsp;&nbsp;&nbsp; V.pl.pl.4.set.- n\u00e1hr. setn.&nbsp;&nbsp;&nbsp;&nbsp;&nbsp; <\/p>\n\n\n\n<p>Hrabec&nbsp;&nbsp;&nbsp;&nbsp;&nbsp;&nbsp;&nbsp;&nbsp;&nbsp;\nJosef&nbsp;&nbsp;&nbsp;&nbsp;&nbsp;&nbsp;&nbsp;&nbsp;&nbsp;&nbsp; 1897&nbsp;&nbsp;&nbsp;&nbsp;&nbsp;&nbsp;&nbsp; st\u0159elec&nbsp;&nbsp;&nbsp;&nbsp;&nbsp;&nbsp;&nbsp;&nbsp; &nbsp;&nbsp;st\u0159l.pl.24.&nbsp;&nbsp;&nbsp;&nbsp;&nbsp;&nbsp;&nbsp;&nbsp;&nbsp;&nbsp;&nbsp;&nbsp; &nbsp;&nbsp;&nbsp;895&nbsp;&nbsp;&nbsp;&nbsp;&nbsp;&nbsp;&nbsp;&nbsp;\nV.polpl4.set.II.pl.pl.4.set.<\/p>\n\n\n\n<p>Jakub\u010d\u00edk&nbsp;&nbsp;&nbsp;&nbsp;&nbsp;&nbsp;&nbsp; &nbsp;Ant.&nbsp;&nbsp; &nbsp;&nbsp;&nbsp;&nbsp;&nbsp;&nbsp;&nbsp;&nbsp;1897&nbsp;&nbsp;&nbsp;&nbsp;&nbsp;&nbsp;&nbsp;&nbsp; vozataj&nbsp;&nbsp;&nbsp;&nbsp;&nbsp;&nbsp;&nbsp;&nbsp;&nbsp; Vozat.2.&nbsp;&nbsp;&nbsp;&nbsp;&nbsp;&nbsp;&nbsp;&nbsp;&nbsp;&nbsp;&nbsp;&nbsp;&nbsp;&nbsp; &nbsp;3540&nbsp;&nbsp;&nbsp;&nbsp;&nbsp;&nbsp;\nV.pl.pr.4.set.v\u00e1l.nemHO.<\/p>\n\n\n\n<p>Jakub\u010d\u00edk&nbsp;&nbsp;&nbsp;&nbsp;&nbsp;&nbsp;&nbsp;&nbsp;\nFrant.&nbsp;&nbsp;&nbsp;&nbsp;&nbsp;&nbsp; 1898&nbsp;&nbsp;&nbsp;&nbsp;&nbsp;&nbsp;&nbsp; d\u011blost\u0159.&nbsp;&nbsp;&nbsp;&nbsp;&nbsp;&nbsp;&nbsp;&nbsp; &nbsp;d\u011bl.pl.2&nbsp;&nbsp;&nbsp;&nbsp;&nbsp;&nbsp;&nbsp;&nbsp;&nbsp;&nbsp;&nbsp;&nbsp;&nbsp;&nbsp;&nbsp;&nbsp;&nbsp; &nbsp;&nbsp;&nbsp;557&nbsp;&nbsp;&nbsp;&nbsp;&nbsp;&nbsp;&nbsp;&nbsp;\nI.pol.pr.4.set.<\/p>\n\n\n\n<p>Ka\u0161uba&nbsp;&nbsp;&nbsp;&nbsp;&nbsp;&nbsp;&nbsp;&nbsp;&nbsp;&nbsp;\nFrant.&nbsp;&nbsp;&nbsp;&nbsp;&nbsp;&nbsp; 1895&nbsp;&nbsp;&nbsp;&nbsp;&nbsp;&nbsp; &nbsp;p\u011b\u0161\u00e1k&nbsp;&nbsp;&nbsp;&nbsp;&nbsp;&nbsp;&nbsp;&nbsp;&nbsp;&nbsp;\n&nbsp;&nbsp;&nbsp;p\u011b\u0161.pl.99.&nbsp;&nbsp;&nbsp;&nbsp;&nbsp;&nbsp;&nbsp;&nbsp;&nbsp;&nbsp;&nbsp;&nbsp;&nbsp; 554 K&nbsp;&nbsp;&nbsp;&nbsp;&nbsp; I.pl.pr.4.set. Dov.do 31.10.<\/p>\n\n\n\n<p>Kone\u010dn\u00fd&nbsp;&nbsp;&nbsp;&nbsp;&nbsp;&nbsp;&nbsp;\nFrant.&nbsp;&nbsp;&nbsp;&nbsp;&nbsp;&nbsp; 1898&nbsp;&nbsp;&nbsp;&nbsp;&nbsp;&nbsp;&nbsp; vozat.&nbsp;&nbsp;&nbsp;&nbsp;&nbsp;&nbsp;&nbsp;&nbsp;&nbsp; Voz.div.72.&nbsp;&nbsp;&nbsp;&nbsp;&nbsp;&nbsp;&nbsp;&nbsp;&nbsp;&nbsp;&nbsp;&nbsp; &nbsp;&nbsp;&nbsp;&nbsp;897&nbsp;&nbsp;&nbsp;&nbsp;&nbsp;&nbsp;&nbsp;&nbsp;\nV.pol.pr.4.set.<\/p>\n\n\n\n<p>Kon\u00ed\u010dek&nbsp;&nbsp;&nbsp;&nbsp;&nbsp;&nbsp;&nbsp;&nbsp;\nFrant.&nbsp;&nbsp;&nbsp;&nbsp;&nbsp;&nbsp; 1899&nbsp;&nbsp;&nbsp;&nbsp;&nbsp; p\u011b\u0161\u00e1k&nbsp;&nbsp;&nbsp;&nbsp;&nbsp;&nbsp;&nbsp; &nbsp;&nbsp;&nbsp;&nbsp;&nbsp;&nbsp;p\u011b\u0161\u00ed pl. 99.&nbsp;&nbsp;&nbsp;&nbsp;&nbsp;&nbsp;&nbsp;&nbsp;&nbsp;&nbsp; &nbsp;&nbsp;&nbsp;445\nK&nbsp;&nbsp;&nbsp;&nbsp;&nbsp;&nbsp;&nbsp; propu\u0161t\u011bn<\/p>\n\n\n\n<p>Kon\u00ed\u010dek&nbsp;&nbsp;&nbsp;&nbsp;&nbsp;&nbsp;&nbsp;&nbsp;\nMart.&nbsp;&nbsp;&nbsp;&nbsp;&nbsp;&nbsp;&nbsp; 1900&nbsp;&nbsp;&nbsp;&nbsp;&nbsp; p\u011b\u0161\u00e1k&nbsp;&nbsp;&nbsp;&nbsp;&nbsp;&nbsp;&nbsp;&nbsp;&nbsp;&nbsp;&nbsp;&nbsp; p\u011b\u0161.pl. 99.&nbsp;&nbsp;&nbsp;&nbsp;&nbsp;&nbsp;&nbsp;&nbsp;&nbsp;&nbsp;&nbsp;&nbsp;&nbsp;&nbsp; 444 K&nbsp;&nbsp;&nbsp;&nbsp;&nbsp;&nbsp;&nbsp; IV.pl.pl.4.set.<\/p>\n\n\n\n<p>Ko\u0161uli\u010d&nbsp;&nbsp;&nbsp;&nbsp;&nbsp;&nbsp;&nbsp;&nbsp;&nbsp;\nFrant.&nbsp;&nbsp;&nbsp;&nbsp;&nbsp;&nbsp;&nbsp; 1898&nbsp;&nbsp;&nbsp;&nbsp;&nbsp; Svobod.&nbsp;&nbsp;&nbsp;&nbsp;&nbsp;&nbsp;&nbsp;&nbsp;&nbsp;&nbsp; P\u011b\u0161\u00ed pl.24.&nbsp;&nbsp;&nbsp;&nbsp;&nbsp;&nbsp;&nbsp;&nbsp;&nbsp;&nbsp;&nbsp;&nbsp;&nbsp;&nbsp;&nbsp; 1518 &nbsp;&nbsp;&nbsp;&nbsp;&nbsp;&nbsp;&nbsp;&nbsp;I.pl.pr.1.set.<\/p>\n\n\n\n<p>Kova\u0159\u00edk&nbsp;&nbsp;&nbsp;&nbsp;&nbsp;&nbsp;&nbsp;&nbsp;\nJan&nbsp;&nbsp;&nbsp;&nbsp;&nbsp;&nbsp;&nbsp;&nbsp;&nbsp;&nbsp;&nbsp;&nbsp; 1889&nbsp;&nbsp;&nbsp;&nbsp;&nbsp;&nbsp; st\u0159elec&nbsp;&nbsp;&nbsp; &nbsp;&nbsp;&nbsp;&nbsp;&nbsp;&nbsp;&nbsp;st\u0159el.pl.24.&nbsp;&nbsp;&nbsp;&nbsp;&nbsp;&nbsp;&nbsp;&nbsp;&nbsp;&nbsp;&nbsp; &nbsp;&nbsp;896&nbsp;&nbsp;&nbsp;&nbsp;&nbsp;&nbsp;&nbsp;\nn\u00e1hr.setn.kulom.Dovolen\u00e1<\/p>\n\n\n\n<p>Kr\u00e1l\u00ed\u010dek&nbsp;&nbsp;&nbsp;&nbsp;&nbsp;&nbsp;&nbsp;&nbsp;&nbsp;\nFrant.&nbsp;&nbsp;&nbsp;&nbsp;&nbsp;&nbsp; 1896&nbsp;&nbsp;&nbsp;&nbsp;&nbsp;&nbsp; dragoun&nbsp;&nbsp;&nbsp;&nbsp;&nbsp;&nbsp; drag.pl. 9.&nbsp;&nbsp;&nbsp;&nbsp;&nbsp;&nbsp;&nbsp;&nbsp;&nbsp;&nbsp;&nbsp; &nbsp;&nbsp;&nbsp;&nbsp;594 K&nbsp;&nbsp;&nbsp;&nbsp;&nbsp;&nbsp;\nI.asis.set.v\u0161echny kerzy.<\/p>\n\n\n\n<p>Kr\u00e1tk\u00fd&nbsp;&nbsp;&nbsp;&nbsp;&nbsp;&nbsp;&nbsp;&nbsp;&nbsp;&nbsp;&nbsp;\nJosef&nbsp;&nbsp;&nbsp;&nbsp;&nbsp;&nbsp;&nbsp;&nbsp; 1892&nbsp;&nbsp;&nbsp;&nbsp;&nbsp;&nbsp; poru\u010d\u00edk&nbsp;&nbsp;&nbsp;&nbsp;&nbsp;&nbsp;&nbsp;&nbsp; p\u011b\u0161\u00ed pl.11.&nbsp;&nbsp;&nbsp;&nbsp;&nbsp;&nbsp;&nbsp;&nbsp;&nbsp;&nbsp;&nbsp;&nbsp;&nbsp; D180&nbsp;&nbsp;&nbsp;&nbsp;&nbsp;&nbsp;&nbsp; asis.set.IV.pol.pr.3.set.<\/p>\n\n\n\n<p>K\u016fdr&nbsp;&nbsp;&nbsp;&nbsp;&nbsp;&nbsp;&nbsp;&nbsp;&nbsp;&nbsp;&nbsp;&nbsp;&nbsp;&nbsp;\nFrant.&nbsp;&nbsp;&nbsp;&nbsp;&nbsp;&nbsp; 1890&nbsp;&nbsp;&nbsp;&nbsp;&nbsp;&nbsp;&nbsp; p\u011b\u0161\u00e1k&nbsp;&nbsp;&nbsp;&nbsp;&nbsp;&nbsp;&nbsp;&nbsp;&nbsp;&nbsp; st\u0159.pl.25.&nbsp;&nbsp;&nbsp;&nbsp;&nbsp;&nbsp;&nbsp;&nbsp;&nbsp;&nbsp;&nbsp;&nbsp;&nbsp;&nbsp;&nbsp;&nbsp;&nbsp; 4885&nbsp;&nbsp;&nbsp;&nbsp;&nbsp;&nbsp;&nbsp; VI.pl.pr.2.set.III.p.p.1.s.<\/p>\n\n\n\n<p>Lexa&nbsp;&nbsp;&nbsp;&nbsp;&nbsp;&nbsp;&nbsp;&nbsp;&nbsp;&nbsp;&nbsp;&nbsp;&nbsp;\nJosef&nbsp;&nbsp;&nbsp;&nbsp;&nbsp;&nbsp;&nbsp;&nbsp;&nbsp;&nbsp; 1892&nbsp;&nbsp;&nbsp;&nbsp;&nbsp; zvl.l\u00e9k.&nbsp;&nbsp;&nbsp;&nbsp;&nbsp;&nbsp;&nbsp;&nbsp; Drg.pl 14.&nbsp;&nbsp;&nbsp;&nbsp;&nbsp;&nbsp;&nbsp;&nbsp;&nbsp;&nbsp;&nbsp;&nbsp;&nbsp; &nbsp;&nbsp;&nbsp;D84&nbsp;&nbsp;&nbsp;&nbsp;&nbsp;&nbsp;&nbsp;&nbsp;&nbsp;&nbsp;\n<\/p>\n\n\n\n<p>L\u00edznar&nbsp;&nbsp;&nbsp;&nbsp;&nbsp;&nbsp;&nbsp;&nbsp;&nbsp;&nbsp;&nbsp;\nMartin &nbsp;&nbsp;&nbsp;&nbsp;&nbsp;&nbsp;&nbsp;&nbsp;&nbsp;&nbsp;&nbsp;1893&nbsp;&nbsp;&nbsp;&nbsp;&nbsp;&nbsp;&nbsp;&nbsp;&nbsp;&nbsp;&nbsp;&nbsp; p\u011b\u0161\u00e1k&nbsp;&nbsp;&nbsp;&nbsp; &nbsp;&nbsp;&nbsp;houf.pl.25&nbsp;&nbsp;&nbsp;&nbsp;&nbsp; &nbsp;&nbsp;466 K&nbsp;&nbsp;&nbsp;&nbsp;&nbsp;&nbsp;&nbsp;\nI.pln\u00ed prapor<\/p>\n\n\n\n<p>Musil&nbsp;&nbsp;&nbsp;&nbsp;&nbsp;&nbsp;&nbsp;&nbsp;&nbsp;&nbsp;&nbsp;&nbsp;\nFrant.*&nbsp;&nbsp;&nbsp;&nbsp;&nbsp;&nbsp;&nbsp;&nbsp;&nbsp;&nbsp; 1898&nbsp;&nbsp;&nbsp; &nbsp;&nbsp;&nbsp;&nbsp;&nbsp;&nbsp;&nbsp;&nbsp;&nbsp;p\u011b\u0161\u00e1k&nbsp;&nbsp;&nbsp;&nbsp;&nbsp;&nbsp; p\u011b\u0161\u00ed pl. 99.&nbsp;&nbsp;&nbsp;&nbsp;&nbsp;&nbsp;&nbsp; 1312 K&nbsp;&nbsp;&nbsp;&nbsp;&nbsp;&nbsp; strojn\u00ed pu\u0161ky<\/p>\n\n\n\n<p>Musil&nbsp;&nbsp;&nbsp;&nbsp;&nbsp;&nbsp;&nbsp;&nbsp;&nbsp;&nbsp;&nbsp;&nbsp;\nFrant. **&nbsp;&nbsp;&nbsp;&nbsp;&nbsp;&nbsp;&nbsp; 1896&nbsp;&nbsp;&nbsp;&nbsp;&nbsp;&nbsp;&nbsp;&nbsp;&nbsp;&nbsp;&nbsp;&nbsp; p\u011b\u0161\u00e1k &nbsp;&nbsp;&nbsp;&nbsp;&nbsp;&nbsp;p\u011b\u0161\u00ed pl.99&nbsp;&nbsp;&nbsp;&nbsp;&nbsp;&nbsp;&nbsp;&nbsp;&nbsp; 2265&nbsp;&nbsp;&nbsp;&nbsp;&nbsp;&nbsp;&nbsp;&nbsp;&nbsp; I.p.pl.4.set.str.pu\u0161ky<\/p>\n\n\n\n<p>Nov\u00e1k&nbsp;&nbsp;&nbsp;&nbsp;&nbsp;&nbsp;&nbsp;&nbsp;&nbsp;&nbsp;&nbsp;\nJosef&nbsp;&nbsp;&nbsp;&nbsp;&nbsp;&nbsp;&nbsp;&nbsp;&nbsp;&nbsp;&nbsp;&nbsp; 1892&nbsp;&nbsp;&nbsp;&nbsp;&nbsp;&nbsp;&nbsp;&nbsp;&nbsp;&nbsp;&nbsp;&nbsp;&nbsp; p\u011b\u0161\u00e1k&nbsp;&nbsp;&nbsp;&nbsp;&nbsp;&nbsp; p\u011b\u0161\u00ed pl.99.&nbsp;&nbsp;&nbsp;&nbsp;&nbsp;&nbsp;&nbsp;&nbsp;&nbsp; 453 K&nbsp;&nbsp;&nbsp;&nbsp;&nbsp;&nbsp;&nbsp; n\u00e1hr.setn. Z\u00e1l.nem.Ol. <\/p>\n\n\n\n<p>Nov\u00e1k&nbsp;&nbsp;&nbsp;&nbsp;&nbsp;&nbsp;&nbsp;&nbsp;&nbsp;&nbsp;\nLudv\u00edk&nbsp;&nbsp;&nbsp;&nbsp;&nbsp;&nbsp;&nbsp;&nbsp;&nbsp;&nbsp;&nbsp; 1892&nbsp;&nbsp;&nbsp;&nbsp;&nbsp;&nbsp;&nbsp;&nbsp;&nbsp;&nbsp; \u0161ikovat.&nbsp;&nbsp;&nbsp;&nbsp;&nbsp;&nbsp; P\u011b\u0161\u00ed pl.99&nbsp;&nbsp;&nbsp;&nbsp;&nbsp;&nbsp;&nbsp;&nbsp;&nbsp;&nbsp; 1767&nbsp;&nbsp;&nbsp;&nbsp;&nbsp;&nbsp;&nbsp;&nbsp; I.n\u00e1hr.set.\u010detnictvo Brat.<\/p>\n\n\n\n<p>Peg\u00e1\u010d&nbsp;&nbsp;&nbsp;&nbsp;&nbsp;&nbsp;&nbsp;&nbsp;&nbsp;&nbsp;&nbsp;\nFrant.&nbsp;&nbsp;&nbsp;&nbsp;&nbsp;&nbsp;&nbsp;&nbsp;&nbsp;&nbsp;&nbsp;&nbsp; 1896&nbsp;&nbsp;&nbsp;&nbsp;&nbsp;&nbsp;&nbsp;&nbsp;&nbsp;&nbsp;&nbsp;&nbsp; voj\u00edn&nbsp;&nbsp;&nbsp;&nbsp;&nbsp;&nbsp;&nbsp;&nbsp;&nbsp; p\u011b\u0161\u00ed pl.99.&nbsp;&nbsp;&nbsp;&nbsp;&nbsp;&nbsp;&nbsp;&nbsp;&nbsp; 5214&nbsp;&nbsp;&nbsp;&nbsp;&nbsp;&nbsp;&nbsp; strojn\u00ed pu\u0161ky<\/p>\n\n\n\n<p>Pek\u00e1\u010d&nbsp;&nbsp;&nbsp;&nbsp;&nbsp;&nbsp;&nbsp;&nbsp;&nbsp;&nbsp;&nbsp;\nVav\u0159in&nbsp;&nbsp;&nbsp;&nbsp;&nbsp;&nbsp;&nbsp;&nbsp;&nbsp;&nbsp; 1896&nbsp;&nbsp;&nbsp;&nbsp;&nbsp;&nbsp;&nbsp;&nbsp;&nbsp;&nbsp;&nbsp; p\u011b\u0161\u00e1k&nbsp;&nbsp;&nbsp;&nbsp;&nbsp;&nbsp;&nbsp;&nbsp;&nbsp;&nbsp; p\u011b\u0161\u00ed pl.99.&nbsp;&nbsp;&nbsp;&nbsp;&nbsp;&nbsp;&nbsp;&nbsp; 2266&nbsp;&nbsp;&nbsp;&nbsp;&nbsp;&nbsp;&nbsp; I.pol-pr.1.setn.<\/p>\n\n\n\n<p>R\u00e1\u010dek&nbsp;&nbsp;&nbsp;&nbsp;&nbsp;&nbsp;&nbsp;&nbsp;&nbsp;&nbsp;&nbsp;\nFrant.&nbsp;&nbsp;&nbsp;&nbsp;&nbsp;&nbsp;&nbsp;&nbsp;&nbsp;&nbsp;&nbsp; 1900&nbsp;&nbsp;&nbsp;&nbsp;&nbsp;&nbsp;&nbsp;&nbsp;&nbsp; p\u011b\u0161\u00e1k&nbsp;&nbsp;&nbsp;&nbsp;&nbsp;&nbsp;&nbsp;&nbsp;&nbsp;&nbsp;&nbsp; p\u011b\u0161\u00ed pl.99.&nbsp;&nbsp;&nbsp;&nbsp;&nbsp;&nbsp;&nbsp;&nbsp; 443 K&nbsp;&nbsp;&nbsp;&nbsp;&nbsp;&nbsp;&nbsp; propu\u0161t\u011bn<\/p>\n\n\n\n<p>Rozbo\u0159il&nbsp;&nbsp;&nbsp;&nbsp;&nbsp;&nbsp;&nbsp;\nAdolf&nbsp;&nbsp;&nbsp;&nbsp;&nbsp;&nbsp;&nbsp;&nbsp;&nbsp;&nbsp;&nbsp;&nbsp; 1893&nbsp;&nbsp;&nbsp;&nbsp;&nbsp;&nbsp;&nbsp;&nbsp;&nbsp;&nbsp; p\u011b\u0161\u00e1k&nbsp;&nbsp;&nbsp;&nbsp;&nbsp;&nbsp;&nbsp;&nbsp;&nbsp; pr.pol.mysl.25&nbsp;&nbsp;&nbsp; 470 K&nbsp;&nbsp;&nbsp;&nbsp;&nbsp;\nV.pol.pl.4.setnina<\/p>\n\n\n\n<p>Rup&nbsp;&nbsp; &nbsp;&nbsp;&nbsp;&nbsp;&nbsp;&nbsp;&nbsp;&nbsp;&nbsp;&nbsp;&nbsp;&nbsp;Frant.&nbsp;&nbsp;&nbsp;&nbsp;&nbsp;&nbsp;&nbsp;&nbsp;&nbsp;&nbsp;&nbsp; 1897&nbsp;&nbsp;&nbsp;&nbsp;&nbsp;&nbsp;&nbsp;&nbsp;&nbsp;&nbsp; p\u011b\u0161\u00e1k&nbsp;&nbsp;&nbsp;&nbsp;&nbsp;&nbsp;&nbsp;&nbsp;&nbsp;&nbsp;&nbsp; p\u011b\u0161\u00ed pl.99.&nbsp;&nbsp;&nbsp;&nbsp;&nbsp;&nbsp;&nbsp; 468 K&nbsp;&nbsp;&nbsp;&nbsp;&nbsp;&nbsp; V.pol.pr.4.setnina<\/p>\n\n\n\n<p>Sirn\u00fd&nbsp;&nbsp;&nbsp;&nbsp;&nbsp;&nbsp;&nbsp;&nbsp;&nbsp;&nbsp;&nbsp;&nbsp; &nbsp;Jan&nbsp;&nbsp;&nbsp;&nbsp;&nbsp;&nbsp;&nbsp;&nbsp;&nbsp;&nbsp;&nbsp;&nbsp;&nbsp;&nbsp;&nbsp; 1896&nbsp;&nbsp;&nbsp;&nbsp;&nbsp;&nbsp;&nbsp;&nbsp;&nbsp;&nbsp;&nbsp; p\u011b\u0161\u00e1k&nbsp;&nbsp;&nbsp;&nbsp;&nbsp;&nbsp;&nbsp;&nbsp;&nbsp;&nbsp; st\u0159.pl.24&nbsp;&nbsp;&nbsp;&nbsp;&nbsp;&nbsp;&nbsp;&nbsp;&nbsp;&nbsp;&nbsp;&nbsp; 471 K&nbsp;&nbsp;&nbsp;&nbsp;&nbsp; stroj.pu\u0161ky<\/p>\n\n\n\n<p>Stan\u011bk&nbsp;&nbsp;&nbsp;&nbsp;&nbsp;&nbsp;&nbsp;&nbsp;&nbsp;&nbsp;\nKarel&nbsp;&nbsp;&nbsp;&nbsp;&nbsp;&nbsp; &nbsp;&nbsp;&nbsp;&nbsp;&nbsp;&nbsp;1880&nbsp;&nbsp;&nbsp;&nbsp;&nbsp;&nbsp;&nbsp;&nbsp;&nbsp;&nbsp; voj\u00edn&nbsp;&nbsp;&nbsp;&nbsp;&nbsp;&nbsp;&nbsp;&nbsp;&nbsp;&nbsp;&nbsp; pr.pol.mysl14.&nbsp;&nbsp;&nbsp; 6102&nbsp;&nbsp;&nbsp;&nbsp;&nbsp;&nbsp;\nvoj.polic.Hu.propu\u0161t\u011bn<\/p>\n\n\n\n<p>St\u0159e\u0161t\u00edk&nbsp;&nbsp;&nbsp;&nbsp;&nbsp;&nbsp;&nbsp;&nbsp;&nbsp;\nFrant.&nbsp;&nbsp;&nbsp;&nbsp;&nbsp;&nbsp;&nbsp;&nbsp;&nbsp;&nbsp; 1897 &nbsp;&nbsp;&nbsp;&nbsp;&nbsp;&nbsp;&nbsp;&nbsp;&nbsp;&nbsp;p\u011b\u0161\u00e1k&nbsp;&nbsp;&nbsp;&nbsp;&nbsp;&nbsp;&nbsp;&nbsp;&nbsp; velit.roty&nbsp;&nbsp;&nbsp;&nbsp;&nbsp;&nbsp;&nbsp;&nbsp;&nbsp;&nbsp;&nbsp;&nbsp; 1935&nbsp;&nbsp;&nbsp;&nbsp;&nbsp;&nbsp;&nbsp; II.pol.pr.4.setn-<\/p>\n\n\n\n<p>\u0160emora&nbsp;&nbsp;&nbsp;&nbsp;&nbsp;&nbsp;&nbsp;&nbsp;&nbsp;\nAnto.&nbsp;&nbsp;&nbsp;&nbsp;&nbsp;&nbsp;&nbsp;&nbsp;&nbsp;&nbsp; 1895&nbsp;&nbsp;&nbsp;&nbsp;&nbsp;&nbsp;&nbsp;&nbsp;&nbsp;&nbsp; p\u011b\u0161\u00e1k.&nbsp;&nbsp;&nbsp;&nbsp;&nbsp;&nbsp;&nbsp;&nbsp;&nbsp;&nbsp; Pol-pl.99.&nbsp;&nbsp;&nbsp;&nbsp;&nbsp;&nbsp;&nbsp;&nbsp;&nbsp;&nbsp; 442 K&nbsp;&nbsp;&nbsp;&nbsp;&nbsp;&nbsp;&nbsp; II.pol.pr.4.setn.<\/p>\n\n\n\n<p>Troubil&nbsp;&nbsp;&nbsp;&nbsp;&nbsp;&nbsp;&nbsp;&nbsp;&nbsp;\nJosef&nbsp;&nbsp;&nbsp;&nbsp;&nbsp;&nbsp;&nbsp;&nbsp;&nbsp;&nbsp;&nbsp;&nbsp; 1892&nbsp;&nbsp;&nbsp;&nbsp;&nbsp;&nbsp;&nbsp;&nbsp;&nbsp;&nbsp;&nbsp; voj\u00edn&nbsp;&nbsp;&nbsp;&nbsp;&nbsp; &nbsp;&nbsp;&nbsp;&nbsp;&nbsp;&nbsp;&nbsp;st\u0159el.pl.26.&nbsp;&nbsp;&nbsp;&nbsp;&nbsp;&nbsp;&nbsp;&nbsp;&nbsp; 5670&nbsp;&nbsp;&nbsp;&nbsp;&nbsp;&nbsp;&nbsp;&nbsp; propu\u0161t\u011bn <\/p>\n\n\n\n<p>Vesel\u00fd&nbsp;&nbsp;&nbsp;&nbsp;&nbsp;&nbsp;&nbsp;&nbsp;&nbsp;&nbsp;&nbsp;\nJosef&nbsp;&nbsp;&nbsp;&nbsp;&nbsp;&nbsp;&nbsp;&nbsp;&nbsp;&nbsp;&nbsp; 1897&nbsp;&nbsp;&nbsp;&nbsp;&nbsp;&nbsp;&nbsp;&nbsp;&nbsp;&nbsp; p\u011b\u0161\u00e1k&nbsp;&nbsp;&nbsp;&nbsp;&nbsp;&nbsp;&nbsp;&nbsp;&nbsp;&nbsp;&nbsp; st\u0159el.pl.I.&nbsp;&nbsp;&nbsp;&nbsp;&nbsp;&nbsp;&nbsp;&nbsp;&nbsp;&nbsp;&nbsp;&nbsp;&nbsp; 992 K&nbsp;&nbsp;&nbsp;&nbsp;&nbsp; &nbsp;II.pl.pr.2.ssetnina <\/p>\n\n\n\n<p>Waln\u00fd&nbsp;&nbsp;&nbsp;&nbsp;&nbsp;&nbsp;&nbsp;&nbsp;&nbsp;&nbsp;&nbsp;&nbsp;\nMartin&nbsp;&nbsp;&nbsp;&nbsp;&nbsp;&nbsp;&nbsp;&nbsp; 1898&nbsp;&nbsp;&nbsp;&nbsp;&nbsp;&nbsp;&nbsp;&nbsp;&nbsp; p\u011b\u0161\u00e1k&nbsp;&nbsp;&nbsp;&nbsp;&nbsp;&nbsp;&nbsp;&nbsp;&nbsp;&nbsp;&nbsp; p\u011b\u0161\u00ed pl.99.&nbsp; &nbsp;&nbsp;&nbsp;&nbsp;&nbsp;&nbsp;&nbsp;&nbsp;&nbsp;898&nbsp;&nbsp;&nbsp;&nbsp;&nbsp;&nbsp;&nbsp; &nbsp;&nbsp;II.pol.pr.4.setnina<\/p>\n\n\n\n<p>Waln\u00fd&nbsp;&nbsp;&nbsp;&nbsp;&nbsp;&nbsp;&nbsp;&nbsp;&nbsp;&nbsp;&nbsp;\nV\u00e1clav&nbsp;&nbsp;&nbsp;&nbsp;&nbsp;&nbsp;&nbsp;&nbsp;&nbsp;&nbsp; 1896&nbsp;&nbsp;&nbsp;&nbsp;&nbsp;&nbsp;&nbsp;&nbsp;&nbsp;&nbsp; d\u011blost.&nbsp;&nbsp;&nbsp;&nbsp;&nbsp;&nbsp;&nbsp;&nbsp;&nbsp;&nbsp;&nbsp; \u010f.pl.144.&nbsp;&nbsp;&nbsp;&nbsp;&nbsp;&nbsp;&nbsp; &nbsp;&nbsp;&nbsp;&nbsp;&nbsp;899&nbsp;&nbsp;&nbsp;&nbsp;&nbsp;&nbsp;&nbsp;&nbsp;&nbsp;\nV.pol.pr.4.setn.<\/p>\n\n\n\n<p>Zatloukal&nbsp;&nbsp;&nbsp;&nbsp;&nbsp;&nbsp;\nFrant.&nbsp;&nbsp;&nbsp;&nbsp;&nbsp;&nbsp;&nbsp;&nbsp;&nbsp;&nbsp;&nbsp; 1895&nbsp;&nbsp;&nbsp;&nbsp;&nbsp;&nbsp;&nbsp;&nbsp;&nbsp; p\u011b\u0161\u00e1k&nbsp;&nbsp;&nbsp;&nbsp;&nbsp;&nbsp;&nbsp;&nbsp;&nbsp;&nbsp;&nbsp;&nbsp; p\u011b\u0161\u00ed pl.99.&nbsp;&nbsp;&nbsp;&nbsp;&nbsp;&nbsp;&nbsp;&nbsp;&nbsp; 600 K&nbsp;&nbsp;&nbsp; &nbsp;&nbsp;&nbsp;&nbsp;n\u00e1hrad.setn.kulom.<\/p>\n\n\n\n<p>Zelinka&nbsp;&nbsp;&nbsp;&nbsp;&nbsp;&nbsp;&nbsp;&nbsp;&nbsp;&nbsp;\nFrant.&nbsp;&nbsp;&nbsp;&nbsp;&nbsp;&nbsp;&nbsp;&nbsp;&nbsp;&nbsp;&nbsp; 1889&nbsp;&nbsp;&nbsp;&nbsp;&nbsp;&nbsp;&nbsp;&nbsp; \u0161tb.\u0161ikv.&nbsp;&nbsp;&nbsp;&nbsp;&nbsp;&nbsp;&nbsp;&nbsp; pevn.d\u011bl4.&nbsp;&nbsp;&nbsp;&nbsp;&nbsp;&nbsp;&nbsp;&nbsp;&nbsp; 4790&nbsp;&nbsp;&nbsp;&nbsp;&nbsp;&nbsp;&nbsp;&nbsp; V.pol.pr.2.asis.setn.<\/p>\n\n\n\n<p>Zelinka&nbsp;&nbsp;&nbsp;&nbsp;&nbsp;&nbsp;&nbsp;&nbsp;&nbsp;&nbsp;\nJosef&nbsp;&nbsp;&nbsp;&nbsp;&nbsp;&nbsp;&nbsp;&nbsp;&nbsp;&nbsp;&nbsp;&nbsp;&nbsp; 1882&nbsp;&nbsp;&nbsp;&nbsp;&nbsp;&nbsp;&nbsp; \u010deta\u0159&nbsp;&nbsp;&nbsp;&nbsp;&nbsp;&nbsp;&nbsp;&nbsp;&nbsp;&nbsp;&nbsp;&nbsp;&nbsp; st\u0159.pl.I.&nbsp;&nbsp;&nbsp;&nbsp;&nbsp;&nbsp;&nbsp;&nbsp;&nbsp;&nbsp;&nbsp;&nbsp;&nbsp;&nbsp;&nbsp;&nbsp; 6312 K&nbsp;&nbsp;&nbsp;&nbsp;&nbsp; propu\u0161t\u011bn&nbsp;&nbsp; <\/p>\n\n\n\n<p><strong>Hustope\u010d\u0161t\u00ed mu\u017ei ve Slov\u00e1ck\u00e9 brig\u00e1d\u011b &nbsp;1918<\/strong><\/p>\n\n\n\n<p><strong>P\u0159\u00edjmen\u00ed&nbsp;&nbsp;&nbsp;&nbsp;&nbsp;&nbsp;&nbsp;&nbsp;&nbsp;&nbsp; Jm\u00e9no&nbsp;&nbsp;&nbsp;&nbsp;&nbsp; rok nar.&nbsp;&nbsp;&nbsp; hodnost&nbsp;&nbsp;&nbsp;\nb\u00fdval\u00fd \u00fatvar&nbsp;&nbsp; evid.\u010d\u00edslo&nbsp;&nbsp;&nbsp; za\u0159azen\u00ed<\/strong><\/p>\n\n\n\n<p>Beran&nbsp;&nbsp;&nbsp;&nbsp;&nbsp;&nbsp;&nbsp;&nbsp;&nbsp;&nbsp;&nbsp;&nbsp;&nbsp; V\u00e1clav&nbsp;&nbsp;&nbsp;&nbsp;&nbsp;&nbsp; 1878&nbsp;&nbsp;&nbsp;&nbsp;&nbsp;&nbsp; voj\u00edn&nbsp;&nbsp;&nbsp;&nbsp;&nbsp;&nbsp;&nbsp;&nbsp;&nbsp;&nbsp; p\u011b\u0161\u00ed pl.90.&nbsp;&nbsp;&nbsp;&nbsp;&nbsp;&nbsp; 6084,K&nbsp;&nbsp;&nbsp;&nbsp;&nbsp;&nbsp; vojensk\u00e1 policie,demobilizovan\u00fd<\/p>\n\n\n\n<p>Fredl&nbsp;&nbsp;&nbsp;&nbsp;&nbsp;&nbsp;&nbsp;&nbsp;&nbsp;&nbsp;&nbsp;&nbsp;&nbsp;&nbsp;&nbsp; Josef&nbsp;&nbsp;&nbsp;&nbsp;&nbsp;&nbsp;&nbsp;&nbsp; 1897&nbsp;&nbsp;&nbsp;&nbsp;&nbsp;&nbsp; voj\u00edn&nbsp;&nbsp;&nbsp;&nbsp;&nbsp;&nbsp;&nbsp;&nbsp;&nbsp; Hul\u00e1n.pl.5.&nbsp;&nbsp;&nbsp;&nbsp;&nbsp;&nbsp; 6091&nbsp;&nbsp;&nbsp;&nbsp;&nbsp;&nbsp;&nbsp;&nbsp;&nbsp; vojen.pol. Hu.VII.pol.pl2.set.<\/p>\n\n\n\n<p>Kern&nbsp;&nbsp;&nbsp;&nbsp;&nbsp;&nbsp;&nbsp;&nbsp;&nbsp;&nbsp;&nbsp;&nbsp;&nbsp;&nbsp;&nbsp; Franti\u0161ek&nbsp; 1899&nbsp;&nbsp;&nbsp;&nbsp;&nbsp;&nbsp;\nsvob.&nbsp;&nbsp;&nbsp;&nbsp;&nbsp;&nbsp; P\u011b\u0161\u00ed pl.99.&nbsp;&nbsp;&nbsp;&nbsp;&nbsp;&nbsp;&nbsp; 5196&nbsp;&nbsp;&nbsp;&nbsp;&nbsp;&nbsp;&nbsp;&nbsp;&nbsp; &nbsp;&nbsp;IV. pol-pr.4.set.propu\u0161t\u011bn<\/p>\n\n\n\n<p>Oc\u00e1sek&nbsp;&nbsp;&nbsp;&nbsp;&nbsp;&nbsp;&nbsp;&nbsp;&nbsp;&nbsp; Karel&nbsp;&nbsp;&nbsp;&nbsp;&nbsp;&nbsp;&nbsp;&nbsp;&nbsp; 1897&nbsp;&nbsp;&nbsp;&nbsp;&nbsp; p\u011b\u0161\u00e1k&nbsp;&nbsp;&nbsp;&nbsp;&nbsp;&nbsp;&nbsp; p\u011b\u0161\u00ed pl.99.&nbsp;&nbsp;&nbsp;&nbsp;&nbsp;&nbsp;&nbsp;&nbsp; 1596&nbsp;&nbsp;&nbsp;&nbsp;&nbsp;&nbsp;&nbsp;&nbsp;&nbsp; I.pol.pr.1.setn.<\/p>\n\n\n\n<p>R\u016f\u017ei\u010dka&nbsp;&nbsp;&nbsp;&nbsp;&nbsp;&nbsp;&nbsp;&nbsp;&nbsp; Richard&nbsp;&nbsp;&nbsp;&nbsp;&nbsp; 1900&nbsp;&nbsp;&nbsp;&nbsp;\nvoj\u00edn&nbsp;&nbsp;&nbsp;&nbsp;&nbsp;&nbsp;&nbsp;&nbsp;&nbsp;&nbsp;&nbsp;&nbsp;&nbsp;&nbsp;&nbsp;&nbsp;&nbsp;&nbsp;&nbsp;&nbsp;&nbsp;&nbsp;&nbsp;&nbsp;&nbsp;&nbsp;&nbsp;&nbsp;&nbsp;&nbsp;&nbsp;&nbsp;&nbsp;&nbsp;&nbsp;&nbsp;&nbsp;\n558,K&nbsp;&nbsp;&nbsp;&nbsp;&nbsp;&nbsp;&nbsp;&nbsp;&nbsp;\nII.pol.pr.2.set.-propu\u0161t\u011bn<\/p>\n\n\n\n<p>Svoboda&nbsp;&nbsp;&nbsp; &nbsp;&nbsp;&nbsp;&nbsp;Josef&nbsp;&nbsp;&nbsp;&nbsp;&nbsp;&nbsp;&nbsp;&nbsp;&nbsp; 1895&nbsp;&nbsp;&nbsp;&nbsp;&nbsp; des\u00e1t.&nbsp;&nbsp;&nbsp;&nbsp;&nbsp;&nbsp; t\u011b\u017ek.d\u011bl.pl.59&nbsp;&nbsp;&nbsp; 6072&nbsp;&nbsp;&nbsp;&nbsp;&nbsp;&nbsp;&nbsp;&nbsp;&nbsp;&nbsp;&nbsp; voj.pol.Hu.V.pol.pr.2.set<\/p>\n\n\n\n<p>Synek&nbsp;&nbsp;&nbsp;&nbsp;&nbsp;&nbsp;&nbsp;&nbsp;&nbsp;&nbsp;&nbsp;&nbsp; Bed\u0159ich&nbsp;&nbsp;&nbsp;&nbsp; 1893&nbsp;&nbsp;&nbsp;&nbsp;\ndes\u00e1t.&nbsp;&nbsp;&nbsp;&nbsp;\nbos-herc.p\u011b.pl.IV.6071,K&nbsp;&nbsp;&nbsp;&nbsp;&nbsp; &nbsp;vojen. pol. Hu.-zpro\u0161t\u011bn<\/p>\n\n\n\n<p>Vlach&nbsp;&nbsp;&nbsp;&nbsp;&nbsp;&nbsp;&nbsp;&nbsp;&nbsp;&nbsp;&nbsp;&nbsp; Cyril&nbsp;&nbsp;&nbsp;&nbsp;&nbsp;&nbsp;&nbsp;&nbsp;&nbsp;&nbsp; 1897&nbsp;&nbsp;&nbsp;&nbsp; svob. &nbsp;&nbsp;&nbsp;&nbsp;&nbsp;n\u00e1mo\u0159nictvo&nbsp;&nbsp;&nbsp;&nbsp;&nbsp; 6086&nbsp;&nbsp;&nbsp;&nbsp;&nbsp;&nbsp;&nbsp;&nbsp;&nbsp; &nbsp;&nbsp;&nbsp;&nbsp;vojensk\u00e9 pol. Hustope\u010de <\/p>\n\n\n\n<p>Voln\u00fd\u00a0\u00a0\u00a0\u00a0\u00a0\u00a0\u00a0\u00a0\u00a0\u00a0\u00a0\u00a0\u00a0 Miroslav\u00a0\u00a0 1898\u00a0\u00a0\u00a0\u00a0 p\u011b\u0161\u00e1k\u00a0\u00a0\u00a0\u00a0\u00a0\u00a0 p\u011b\u0161\u00ed pl.99.\u00a0\u00a0\u00a0\u00a0\u00a0\u00a0\u00a0\u00a0\u00a0\u00a0 4876\u00a0 \u00a0\u00a0\u00a0\u00a0\u00a0\u00a0\u00a0\u00a0\u00a0VI.pol.pr. 2.setnina <\/p>\n\n\n\n<p style=\"color:#0e0f0f\" class=\"has-text-color\">Mu\u017ei z Nikol\u010dic ve Slov\u00e1ck\u00e9 brig\u00e1d\u011b 1918<\/p>\n\n\n\n<p>Fiala Franti\u0161ek &nbsp;11.4.1898 des\u00e1tn\u00edk &#8211; p\u011b\u0161\u00ed pluk 24 VI.poln\u00ed\nprapor 4. setnina, z\u00e1lo\u017en\u00ed nemocnice Bzenec<\/p>\n\n\n\n<p>Helma Josef 6.3.1896 z\u00e1kopn\u00edk &nbsp;&#8211; &nbsp;z\u00e1k.prap.I&nbsp; (Nenkovice) I.prapor 2. setnina<\/p>\n\n\n\n<p>Jane\u010dek Jakub 5.10.1898&nbsp;\np\u011b\u0161\u00e1k &#8211; p\u011b\u0161\u00ed pluk 24&nbsp; VI.poln\u00ed\nprapor 1. setnin<\/p>\n\n\n\n<p>Jas\u00ednek Jakub 10.8.1895&nbsp;\n\u010deta\u0159 &#8211; st\u0159eleck\u00fd pluk 24&nbsp; (\nHodon\u00edn) telegrafista, propu\u0161t\u011bn<\/p>\n\n\n\n<p>Ku\u010dera Franti\u0161ek 8.10.1896 myslivec &#8211; prapor poln\u00edch myslivc\u016f\n&nbsp;VI prapor 4. setnina, zpro\u0161t\u011bn<\/p>\n\n\n\n<p>Margold Alois 16.6,1897&nbsp;\np\u011b\u0161\u00e1k &#8211; p\u011b\u0161\u00ed pluk 99, propu\u0161t\u011bn<\/p>\n\n\n\n<p>Ne\u010das&nbsp; Alois\n27.4.1897&nbsp; p\u011b\u0161\u00e1k &#8211; p\u011b\u0161\u00ed pluk 99, p\u0159id\u011blen\nk&nbsp;v\u00e1l.nemocnici<\/p>\n\n\n\n<p>Ne\u010das Jan 7.12.1893 voj\u00edn &#8211; dragounsk\u00fd pluk 11, V. poln\u00ed\nprapor 3. setnina, 1. n\u00e1hradn\u00ed setnina<\/p>\n\n\n\n<p>Ne\u010das Jilj\u00ed 10.4.1898&nbsp;\np\u011b\u0161\u00e1k &#8211; st\u0159eleck\u00fd pluk 24 VI.poln\u00ed prapor 3. setnina<\/p>\n\n\n\n<p>P\u016flhandl Josef 29.10.1896&nbsp;\np\u011b\u0161\u00e1k &#8211; p\u011b\u0161\u00ed pluk 99 &nbsp;VI. poln\u00ed\nprapor 4 setnina<\/p>\n","protected":false},"excerpt":{"rendered":"<p>V\u00e1\u017een\u00fd \u010dten\u00e1\u0159i, p\u0159edkl\u00e1d\u00e1m ti k&nbsp;nahl\u00e9dnut\u00ed v\u00fdtah &nbsp;magistersk\u00e9 pr\u00e1ce&nbsp;&nbsp; Mgr. Luk\u00e1\u0161e Lexy o zalo\u017een\u00ed a \u010dinnosti&nbsp; vojensk\u00e9 organizace Slov\u00e1ck\u00e1 brig\u00e1da.Tak\u00e9 abecedn\u00ed seznam z\u00fa\u010dastn\u011bn\u00fdch&nbsp; v\u0161ech mork\u016fvsk\u00fdch &nbsp;&nbsp;voj\u00e1k\u016f a jejich za\u0159azen\u00ed.&nbsp; Mgr. Lexa &nbsp;pak p\u0159ipravuje p\u0159\u00ed\u0161t\u00ed rok na toto t\u00e9ma&nbsp; podrobn\u00e9 kni\u017en\u00ed vyd\u00e1n\u00ed.. <a class=\"more-link\" href=\"https:\/\/www.symbivita.cz\/josefbabacek\/2020\/08\/15\/slovacka-brigada\/\">Cel\u00fd \u010dl\u00e1nek  <span class=\"screen-reader-text\">  Slov\u00e1ck\u00e1 brig\u00e1da<\/span><span class=\"meta-nav\">&rarr;<\/span><\/a><\/p>\n","protected":false},"author":1,"featured_media":0,"comment_status":"open","ping_status":"open","sticky":false,"template":"","format":"standard","meta":{"footnotes":""},"categories":[1],"tags":[],"_links":{"self":[{"href":"https:\/\/www.symbivita.cz\/josefbabacek\/wp-json\/wp\/v2\/posts\/340"}],"collection":[{"href":"https:\/\/www.symbivita.cz\/josefbabacek\/wp-json\/wp\/v2\/posts"}],"about":[{"href":"https:\/\/www.symbivita.cz\/josefbabacek\/wp-json\/wp\/v2\/types\/post"}],"author":[{"embeddable":true,"href":"https:\/\/www.symbivita.cz\/josefbabacek\/wp-json\/wp\/v2\/users\/1"}],"replies":[{"embeddable":true,"href":"https:\/\/www.symbivita.cz\/josefbabacek\/wp-json\/wp\/v2\/comments?post=340"}],"version-history":[{"count":4,"href":"https:\/\/www.symbivita.cz\/josefbabacek\/wp-json\/wp\/v2\/posts\/340\/revisions"}],"predecessor-version":[{"id":631,"href":"https:\/\/www.symbivita.cz\/josefbabacek\/wp-json\/wp\/v2\/posts\/340\/revisions\/631"}],"wp:attachment":[{"href":"https:\/\/www.symbivita.cz\/josefbabacek\/wp-json\/wp\/v2\/media?parent=340"}],"wp:term":[{"taxonomy":"category","embeddable":true,"href":"https:\/\/www.symbivita.cz\/josefbabacek\/wp-json\/wp\/v2\/categories?post=340"},{"taxonomy":"post_tag","embeddable":true,"href":"https:\/\/www.symbivita.cz\/josefbabacek\/wp-json\/wp\/v2\/tags?post=340"}],"curies":[{"name":"wp","href":"https:\/\/api.w.org\/{rel}","templated":true}]}}