{"id":183,"date":"2020-08-07T09:16:08","date_gmt":"2020-08-07T07:16:08","guid":{"rendered":"http:\/\/www.symbivita.cz\/josefbabacek\/?p=183"},"modified":"2020-09-03T13:56:35","modified_gmt":"2020-09-03T11:56:35","slug":"ozveny-pohnutych-dob-pokracovani-treti","status":"publish","type":"post","link":"https:\/\/www.symbivita.cz\/josefbabacek\/2020\/08\/07\/ozveny-pohnutych-dob-pokracovani-treti\/","title":{"rendered":"OZV\u011aNY POHNUT\u00ddCH DOB  &#8211;      pokra\u010dov\u00e1n\u00ed t\u0159et\u00ed"},"content":{"rendered":"\n<h1 class=\"wp-block-heading\"><a>VIII. Hrdina z Mork\u016fvek \u2013 Franti\u0161ek Pe\u0159ina<\/a><\/h1>\n\n\n\n<p>Po\u010d\u00e1tkem roku 1986, tedy rok p\u0159ed m\u00fdm odchodem do d\u016fchodu,\nk n\u00e1m \u010dasto z&nbsp;Brna jezd\u00edval na n\u00e1v\u0161t\u011bvu m\u016fj spolu\u017e\u00e1k Jo\u017eka \u0160krla. Jakmile\np\u0159ijel, kdy\u017e jsem m\u011bl \u010das, chodil jsem za n\u00edm do malink\u00e9ho dome\u010dku na Vrchn\u00edm\nKonci. Bydleli jsme bl\u00edzko sebe a do obecn\u00e9 \u0161koly i do m\u011b\u0161\u0165anky jsme chodili\nspolu. V dob\u011b aktivn\u00edho \u017eivota n\u00e1s osudy rozd\u011blily, ale v&nbsp;pozdn\u00edm v\u011bku\njsme se op\u011bt na\u0161li. R\u00e1di jsme spolu nav\u0161t\u011bvovali \u201efilozofa\u201c Karla Jel\u00ednka. Ten\nskl\u00e1dal b\u00e1sni\u010dky, hlavn\u011b o pr\u00e1ci v&nbsp;JZD, a tak\u00e9 znal dob\u0159e m\u00edstn\u00ed historii,\nbyl toti\u017e star\u0161\u00ed ne\u017e my. S\u00e1m \u017eil jako vdovec, v man\u017eelstv\u00ed d\u011bti nem\u011bl, p\u0159esto\nbyl v&nbsp;obci p\u0159i k\u0159tu za kmotra mnoha mal\u00fdm d\u011btem, t\u0159eba\u017ee nebyl\nv&nbsp;p\u0159\u00edbuzensk\u00e9m vztahu.<\/p>\n\n\n\n<p>Pov\u00eddali jsme si o tom, co je v&nbsp;obci nov\u00e9ho, a on n\u00e1m\nnikdy neopomenul nab\u00eddnout n\u011bco ost\u0159ej\u0161\u00edho k pit\u00ed. Byl skrovn\u00fd a dobr\u00e9ho srdce.<\/p>\n\n\n\n<figure class=\"wp-block-image size-large\"><img loading=\"lazy\" decoding=\"async\" width=\"371\" height=\"439\" src=\"http:\/\/www.symbivita.cz\/josefbabacek\/wp-content\/uploads\/2020\/08\/35c89ed392_97010148_u.jpg\" alt=\"+13 Josef Skrla\" class=\"wp-image-184\" srcset=\"https:\/\/www.symbivita.cz\/josefbabacek\/wp-content\/uploads\/2020\/08\/35c89ed392_97010148_u.jpg 371w, https:\/\/www.symbivita.cz\/josefbabacek\/wp-content\/uploads\/2020\/08\/35c89ed392_97010148_u-254x300.jpg 254w\" sizes=\"(max-width: 371px) 100vw, 371px\" \/><figcaption>Josef \u0160krla<\/figcaption><\/figure>\n\n\n\n<p>Jen\npro charakteristiku dopl\u0148uji, \u017ee v&nbsp;pond\u011bl\u00ed 16. dubna, tedy prv\u00fd den fronty\nu n\u00e1s, kolem poledne, na koni p\u0159ijel koz\u00e1k s&nbsp;u\u0161ankou a se samopalem na\nz\u00e1dech a hledal pr\u00e1v\u011b Karla Jel\u00ednka. Ten ale doma nebyl, nebo\u0165 s&nbsp;ostatn\u00edmi\node\u0161el do Kobyl\u00ed do bezpe\u010d\u00ed. Koz\u00e1k se zachmu\u0159il, chv\u00edli ml\u010del a pak \u0159ekl \u010desky:\n\u201eOn byl dycky posera, my jsme spolu byli v&nbsp;podd\u016fstojnick\u00e9 spoja\u0159sk\u00e9 \u0161kole\nv&nbsp;Muka\u010devu\u201c a hned zase odejel.<\/p>\n\n\n\n<p>Velmi mn\u011b imponovalo, kdy\u017e k&nbsp;n\u00e1m Jo\u017eka p\u0159i\u0161el na v\u00e1no\u010dn\u00ed sv\u00e1tky na besedu a moj\u00ed \u017een\u011b p\u0159inesl rozkvetlou konvalinku. \u010casto jsme sed\u011bli a jen tak u k\u00e1vy kl\u00e1bosili, co je\u0161t\u011b budeme d\u011blat, ne\u017e budeme v&nbsp;d\u016fchodu, a co potom, a\u017e d\u016fchodci budeme. Tak\u00e9 jsme prob\u00edrali sv\u011btovou i m\u00edstn\u00ed politiku a v\u017edy jsme se shodli. Oba n\u00e1s iritovala ta m\u00edstn\u00ed. <\/p>\n\n\n\n<p> Te\u010f tro\u0161ku p\u0159edstav\u00edm sv\u00e9ho p\u0159\u00edtele Jo\u017eku \u0160krlu. Narodil se tak jako j\u00e1 druhorozen\u00fd, on ze \u010dty\u0159 d\u011bt\u00ed, j\u00e1 ze \u0161esti. Jo\u017eka se vyu\u010dil obchodn\u00edm p\u0159\u00edru\u010d\u00edm v&nbsp;Klobouk\u00e1ch, v&nbsp;obchod\u011b u Rack\u016f. Nach\u00e1zel se naproti na\u0161\u00ed m\u011b\u0161\u0165anky, proto tam za poledne chodily skoro v\u0161echny p\u0159espoln\u00ed d\u011bti, i kdy\u017e nic nenakupovaly. Pan Racek byl d\u016fstojn\u00edkem ve v\u00fdslu\u017eb\u011b rakousk\u00e9 i \u010desk\u00e9 arm\u00e1dy. V&nbsp;obchod\u011b jej v\u017edy zastupovala \u201esle\u010dna\u201c, oby\u010dejn\u011b nevkusn\u011b oble\u010den\u00e1 a hrozn\u011b rozcuchan\u00e1 \u017eena, ji\u017e s prokv\u00e9taj\u00edc\u00edmi vlasy. K ruce v\u0161ak m\u011bla mlad\u00e9ho pomocn\u00edka, jemu\u017e stejn\u011b jako i n\u00e1m, \u0159\u00edkala \u201eogar.\u201c V tomto obchod\u011b bylo k&nbsp;dost\u00e1n\u00ed snad v\u0161echno: postroje na dobytek i r\u016fzn\u00e9 \u0159et\u011bzy a \u0159em\u00ednky, porcel\u00e1nov\u00e9 hrnky na kafe, tal\u00ed\u0159ky na pol\u00e9vku, cucav\u00e9 cukrov\u00ed, \u0161m\u00edr na maz\u00e1n\u00ed kol hospod\u00e1\u0159sk\u00fdch voz\u016f a dal\u0161\u00ed kr\u00e1my a r\u016fzn\u00e9 haramp\u00e1d\u00ed. V\u0161echno po\u0159\u00e1dn\u011b zapr\u00e1\u0161en\u00e9, v\u010detn\u011b nakl\u00e1dan\u00fdch okurk\u016f v&nbsp;be\u010dk\u00e1ch. Okurek byl za 20 hal\u00e9\u0159\u016f, l\u00e1k zadarmo. Pr\u00e1v\u011b tyto okurky jsme chodili panu Rackovi kr\u00e1st. V poledne byl obchod pln\u00fd d\u011bcek, situace byla nep\u0159ehledn\u00e1, toho se vyu\u017e\u00edvalo, a pak poka\u017ed\u00e9 n\u011bjak\u00fd okurek chyb\u011bl. Pan Racek i sle\u010dna to v\u011bd\u011bli, honili n\u00e1s a d\u011blali k\u0159ik, \u017ee to budou \u017ealovat ve t\u0159\u00edd\u011b. Pokud v\u0161ak v\u00edm, nikdy tak neu\u010dinili. Zde se tedy vyu\u010dil m\u016fj p\u0159\u00edtel Jo\u017eka \u0160krla.<\/p>\n\n\n\n<figure class=\"wp-block-image size-large\"><img loading=\"lazy\" decoding=\"async\" width=\"500\" height=\"251\" src=\"http:\/\/www.symbivita.cz\/josefbabacek\/wp-content\/uploads\/2020\/08\/1cf776bcfd_97010147_u.jpg\" alt=\"\" class=\"wp-image-185\" srcset=\"https:\/\/www.symbivita.cz\/josefbabacek\/wp-content\/uploads\/2020\/08\/1cf776bcfd_97010147_u.jpg 500w, https:\/\/www.symbivita.cz\/josefbabacek\/wp-content\/uploads\/2020\/08\/1cf776bcfd_97010147_u-300x151.jpg 300w\" sizes=\"(max-width: 500px) 100vw, 500px\" \/><figcaption> <em>Obchod Rackovo \u2013 v&nbsp;pr\u016f\u010del\u00ed soud a v\u011bznice<\/em> <\/figcaption><\/figure>\n\n\n\n<p>U n\u011bho pracoval do doby, ne\u017e nastoupil vojenskou presen\u010dn\u00ed slu\u017ebu, na ni\u017e narukoval do T\u00e1bora. Nastoupil do podd\u016fstojnick\u00e9 \u0161koly a po jej\u00edm ukon\u010den\u00ed byl odvelen do \u0161koly d\u016fstojn\u00edk\u016f v&nbsp;z\u00e1loze. I tento kurz absolvoval velmi dob\u0159e, proto mu nad\u0159\u00edzen\u00ed nab\u00eddli, aby z\u016fstal na vojn\u011b jako voj\u00e1k z povol\u00e1n\u00ed. Dlouho se nerozm\u00fd\u0161lel a p\u0159ik\u00fdvl. Pozd\u011bji, kdy\u017e dos\u00e1hl hodnosti kapit\u00e1na, stal se pobo\u010dn\u00edkem velitele divize v&nbsp;T\u00e1bo\u0159e v&nbsp;\u010cech\u00e1ch, ale jen do roku 1969. Na z\u00e1klad\u011b ztr\u00e1ty d\u016fv\u011bry byl vylou\u010den ze strany i z&nbsp;arm\u00e1dy. \u0160krla si po propu\u0161t\u011bn\u00ed z arm\u00e1dy pr\u00e1ci na\u0161el, a to v&nbsp;brn\u011bnsk\u00e9 Od\u011bvn\u00ed tvorb\u011b jako skladn\u00edk. Pro svou pracovn\u00ed iniciativu a d\u016fvtip se zakr\u00e1tko stal vedouc\u00edm prodejn\u00edho \u00faseku. I tady m\u011bl velmi brzy dobr\u00e9 pracovn\u00ed v\u00fdsledky. Najednou a dlouhodob\u011b Od\u011bvn\u00ed tvorba plnila pl\u00e1n tr\u017eeb na stot\u0159icet a v\u00edc procent. Odv\u00e1\u017eil se nap\u0159\u00edklad nalo\u017eit pln\u00fd autobus \u0161at\u016f, \u0161\u00e1l\u016f, \u0161\u00e1tk\u016f, ko\u0161il a r\u016fzn\u00fdch dopl\u0148k\u016f a vyjel s&nbsp;n\u00edm na venkov prod\u00e1vat. Vrac\u00edval se v\u017edy s&nbsp;vyprodan\u00fdm autobusem. Vesele prod\u00e1val a v\u0161ichni byli spokojen\u00ed, hlavn\u011b venkovan\u00e9. Do t\u00e9 doby, ne\u017e si tohoto op\u011bt v\u0161imli na KV KS\u010c. Ti zji\u0161\u0165ovali, kdo je p\u0159\u00ed\u010dinou pravideln\u00e9ho vysok\u00e9ho pln\u011bn\u00ed pl\u00e1nu. Kdy\u017e zjistili, \u017ee \u0160krla, okam\u017eit\u011b dostal v\u00fdpov\u011b\u010f a m\u00edsto odm\u011bny a vyznamen\u00e1n\u00ed mu bylo nab\u00eddnuto nov\u00e9 m\u00edsto ve smaltovn\u011b na Po\u0159\u00ed\u010d\u00ed jako d\u011bln\u00edk. A tak pom\u00e1hal smaltovat lavory a vany. I kdy\u017e i zde za\u010dali plnit p\u0159edepsan\u00fd pl\u00e1n, zakr\u00e1tko jej pro iniciativu a kr\u00e1cen\u00ed term\u00edn\u016f ve v\u00fdrob\u011b vyhodili a doporu\u010dili mu m\u00edsto v automobilov\u00e9 doprav\u011b. I zde si po\u010d\u00ednal velmi zodpov\u011bdn\u011b, proto se stal zakr\u00e1tko dispe\u010derem n\u00e1kladn\u00ed dopravy \u010cSAD Brno. Ne\u017e ho sta\u010dili vyhodit (v\u017edy na z\u00e1klad\u011b doporu\u010den\u00ed KV KS\u010c), do\u010dkal se d\u016fchodu. Dostal sice d\u016fchodov\u00fd v\u00fdm\u011br, ale neode\u0161el na odpo\u010dinek, n\u00fdbr\u017e si na\u0161el m\u00edsto vr\u00e1tn\u00e9ho v&nbsp;Lacrumu Brno &#8211; Kom\u00e1rov. A te\u010f u\u017e na n\u011bho \u201eapar\u00e1t\u010d\u00edci\u201c nem\u011bli \u017e\u00e1dn\u00fd \u0161pag\u00e1t po str\u00e1nce politick\u00e9 ani pracovn\u00ed.<\/p>\n\n\n\n<figure class=\"wp-block-image size-large\"><img loading=\"lazy\" decoding=\"async\" width=\"833\" height=\"576\" src=\"http:\/\/www.symbivita.cz\/josefbabacek\/wp-content\/uploads\/2020\/08\/d9e5b6b57a_97010145_v1.jpg\" alt=\"\" class=\"wp-image-186\" srcset=\"https:\/\/www.symbivita.cz\/josefbabacek\/wp-content\/uploads\/2020\/08\/d9e5b6b57a_97010145_v1.jpg 833w, https:\/\/www.symbivita.cz\/josefbabacek\/wp-content\/uploads\/2020\/08\/d9e5b6b57a_97010145_v1-300x207.jpg 300w, https:\/\/www.symbivita.cz\/josefbabacek\/wp-content\/uploads\/2020\/08\/d9e5b6b57a_97010145_v1-768x531.jpg 768w\" sizes=\"(max-width: 833px) 100vw, 833px\" \/><figcaption> <em>Pe\u0159in\u016fv rodn\u00fd d\u016fm, ji\u017e s&nbsp;pam\u011btn\u00ed deskou.<\/em> <\/figcaption><\/figure>\n\n\n\n<p>Po celou dobu t\u00e9to anab\u00e1ze jezdil ka\u017ed\u00fd t\u00fdden dom\u016f do\nMork\u016fvek autobusem nebo osobn\u00edm autem zn. Lada, jen n\u011bkdy i se svou druhou\n\u017eenou. On se sv\u00fdmi vnu\u010dkami bu\u010f zava\u0159oval ovoce, nebo va\u0159il ob\u011bd a potom se\nbavil na zahr\u00e1dce a zde u\u010dil vnu\u010dky l\u00e1sce k&nbsp;p\u016fd\u011b. Kou\u0159il \u010dibuk\ns&nbsp;vo\u0148av\u00fdm tab\u00e1kem. Kdy\u017e byl s\u00e1m na dome\u010dku \u010d. 99 a bylo nep\u0159\u00edzniv\u00e9 po\u010das\u00ed,\nud\u011blal si v&nbsp;mal\u00e9m kuchy\u0148sk\u00e9m spor\u00e1\u010dku ohe\u0148, dal va\u0159it vodu na kafe, vzal\ntu\u017eku a pap\u00edr a psal b\u00e1sni\u010dky nebo pov\u00eddky do novin. Podepisoval se v nich jako\nJosef Morkovsk\u00fd. V jeho poz\u016fstalosti se pozd\u011bji na\u0161lo velk\u00e9 mno\u017estv\u00ed jeho\nliter\u00e1rn\u00edch pokus\u016f.<\/p>\n\n\n\n<p>Byli jsme v&nbsp;\u00fazk\u00e9m kontaktu, \u010dasto jsme se\nnav\u0161t\u011bvovali, prob\u00edrali a pl\u00e1novali, co je t\u0159eba je\u0161t\u011b ud\u011blat u\u017eite\u010dn\u00e9ho.\nVym\u00fd\u0161leli jsme, \u017ee zalo\u017e\u00edme klub d\u016fchodc\u016f, kter\u00fd bude m\u00edt na starosti \u201eKravskou\nm\u00edsu\u201c, k n\u00ed uprav\u00edme cestu, vy\u010dist\u00edme tam porost a naho\u0159e na n\u00ed zveleb\u00edme\nprost\u0159ed\u00ed. A se spoluob\u010dany tam budeme tr\u00e1vit soboty a ned\u011ble v dobr\u00e9 n\u00e1lad\u011b a\np\u0159i tro\u0161ce b\u00edl\u00e9ho nebo \u010derven\u00e9ho. Jist\u011b by pak nechyb\u011bl ani zp\u011bv. Nebo uprav\u00edme\nvjezdy do obce a na ka\u017ed\u00e9 vjezdov\u00e9 zna\u010dce p\u0159ipevn\u00edme kv\u011btin\u00e1\u010de s rozkvetl\u00fdmi\nmu\u0161k\u00e1ty. Ot\u00e1zkou bylo, kdo je v&nbsp;parn\u00fdch dnech bude zal\u00e9vat. Douf\u00e1m, \u017ee i\ntento mali\u010dk\u00fd probl\u00e9m by se snadno vy\u0159e\u0161il, n\u011bjak\u00fd pen\u00edz ro\u010dn\u011b by to mohl\nzajistit.<\/p>\n\n\n\n<p>Po\u010d\u00e1tkem&nbsp;roku 1987 jsem mu sd\u011blil, \u017ee m\u00e1m kontakt na\nmajora Franti\u0161ka Pe\u0159inu, jen\u017e v&nbsp;t\u00e9 dob\u011b \u017eil v&nbsp;USA. Adresu na n\u011bho\njsem dostal od Zde\u0148ka Vlas\u00e1ka. Jeho man\u017eelka Irena je Pe\u0159inova nete\u0159.<\/p>\n\n\n\n<figure class=\"wp-block-image size-large\"><img loading=\"lazy\" decoding=\"async\" width=\"1001\" height=\"488\" src=\"http:\/\/www.symbivita.cz\/josefbabacek\/wp-content\/uploads\/2020\/08\/ca7e51abbe_97010144_v1.jpg\" alt=\"priloha - kronika Morkuvky 1944-5 str 101+\" class=\"wp-image-187\" srcset=\"https:\/\/www.symbivita.cz\/josefbabacek\/wp-content\/uploads\/2020\/08\/ca7e51abbe_97010144_v1.jpg 1001w, https:\/\/www.symbivita.cz\/josefbabacek\/wp-content\/uploads\/2020\/08\/ca7e51abbe_97010144_v1-300x146.jpg 300w, https:\/\/www.symbivita.cz\/josefbabacek\/wp-content\/uploads\/2020\/08\/ca7e51abbe_97010144_v1-768x374.jpg 768w\" sizes=\"(max-width: 1001px) 100vw, 1001px\" \/><\/figure>\n\n\n\n<p>V kronice obce Mork\u016fvky za l\u00e9ta 1918 &#8211; 1955 na stran\u011b 101 kronik\u00e1\u0159 napsal: \u201ePoprv\u00e9 kapit\u00e1n, pilot zahrani\u010dn\u00ed arm\u00e1dy Franti\u0161ek Pe\u0159ina, p\u0159ijel do Mork\u016fvek 5. \u010dervence 1945. Uv\u00edt\u00e1n\u00edm u rodn\u00e9ho domku \u010d. 76 pov\u011bd\u011bl n\u00e1m kr\u00e1tce o sv\u00fdch \u017eivotn\u00edch dojmech a pak s&nbsp;hudbou se ode\u0161lo do Sokolovny, kde byl dal\u0161\u00ed program s&nbsp;uv\u00edt\u00e1n\u00edm u\u010ditelem Franti\u0161kem Novotn\u00fdm. N\u00e1\u0161 \u201eFranta\u201c vzpomn\u011bl, jak u n\u00e1s \u201esokoloval\u201c a o sv\u00e9m \u017eivot\u011b v&nbsp;zahrani\u010d\u00ed. Mnoho vyznamen\u00e1n\u00ed a \u0159\u00e1d\u016f m\u00e1 za sv\u00e9 \u010diny a m\u016f\u017eeme b\u00fdt na n\u011bj hrd\u00ed, \u017ee se z&nbsp;b\u00fdval\u00e9ho rotmistra stal kapit\u00e1n a nyn\u00ed \u0161t\u00e1bn\u00ed kapit\u00e1n, jen\u017e jest na\u0161im rod\u00e1kem.\u201c<\/p>\n\n\n\n<p>N\u011bkolik t\u00fddn\u016f n\u00e1m se \u0160krlou\ntrvalo, ne\u017e jsme si sv\u00e9 n\u00e1zory srovnali. Toti\u017e, bylo by pr\u00fd dobr\u00e9, aby napsal\nsv\u00e9 vzpom\u00ednky, a my je pak u n\u00e1s v&nbsp;republice budeme publikovat, to\nvyplynulo z&nbsp;na\u0161ich debat. O takov\u00e9 knihy z II. sv\u011btov\u00e9 v\u00e1lky a hrdinsk\u00fdch\n\u010din\u016f na\u0161ich pilot\u016f na z\u00e1pad\u011b je u n\u00e1s \u00fapln\u00e1 b\u00edda. N\u011bkolikr\u00e1t jsem Pe\u0159inovi\nnapsal, aby se pokusil na\u010drtnout sv\u00e9 vzpom\u00ednky z&nbsp;boj\u016f nad Franci\u00ed a Velkou\nBrit\u00e1ni\u00ed, se sd\u011blen\u00edm, \u017ee u n\u00e1s o tom p\u00ed\u0161e Franti\u0161ek Fajtl a jin\u00ed a kn\u00ed\u017eky jsou\nv\u017edy ihned rozebr\u00e1ny. V&nbsp;novin\u00e1ch psali o pilotech \u010das od \u010dasu velmi\nzaj\u00edmav\u011b novin\u00e1\u0159i Petr Radosta a Jind\u0159ich Drebota, tyto \u010dl\u00e1nky o skute\u010dn\u00fdch\nleteck\u00fdch souboj\u00edch jsou hltav\u011b \u010dteny.<\/p>\n\n\n\n<p>Pe\u0159ina nejd\u0159\u00edve neodpov\u00eddal, ale pozd\u011bji, kdy\u017e tak\u00e9\nuva\u017eoval d\u00e1t sv\u00e9 polnosti sv\u00e9mu prasynovci, psal \u010dast\u011bji. P\u00edsemn\u011b m\u011b po\u017e\u00e1dal, abych\nmu v&nbsp;t\u00e9to z\u00e1le\u017eitosti pomohl. To v\u0161ak byl ji\u017e podzim roku 1989.<\/p>\n\n\n\n<figure class=\"wp-block-image size-large\"><img loading=\"lazy\" decoding=\"async\" width=\"541\" height=\"576\" src=\"http:\/\/www.symbivita.cz\/josefbabacek\/wp-content\/uploads\/2020\/08\/6c04e8a083_97010143_v1.jpg\" alt=\"\" class=\"wp-image-188\" srcset=\"https:\/\/www.symbivita.cz\/josefbabacek\/wp-content\/uploads\/2020\/08\/6c04e8a083_97010143_v1.jpg 541w, https:\/\/www.symbivita.cz\/josefbabacek\/wp-content\/uploads\/2020\/08\/6c04e8a083_97010143_v1-282x300.jpg 282w\" sizes=\"(max-width: 541px) 100vw, 541px\" \/><figcaption>Pe\u0159inou na\u010drtnut\u00e1 mapka s jeho pozemky<\/figcaption><\/figure>\n\n\n\n<p>Mezit\u00edm sd\u011blil \u0160krla tuto skute\u010dnost sv\u00e9mu \u0161vagrovi Milanu\nBravencovi, kter\u00fd poch\u00e1zel z&nbsp;Hovoran a byl tak\u00e9 voj\u00e1k, d\u016fstojn\u00edk\nz&nbsp;povol\u00e1n\u00ed a redaktor \u010dasopisu \u201eKv\u011bty\u201c, ve kter\u00fdch ji\u017e v roce 1977 psal o\n311. bombardovac\u00ed peruti a pilotu Josefu Pavelkovi z&nbsp;Velk\u00fdch Pavlovic.\nTehdy vy\u0161lo jeho n\u011bkolik velmi \u010dten\u00fdch \u010dl\u00e1nk\u016f. Tak\u00e9 psal o 312. st\u00edhac\u00ed peruti\na st\u00edha\u010di Franti\u0161ku Pe\u0159inovi.<\/p>\n\n\n\n<p>I Milana vyhodili z&nbsp;vojny, on si v\u0161ak na\u0161el\nzam\u011bstn\u00e1n\u00ed jako vr\u00e1tn\u00fd v&nbsp;tisk\u00e1rn\u011b, kde pracoval a\u017e do sv\u00e9 smrti. V t\u00e9 dob\u011b\nopl\u00fdval velkou aktivitou, proto n\u00e1mi nab\u00edzenou mo\u017enost spolupr\u00e1ce v\u0159ele\np\u0159iv\u00edtal. N\u00e1\u0161 vz\u00e1jemn\u00fd kontakt se odv\u00edjel jen dopisy. On \u017eil v&nbsp;Praze,\nJo\u017eka \u0160krla v Brn\u011b a j\u00e1 v&nbsp;Mork\u016fvk\u00e1ch.<\/p>\n\n\n\n<figure class=\"wp-block-image size-large\"><img loading=\"lazy\" decoding=\"async\" width=\"801\" height=\"576\" src=\"http:\/\/www.symbivita.cz\/josefbabacek\/wp-content\/uploads\/2020\/08\/88ce8b3744_97010141_v1.jpg\" alt=\"\" class=\"wp-image-189\" srcset=\"https:\/\/www.symbivita.cz\/josefbabacek\/wp-content\/uploads\/2020\/08\/88ce8b3744_97010141_v1.jpg 801w, https:\/\/www.symbivita.cz\/josefbabacek\/wp-content\/uploads\/2020\/08\/88ce8b3744_97010141_v1-300x216.jpg 300w, https:\/\/www.symbivita.cz\/josefbabacek\/wp-content\/uploads\/2020\/08\/88ce8b3744_97010141_v1-768x552.jpg 768w\" sizes=\"(max-width: 801px) 100vw, 801px\" \/><figcaption> <em>Ani\u010dka p\u00ed\u0161e, \u017ee Franta za\u010dal ps\u00e1t sv\u016fj \u017eivotopis<\/em> <\/figcaption><\/figure>\n\n\n\n<p> Pe\u0159ina nakonec za\u010dal spolupracovat, nejd\u0159\u00edv jsem mu musel poslat postup, \u010deho se m\u00e1 dr\u017eet, takov\u00fd \u017eeb\u0159\u00ed\u010dek: rodi\u010de \u2013 sourozenci &#8211; obecn\u00e1 \u0161kola \u2013 m\u011b\u0161\u0165anka \u2013 u\u010den\u00ed \u2013 vojna &#8211; pilotn\u00ed \u0161kola, za\u010d\u00e1tky leteck\u00e9 akrobacie a sout\u011b\u017e\u00ed ve \u0160v\u00fdcarsku s&nbsp;kapit\u00e1nem Nov\u00e1kem, a s&nbsp;p\u0159\u00edtelem \u0160irok\u00fdm \u2013 Olomouc &#8211; \u00fat\u011bk za hranice \u2013 Polsko &#8211; boje ve Francii \u2013 Velk\u00e9 Brit\u00e1nii &#8211; konec v\u00e1lky &#8211; n\u00e1vrat dom\u016f a znova \u00fat\u011bk za hranice. Mus\u00edm p\u0159iznat, \u017ee z&nbsp;toho nad\u0161en\u00fd nebyl, ale psal, sice nepravideln\u011b, ale psal. Dopisy chodily se zna\u010dn\u00fdm zpo\u017ed\u011bn\u00edm a \u010dasto p\u0159elepen\u00e9, roztrhan\u00e9 a nejd\u0159\u00edve pe\u010dliv\u011b p\u0159e\u010dten\u00e9 cenzurou. Z&nbsp;mnoha dopis\u016f jeho \u017eeny Ani\u010dky se a\u017e 3. 8. 1989 objevila zpr\u00e1va, \u017ee \u201eFranta p\u00ed\u0161e od r\u00e1na do ve\u010dera\u201c. O m\u011bs\u00edc pozd\u011bji Pe\u0159ina s\u00e1m napsal: \u201eZa\u010dal jsem ps\u00e1t sv\u016fj \u017eivotopis a \u010d\u00e1st jsem poslal panu Bravencovi.\u201c D\u00e1le se zaj\u00edmal, jak by se dala informovat \u010desk\u00e1 ve\u0159ejnost o z\u00e1padn\u00edch letc\u00edch a zda m\u016f\u017ee z&nbsp;jeho vzpom\u00ednek vzniknout kniha. V dal\u0161\u00edch dopisech si v\u0161ak Ani\u010dka i Franta st\u011b\u017eovali, \u017ee od Bravence neobdr\u017eeli \u017e\u00e1dnou zpr\u00e1vu o p\u0159ijet\u00ed jejich dopis\u016f a dokonce, \u017ee Bravencovi ned\u016fv\u011b\u0159uj\u00ed. Proto mn\u011b na po\u010d\u00e1tku listopadu 1989 poslali opis jako doklad o tom, \u017ee Pe\u0159ina p\u00ed\u0161e. A ten oznamoval, \u017ee nehled\u011b na vzniklou situaci p\u00ed\u0161e d\u00e1l. V\u011bc se pozd\u011bji vyjasnila. Bravenec toti\u017e Pe\u0159in\u016fv \u017eivotopis neobdr\u017eel, z\u0159ejm\u011b se cestou ztratil nebo byl zabaven. Velice zaj\u00edmav\u00e9 jsou Pe\u0159inovy reakce na politick\u00e9 ud\u00e1losti u n\u00e1s. \u201eNa\u0161e vl\u00e1da si nikdy nevzpomn\u011bla ani sl\u016fvkem, \u017ee jsem byl jeden z&nbsp;t\u011bch, co n\u011bco pro v\u00e1s ud\u011blali. Situace se ji\u017e m\u011bn\u00ed, a tak to snad ji\u017e nebude dlouho trvat a bude v\u0161echno leh\u010d\u00ed.\u201c  <\/p>\n\n\n\n<figure class=\"wp-block-image size-large\"><img loading=\"lazy\" decoding=\"async\" width=\"699\" height=\"576\" src=\"http:\/\/www.symbivita.cz\/josefbabacek\/wp-content\/uploads\/2020\/08\/6feea53710_97010138_v1.jpg\" alt=\"\" class=\"wp-image-190\" srcset=\"https:\/\/www.symbivita.cz\/josefbabacek\/wp-content\/uploads\/2020\/08\/6feea53710_97010138_v1.jpg 699w, https:\/\/www.symbivita.cz\/josefbabacek\/wp-content\/uploads\/2020\/08\/6feea53710_97010138_v1-300x247.jpg 300w\" sizes=\"(max-width: 699px) 100vw, 699px\" \/><figcaption> <em>Lednice 1990 \u2013 Josef Bab\u00e1\u010dek, Franti\u0161ek Pe\u0159ina<\/em> <\/figcaption><\/figure>\n\n\n\n<p>To byla nar\u00e1\u017eka na negativn\u00ed odpov\u011b\u010f MNV Mork\u016fvky na na\u0161i \u017e\u00e1dost ze dne 4. 8. 1989. D\u00e1le pokra\u010doval: \u201eA\u017e se situace obr\u00e1t\u00ed, tak se bude moci n\u011bco d\u011blat. Jak se zd\u00e1, nemus\u00ed to ani dlouho trvat.\u201c V&nbsp;lednu 1990 Ani\u010dka oznamovala, \u017ee dostali dopis od Bravence se sd\u011blen\u00edm, \u017ee obdr\u017eel jeho \u010d\u00e1st \u017eivotopisu. Dal\u0161\u00ed pozoruhodnost\u00ed tohoto dopisu je, \u017ee se chystaj\u00ed dom\u016f, tedy na n\u00e1v\u0161t\u011bvu republiky, i Mork\u016fvek. V dopise z 25. 2. 1990 Pe\u0159ina napsal: \u201eBravenec poslal uk\u00e1zky z&nbsp;Dialogu p\u0159es oce\u00e1n a mysl\u00edm, \u017ee to zpracov\u00e1v\u00e1 pom\u011brn\u011b dob\u0159e\u201c.Z po\u010d\u00e1tku jsme je s&nbsp;Jo\u017ekou nejd\u0159\u00edve p\u0159e\u010detli, n\u011bco doplnili, znova pos\u00edlali Milanovi do Prahy. Hlavn\u011b on chyb\u011bj\u00edc\u00ed \u00fadaje vyhled\u00e1val a dal\u0161\u00ed materi\u00e1ly sh\u00e1n\u011bl v&nbsp;arch\u00edvech. Ke konci Pe\u0159ina sv\u00e9 vzpom\u00ednky pos\u00edlal p\u0159\u00edmo do Prahy, nebo\u0165 to bylo rychlej\u0161\u00ed. Za\u010d\u00ednala se tak r\u00fdsovat je\u0161t\u011b zdaleka ne hotov\u00e1, av\u0161ak zaj\u00edmav\u00e1 kniha. Ji\u017e tehdy dostala od Milana n\u00e1zev \u201eDIALOG P\u0158ES OCE\u00c1N\u201c, zcela v\u00fdsti\u017en\u00e9 pojmenov\u00e1n\u00ed. V&nbsp;\u00fanoru 1990 mi psal F. Pe\u0159ina z&nbsp;Ameriky, \u017ee by v&nbsp;kv\u011btnu r\u00e1d p\u0159ijel dom\u016f a \u017ee dostal uk\u00e1zky \u201eDialogu\u201c, jsou docela dobr\u00e9 a je s&nbsp;nimi spokojen\u00fd.<\/p>\n\n\n\n<figure class=\"wp-block-image size-large\"><img loading=\"lazy\" decoding=\"async\" width=\"435\" height=\"576\" src=\"http:\/\/www.symbivita.cz\/josefbabacek\/wp-content\/uploads\/2020\/08\/fab8427996_97010136_v1.jpg\" alt=\"\" class=\"wp-image-191\" srcset=\"https:\/\/www.symbivita.cz\/josefbabacek\/wp-content\/uploads\/2020\/08\/fab8427996_97010136_v1.jpg 435w, https:\/\/www.symbivita.cz\/josefbabacek\/wp-content\/uploads\/2020\/08\/fab8427996_97010136_v1-227x300.jpg 227w\" sizes=\"(max-width: 435px) 100vw, 435px\" \/><figcaption>\u00daryvek z jeho dopisu.<\/figcaption><\/figure>\n\n\n\n<p> L\u00e9ta 1988 a 1989 byly pro n\u00e1s velmi n\u00e1ro\u010dn\u00e9. Nejen v&nbsp;hled\u00e1n\u00ed podklad\u016f a odpov\u00eddaj\u00edc\u00edch materi\u00e1l\u016f pro zd\u00e1rn\u00e9 ukon\u010den\u00ed pl\u00e1novan\u00e9 knihy, ale hlavn\u011b bojem \u010di pot\u00fdk\u00e1n\u00edm se s&nbsp;\u00fa\u0159edn\u00edm \u0161imlem, p\u0159edev\u0161\u00edm m\u00edstn\u00edm. \u017del,&nbsp;v&nbsp;minul\u00e9m politick\u00e9m syst\u00e9mu musela j\u00edt jak\u00e1koliv \u017e\u00e1dost nejd\u0159\u00edve na MNV, tam p\u0159\u00edpadn\u011b sed\u011bla \u017e\u00e1ba na prameni a nebylo s\u00edly ji p\u0159emoci, zvl\u00e1\u0161t\u011b pokud m\u011bla kolem sebe nep\u0159ej\u00edc\u00ed a neuva\u017euj\u00edc\u00ed pomocn\u00edky.<\/p>\n\n\n\n<figure class=\"wp-block-image size-large\"><img loading=\"lazy\" decoding=\"async\" width=\"731\" height=\"576\" src=\"http:\/\/www.symbivita.cz\/josefbabacek\/wp-content\/uploads\/2020\/08\/1443002ced_97010135_v1.jpg\" alt=\"\" class=\"wp-image-192\" srcset=\"https:\/\/www.symbivita.cz\/josefbabacek\/wp-content\/uploads\/2020\/08\/1443002ced_97010135_v1.jpg 731w, https:\/\/www.symbivita.cz\/josefbabacek\/wp-content\/uploads\/2020\/08\/1443002ced_97010135_v1-300x236.jpg 300w\" sizes=\"(max-width: 731px) 100vw, 731px\" \/><figcaption>  <em>Lednice 1990 &#8211;&nbsp; Ani\u010dka a Franti\u0161ek Pe\u0159inovi<\/em> <\/figcaption><\/figure>\n\n\n\n<p>Dne 4. 8. 1989 (je\u0161t\u011b v&nbsp;totalit\u011b) jsme poslali rad\u011b\nMNV v&nbsp;Mork\u016fvk\u00e1ch sv\u00e9 n\u00e1vrhy na zviditeln\u011bn\u00ed na\u0161eho rod\u00e1ka Franti\u0161ka Pe\u0159iny\na pro vst\u0159\u00edcn\u00e9 kroky k jeho osob\u011b. V kr\u00e1tkosti uvedu, o co n\u00e1m \u0161lo:&nbsp;&nbsp;&nbsp; Aby <\/p>\n\n\n\n<ul><li><em>Obec by\n     po\u017e\u00e1dala o zv\u00fd\u0161en\u00ed jeho d\u016fchodu a jednor\u00e1zovou odm\u011bnu ve v\u00fd\u0161i jeho 4 &#8211; 5\n     m\u011bs\u00ed\u010dn\u00edch d\u016fchod\u016f.<\/em><\/li><li><em>Podat n\u00e1vrh\n     na jeho pov\u00fd\u0161en\u00ed do hodnosti plukovn\u00edka \u010di podplukovn\u00edka.<\/em><\/li><li><em>Ulici, ve\n     kter\u00e9 se narodil, pojmenovat jeho jm\u00e9nem. Na rodn\u00fd d\u016fm um\u00edstit pam\u011btn\u00ed\n     desku.<\/em><\/li><li><em>N\u00e1klady\n     ne\u0159e\u0161it z&nbsp;rozpo\u010dtu obce, ale ve\u0159ejnou sb\u00edrkou.<\/em><\/li><li><em>Navrhovali\n     jsme zpracov\u00e1n\u00ed \u017eivotopisu Franti\u0161ka Pe\u0159iny a jeho vyd\u00e1n\u00ed v&nbsp;n\u00e1kladu\n     5.000 kus\u016f v\u00fdtisk\u016f.<\/em><\/li><li><em>Doporu\u010den\u00ed\n     rad\u011b MNV, zda by dodate\u010dn\u011b zaslala blahop\u0159\u00e1n\u00ed k&nbsp;jeho leto\u0161\u00edmu 50.\n     v\u00fdro\u010d\u00ed svatby.<\/em><\/li><li><em>N\u00e1\u0161 slib a\n     ochota, \u017ee p\u0159i pln\u011bn\u00ed jednotliv\u00fdch bod\u016f budeme n\u00e1pomocni.<\/em><\/li><\/ul>\n\n\n\n<p>Odezva byla nulov\u00e1, odpov\u011b\u010f jsme nedostali. Na\u0161e \u017e\u00e1dost\nputovala okam\u017eit\u011b na ONV a st\u00e1tn\u00ed bezpe\u010dnost s&nbsp;t\u00edm, pr\u00fd co si to\ndovolujeme, \u017e\u00e1dat takov\u00e9 nesmysly a nav\u00edc pro z\u00e1padn\u00edho voj\u00e1ka. V\u00edce ne\u017e za dva\nm\u011bs\u00edce m\u011b jako n\u00e1hodou potkal n\u00e1\u010deln\u00edk StB z&nbsp;B\u0159eclavi, s n\u00edm\u017e jsem se\nosobn\u011b znal. Byl to major JUDr. Ji\u0159\u00ed J\u00edrava. \u0158ekl mn\u011b: \u201eTy, co m\u00e1\u0161 na t\u00e9 obci?\nTam jsi v&nbsp;pr\u016fseru, toho Pe\u0159inu vynech, jinak dopadne\u0161 \u0161patn\u011b!\u201c a rychle\nautem odfr\u010del pry\u010d. Te\u010f si v\u0161ak mysl\u00edm, \u017ee sp\u011bchal podobn\u011b jako i pozd\u011bji, aby\nv&nbsp;lan\u017ehotsk\u00e9m lese sp\u00e1lil kompromituj\u00edc\u00ed materi\u00e1ly. Pak jsme asi za m\u011bs\u00edc\nu n\u00e1s po stranick\u00e9 sch\u016fzi z\u016fstali st\u00e1t na most\u011b, a to n\u00e1\u0161 des\u00edtk\u00e1\u0159 Vl. Kincl a\n\u010dlen strany Old\u0159ich Soukup. Vl\u00e1\u010fa mn\u011b d\u016fv\u011brn\u011b sd\u011blil: \u201eM\u011bl jsi kliku, \u017ee se\nstal st\u00e1tn\u00ed p\u0159evrat, (\u0159ekl, \u017ee se to posralo) jinak u\u017e jsi byl na lopatk\u00e1ch,\ncht\u011bli jsme t\u011b zav\u0159\u00edt.\u201c Vl\u00e1\u010fa byl hudebn\u011b nadan\u00fdm, a byl p\u0159\u00e1telsk\u00fd. Kup\u0159\u00edkladu\nv pond\u011bl\u00ed na hody p\u0159i zav\u00e1dce \u0159\u00eddil m\u00edstn\u00ed sm\u00ed\u0161en\u00fd sbor a zrovna tak dirigoval\nna h\u0159bitov\u011b p\u0159i posledn\u00edm rozlou\u010den\u00ed. Zem\u0159el pom\u011brn\u011b ml\u00e1d na modern\u00ed nemoc,\n\u0161koda, nebyl tak star\u00fd, je\u0161t\u011b aspo\u0148 n\u011bjak\u00fd \u010das m\u011bl dirigovat.<\/p>\n\n\n\n<p>Podobnou osobnost\u00ed byl i Old\u0159ich Soukup. Pracoval dlouh\u00e1\nl\u00e9ta jako p\u0159edseda vesnick\u00e9 organizace KS\u010c. Dobrosrde\u010dn\u00fd, up\u0159\u00edmn\u00fd, v\u0161e rychle\nch\u00e1paj\u00edc\u00ed a lidsk\u00fd. \u010casto tvrd\u011b oponuj\u00edc\u00ed tehdej\u0161\u00ed p\u0159edsedkyni obce. Ta v\u0161ak\nm\u011bla hlavu pomazanou sv\u011btskou i politickou moc\u00ed. B\u00fdvaly to tvrd\u00e9, ale marn\u00e9\nt\u0159enice. Hudebn\u011b nadan\u00fd moc nebyl, ale velmi r\u00e1d zp\u00edval. V soukrom\u00e9m \u017eivot\u011b\nne\u0161\u0165astn\u00fd, od man\u017eelky nepodporovan\u00fd, v&nbsp;du\u0161i osamocen\u00fd, ale lidsk\u00e1\nosobnost. Byl u\u017eite\u010dn\u00fd, v\u017edy s&nbsp;otev\u0159en\u00fdm hled\u00edm, m\u011bl r\u00e1d v\u0161echny lidi.\nPodobn\u00fdch chlap\u016f je jist\u011b v&nbsp;ka\u017ed\u00e9 d\u011bdin\u011b v\u00edc. Tak\u00e9 \u0161koda, \u017ee ode\u0161el brzy,\nz\u016fstal v\u0161ak nezapomenuteln\u00fdm v&nbsp;mnoha operetk\u00e1ch a divadeln\u00edch hr\u00e1ch coby\nochotn\u00edk.<\/p>\n\n\n\n<p>Dne 17. 8.\n1989 jsme navzdory m\u00edstn\u00edmu negativn\u00edmu postoji odeslali dopis tehdej\u0161\u00edmu\nnejvy\u0161\u0161\u00edmu stranick\u00e9mu a st\u00e1tn\u00edmu p\u0159edstaviteli, gener\u00e1ln\u00edmu tajemn\u00edku KS\u010c a\nprezidentu republiky Dr. Gust\u00e1vu Hus\u00e1kovi. Jeho obsah uv\u00e1d\u00edm v&nbsp;kostce:\npov\u00fd\u0161en\u00ed Franti\u0161ka Pe\u0159iny, p\u0159izn\u00e1n\u00ed mu d\u016fchodu a poskytnut\u00ed jednor\u00e1zov\u00e9 odm\u011bny.<\/p>\n\n\n\n<p>Kopie\nna\u0161\u00ed \u017e\u00e1dosti je uvedena jako <em>p\u0159\u00edloha \u010d. 1<\/em>\n(dopis G. Hus\u00e1kovi).<\/p>\n\n\n\n<p>Odpov\u011b\u010f p\u0159i\u0161la pom\u011brn\u011b brzy, hned 24. srpna 1989,\nz&nbsp;Vojensk\u00e9 kancel\u00e1\u0159e prezidenta republiky, s&nbsp;t\u00edm, \u017ee \u017e\u00e1dost p\u0159ed\u00e1vaj\u00ed\nFeder\u00e1ln\u00edmu ministerstvu n\u00e1rodn\u00ed obrany. Odpov\u011b\u010f podepsal n\u00e1\u010deln\u00edk\ngener\u00e1lporu\u010d\u00edk Ji\u0159\u00ed Ne\u010das, a je uvedena v&nbsp;<em>p\u0159\u00edloze \u010d. 2<\/em>.<\/p>\n\n\n\n<p>Mezit\u00edm si m\u011b 4. z\u00e1\u0159\u00ed 1989 pozvali na MNV s. Knollov\u00e1 a\nm\u00edstop\u0159edseda ing. Kali\u0161. Co jsme si to usmysleli starat se o ciz\u00ed lidi, a\nnav\u00edc o z\u00e1padn\u00edho letce, na\u0161eho kapitalistick\u00e9ho nep\u0159\u00edtele. Tehdy jsem j\u00ed \u0159ekl,\n\u017ee nerozli\u0161uji na\u0161e ob\u010dany &#8211; voj\u00e1ky bojuj\u00edc\u00ed na v\u00fdchod\u011b \u010di na z\u00e1pad\u011b, ale \u017ee si\nob\u011b strany od n\u00e1s zaslou\u017e\u00ed maxim\u00e1ln\u00ed pozornost a pomoc, p\u0159inejmen\u0161\u00edm zcela\nur\u010dit\u011b pod\u011bkov\u00e1n\u00ed.<\/p>\n\n\n\n<p>Doporu\u010den\u00fdm dopisem ze dne 7. z\u00e1\u0159\u00ed 1989 z&nbsp;Feder\u00e1ln\u00edho\nministerstva n\u00e1rodn\u00ed obrany p\u0159i\u0161lo dlouh\u00e9 a trp\u011bliv\u00e9 vysv\u011btlen\u00ed, \u017ee to bohu\u017eel\nnejde. Text dopisu je uveden jako&nbsp;<em>p\u0159\u00edloha\n\u010d. 3<\/em> &#8211; podpis ne\u010diteln\u00fd. <\/p>\n\n\n\n<p>N\u00e1sledoval dopis historikovi a spisovateli, docentu\ngener\u00e1lu \u0160moldasovi, \u00fa\u010dastn\u00edku bitvy o Duklu, zda by napsal dopis na na\u0161i obec\na v&nbsp;n\u011bm zd\u016fraznil svoji p\u0159\u00edmluvu na podporu na\u0161ich snah (je uveden\njako&nbsp;<em>p\u0159\u00edloha \u010d. 4<\/em>). Odpov\u011b\u010f od\nn\u011bj v\u0161ak nep\u0159i\u0161la. Ochranu jsme tedy hledali u \u010cesk\u00e9ho svazu protifa\u0161istick\u00fdch\nbojovn\u00edk\u016f v&nbsp;B\u0159eclavi. Ti odpov\u011bd\u011bli, \u017ee to nejde, tedy to u\u017e jsme v\u011bd\u011bli.\nZa jejich snahu alespo\u0148 dodate\u010dn\u00fd d\u00edk.<\/p>\n\n\n\n<p>Mezi t\u00edmto boxov\u00e1n\u00edm se p\u0159ehoupl rok 1990 a u st\u00e1tn\u00edho\nkormidla byl nov\u00fd \u010dlov\u011bk, V\u00e1clav Havel. Tomu jsme dne 26. 1. 1990 napsali nov\u00fd\ndopis, ve kter\u00e9m jsme ho sezn\u00e1mili s&nbsp;Franti\u0161kem Pe\u0159inou, kdo to byl a co\npro n\u011bj chceme ud\u011blat (kopie dopisu panu prezidentu Havlovi je uvedena\njako&nbsp;<em>p\u0159\u00edloha \u010d. 5<\/em>).<\/p>\n\n\n\n<p>Tak\u00e9 jsme p\u0159ilo\u017eili jeho plnou adresu: Frank Perina, 3830\nSwenson Str. Park Terrace 303, Las Vegas, Nevada. Odpov\u011b\u010f p\u0159i\u0161la\nz&nbsp;Vojensk\u00e9 kancel\u00e1\u0159e prezidenta republiky dne 21. b\u0159ezna 1990 se sd\u011blen\u00edm,\n\u017ee se rehabilitac\u00ed zab\u00fdv\u00e1 Ministerstvo n\u00e1rodn\u00ed obrany, kter\u00e9mu je p\u0159ed\u00e1n n\u00e1\u0161\ndopis k&nbsp;vy\u0159\u00edzen\u00ed. O v\u00fdsledku budeme informov\u00e1ni my i major Pe\u0159ina (kopie\ndopisu je uvedena jako&nbsp;<em>p\u0159\u00edloha \u010d. 6<\/em>).<\/p>\n\n\n\n<p>\u017d\u00e1dosti a prosby&nbsp;byly na po\u010d\u00e1tku na\u0161ich snah dosud nepr\u016fst\u0159eln\u00e9, se zm\u011bnou politick\u00e9ho d\u011bn\u00ed v\u0161ak byly \u00fa\u0159ady sd\u00edln\u011bj\u0161\u00ed. Net\u00fdkalo se to v\u0161ak na\u0161\u00ed obce, kde st\u00e1le \u201ep\u0159ich\u00e1zel mr\u00e1z z&nbsp;Kremlu\u201c a\u017e do nov\u00fdch voleb, ne\u017e nastoupil nov\u00fd a mlad\u00fd starosta Milo\u0161 Vlas\u00e1k. Ten v\u0161ak po jednom volebn\u00edm obdob\u00ed skon\u010dil a v\u0161e se vr\u00e1tilo, \u017eel, do star\u00fdch kolej\u00ed. 17. listopad 1989 se stal zlomov\u00fdm datem, kdy v&nbsp;na\u0161\u00ed republice definitivn\u011b rozt\u00e1ly kremelsk\u00e9 ledy, u n\u00e1s v\u0161ak vesele mrzlo d\u00e1l. My jsme se navzdory tomuto mrazu p\u0159ipravovali na p\u0159\u00edjezd Franti\u0161ka a jeho \u017eeny Ani\u010dky.&nbsp; Ten n\u00e1m toti\u017e v&nbsp;dopise z&nbsp;25. \u00fanora 1990 ozn\u00e1mil, \u017ee ve \u010dtvrtek 31. kv\u011btna p\u0159ilet\u00ed do Prahy. A odtud p\u0159ijedou do Mork\u016fvek, zp\u011bt do Las Vegas se budou vracet 9. \u010dervence. Pro n\u00e1s to bylo radostn\u00e9 sd\u011blen\u00ed, a proto jsme se vzhledem k&nbsp;t\u00e9to p\u0159\u00edle\u017eitosti rozhodli, \u017ee bude dobr\u00e9 pozvat dal\u0161\u00ed \u00fa\u010dastn\u00edky boje o Anglii, kte\u0159\u00ed \u017eili v&nbsp;\u010cSR. Zajeli jsme op\u011bt do B\u0159eclavi na Svaz protifa\u0161istick\u00fdch bojovn\u00edk\u016f. Tehdej\u0161\u00ed p\u0159edseda pan Komenda n\u00e1m neporadil, nebo\u0165 s\u00e1m nev\u011bd\u011bl. A tak jsme z\u00e1chranu na\u0161li v&nbsp;Pavlovic\u00edch u pana Josefa Pavelky. Srde\u010dn\u011b n\u00e1s p\u0159iv\u00edtal a na na\u0161e ot\u00e1zky velmi ochotn\u011b odpov\u00eddal. Dov\u011bd\u011bli jsme se mnoho zaj\u00edmav\u00e9ho z d\u00e1lkov\u00e9ho letectv\u00ed. V\u0161ichni tito hrdinov\u00e9 vlastn\u011b st\u00e1le l\u00edtali nad nep\u0159\u00e1telsk\u00e1 \u00fazem\u00ed, a kdy\u017e se stalo a let\u011bli bez ochrany, byli snadnou ko\u0159ist\u00ed nep\u0159\u00e1telsk\u00fdch st\u00edha\u010d\u016f. A tak\u00e9, kdy\u017e byl ve v\u00fd\u0161k\u00e1ch bo\u010dn\u00ed v\u00edtr, musel navig\u00e1tor p\u0159esn\u011b vypo\u010d\u00edtat odchylku. \u201cT\u0159eba kdy\u017e jsme vylet\u011bli z&nbsp;Anglie a c\u00edl byl Hamburg, a nad kan\u00e1lem byl siln\u00fd bo\u010dn\u00ed v\u00edtr, navig\u00e1tor musel nav\u00e9st letadlo na trasu t\u0159eba o 30 km d\u00e1le od c\u00edle. D\u00e9lka cesty a s\u00edla v\u011btru n\u00e1s zav\u00e1la p\u0159esn\u011b nad ur\u010den\u00fd c\u00edl. To byla pr\u00e1ce ka\u017ed\u00e9ho navig\u00e1tora, aby letadlo p\u0159esn\u011b navedl nad c\u00edl a zase \u0161\u0165astn\u011b na mate\u0159sk\u00e9 leti\u0161t\u011b. Za de\u0161t\u011b a hust\u00e9 mlhy m\u011bl pr\u00e1ci velmi zt\u00ed\u017eenou.<\/p>\n\n\n\n<figure class=\"wp-block-image size-large\"><img loading=\"lazy\" decoding=\"async\" width=\"500\" height=\"161\" src=\"http:\/\/www.symbivita.cz\/josefbabacek\/wp-content\/uploads\/2020\/08\/3b2809465f_97010134_u.jpg\" alt=\"\" class=\"wp-image-193\" srcset=\"https:\/\/www.symbivita.cz\/josefbabacek\/wp-content\/uploads\/2020\/08\/3b2809465f_97010134_u.jpg 500w, https:\/\/www.symbivita.cz\/josefbabacek\/wp-content\/uploads\/2020\/08\/3b2809465f_97010134_u-300x97.jpg 300w\" sizes=\"(max-width: 500px) 100vw, 500px\" \/><figcaption>  <em>Curtiss Hawk H75C.1 \u2013 typ na kter\u00e9m poru\u010d\u00edk Pe\u0159ina l\u00e9tal ve Francii v 1940<\/em> <\/figcaption><\/figure>\n\n\n\n<figure class=\"wp-block-image size-large\"><img loading=\"lazy\" decoding=\"async\" width=\"955\" height=\"576\" src=\"http:\/\/www.symbivita.cz\/josefbabacek\/wp-content\/uploads\/2020\/08\/8f4d917c3c_97010133_v1.jpg\" alt=\"\" class=\"wp-image-194\" srcset=\"https:\/\/www.symbivita.cz\/josefbabacek\/wp-content\/uploads\/2020\/08\/8f4d917c3c_97010133_v1.jpg 955w, https:\/\/www.symbivita.cz\/josefbabacek\/wp-content\/uploads\/2020\/08\/8f4d917c3c_97010133_v1-300x181.jpg 300w, https:\/\/www.symbivita.cz\/josefbabacek\/wp-content\/uploads\/2020\/08\/8f4d917c3c_97010133_v1-768x463.jpg 768w\" sizes=\"(max-width: 955px) 100vw, 955px\" \/><figcaption> <em>Prvn\u00ed sest\u0159el poru\u010d\u00edka Pe\u0159iny a kapit\u00e1na Accarta dne 10. kv\u011btna 1940<\/em> <\/figcaption><\/figure>\n\n\n\n<p> Za t\u0159i n\u00e1v\u0161t\u011bvy u n\u011bho jsme v\u011bd\u011bli, co jsme v\u011bd\u011bt cht\u011bli. Svoji \u00fa\u010dast na setk\u00e1n\u00ed s&nbsp;Pe\u0159inou p\u0159isl\u00edbil. A my jsme s&nbsp;vervou p\u0159ipravovali vzpom\u00ednkovou besedu vz\u00e1jemn\u011b se znaj\u00edc\u00edch z\u00e1padn\u00edch pilot\u016f. Tato se pak zd\u00e1rn\u011b uskute\u010dnila v&nbsp;Mork\u016fvk\u00e1ch dne 29. kv\u011btna 1990 na dvo\u0159e u Bab\u00e1\u010dk\u016f \u010d. 106 a skon\u010dila &#8211; jak jinak ne\u017e ve sklep\u011b. Pod\u00e1val se von\u00edc\u00ed, \u010derstv\u00fd, tepl\u00fd a prorostl\u00fd uzen\u00fd b\u016f\u010dek s&nbsp;\u010derstv\u00fdm chlebem a tvarohov\u00e9 kol\u00e1\u010de. \u00da\u010dastnila se ho brn\u011bnsk\u00e1 televize pod veden\u00edm redaktorky V\u011bry P\u0159\u00edkazsk\u00e9.<\/p>\n\n\n\n<figure class=\"wp-block-image size-large\"><img loading=\"lazy\" decoding=\"async\" width=\"837\" height=\"576\" src=\"http:\/\/www.symbivita.cz\/josefbabacek\/wp-content\/uploads\/2020\/08\/dd674f12b0_97010132_v1.jpg\" alt=\"\" class=\"wp-image-195\" srcset=\"https:\/\/www.symbivita.cz\/josefbabacek\/wp-content\/uploads\/2020\/08\/dd674f12b0_97010132_v1.jpg 837w, https:\/\/www.symbivita.cz\/josefbabacek\/wp-content\/uploads\/2020\/08\/dd674f12b0_97010132_v1-300x206.jpg 300w, https:\/\/www.symbivita.cz\/josefbabacek\/wp-content\/uploads\/2020\/08\/dd674f12b0_97010132_v1-768x529.jpg 768w\" sizes=\"(max-width: 837px) 100vw, 837px\" \/><figcaption>  <em>Televizn\u00ed \u0161t\u00e1b redaktorky V\u011bry P\u0159\u00edkazsk\u00e9<\/em> <\/figcaption><\/figure>\n\n\n\n<p>Vz\u00e1cn\u00ed host\u00e9<\/p>\n\n\n\n<p>Prvn\u00ed sed\u00ed tady je\u0161t\u011b kpt. Josef Pavelka, p\u0159\u00edslu\u0161n\u00edk a\npilot 311. bombardovac\u00ed perut\u011b, vedle n\u011bho npor. pilot st\u00edha\u010d 312. perut\u011b pan\nLadislav Kov\u00e1\u010d z&nbsp;B\u0159eclavi, nar. 19. 8. 1917. Ani\u010dka Pe\u0159inov\u00e1, pilot st\u00edha\u010d\ntak\u00e9 312. perut\u011b, major Franti\u0161ek Pe\u0159ina z&nbsp;Mork\u016fvek a pilot st\u00edha\u010d leader\n313. perut\u011b mjr. Otmar Ku\u010dera, t. \u010d. bytem Rennensk\u00e1 42, Brno.<\/p>\n\n\n\n<figure class=\"wp-block-image size-large\"><img loading=\"lazy\" decoding=\"async\" width=\"1001\" height=\"455\" src=\"http:\/\/www.symbivita.cz\/josefbabacek\/wp-content\/uploads\/2020\/08\/d0cbba4586_97010130_v1.jpg\" alt=\"\" class=\"wp-image-196\" srcset=\"https:\/\/www.symbivita.cz\/josefbabacek\/wp-content\/uploads\/2020\/08\/d0cbba4586_97010130_v1.jpg 1001w, https:\/\/www.symbivita.cz\/josefbabacek\/wp-content\/uploads\/2020\/08\/d0cbba4586_97010130_v1-300x136.jpg 300w, https:\/\/www.symbivita.cz\/josefbabacek\/wp-content\/uploads\/2020\/08\/d0cbba4586_97010130_v1-768x349.jpg 768w\" sizes=\"(max-width: 1001px) 100vw, 1001px\" \/><figcaption> <em>Setk\u00e1n\u00ed v&nbsp;Mork\u016fvk\u00e1ch 1990:<\/em><br> <em>piloti Josef Pavelka, Ladislav Kov\u00e1\u010d, Ani\u010dka a Franti\u0161ek Pe\u0159inovi, Otmar Ku\u010dera.<\/em> <\/figcaption><\/figure>\n\n\n\n<p>Ani\u010dka v&nbsp;dopise z&nbsp;3. 8. 1990 d\u011bkovala za bohat\u00e9\npoho\u0161t\u011bn\u00ed v&nbsp;Mork\u016fvk\u00e1ch a za iniciativu k&nbsp;Frantovu pov\u00fd\u0161en\u00ed a\nvyj\u00e1d\u0159ila l\u00edtost, \u017ee nemohli z\u016fstat d\u00e9le.<\/p>\n\n\n\n<p>Brn\u011bnsk\u00e9 studio \u010cesk\u00e9 televize vys\u00edlalo z&nbsp;tohoto setk\u00e1n\u00ed dne 24. 10. 1990 asi dvacetiminutovou nahr\u00e1vku. Tehdy se ud\u00e1losti z\u00fa\u010dastnila i redaktorka okresn\u00edch novin Nov\u00fd \u017eivot pan\u00ed Valn\u00e1. Po ukon\u010den\u00ed n\u00e1v\u0161t\u011bvy odjeli Pe\u0159inovi do Prahy, kde si od Milana Bravence vy\u017e\u00e1dali jeho rukopis p\u0159ipravovan\u00e9 knihy \u201eDialog\u2026\u201c. Pe\u0159inovi p\u0159edali cel\u00fd tento materi\u00e1l Franti\u0161ku Fajtlovi k&nbsp;p\u0159epracov\u00e1n\u00ed. Ten se v\u0161ak psan\u00ed knihy vzdal, kdy\u017e zjistil, \u017ee Bravenec p\u00ed\u0161e \u201eDialog p\u0159es oce\u00e1n\u201c. A\u017e po sd\u011blen\u00ed Pe\u0159iny Milanu Bravencovi, aby d\u00e1l nepokra\u010doval, za\u010dal Fajtl ps\u00e1t zn\u00e1mou knihu Gener\u00e1l nebe. Ten v\u0161ak z Bravencovy pr\u00e1ce nepou\u017eil prakticky nic. Dlouho jsme t\u00e1pali, pro\u010d se tak stalo a co zap\u0159\u00ed\u010dinilo takov\u00fd obrat. Pro\u010d odm\u00edtl n\u00e1mi t\u011b\u017ece a nam\u00e1hav\u011b, dnes bych \u0159ekl, \u017ee i riskantn\u011b p\u0159ipravovan\u00e9 podklady pro Bravencovu knihu. Svitlo n\u00e1m a\u017e po dlouh\u00fdch debat\u00e1ch a za n\u011bkolik let. P\u0159i\u0161li jsme k&nbsp;z\u00e1v\u011bru, \u017ee jsme se tam nev\u011bdomky ani sl\u016fvkem nezm\u00ednili o osobnosti Pe\u0159inovy \u017eeny Ani\u010dky. Tehdy jsme nem\u011bli d\u016fvod, proto\u017ee jsme znali jej\u00ed problematick\u00fd zp\u016fsob \u017eivota za protektor\u00e1tu a ani sl\u016fvkem jsme se nezm\u00ednili o jej\u00ed \u00fadajn\u00e9 internaci, o kter\u00e9 ona mluvila. Nebo to mohla b\u00fdt jej\u00ed samolibost. Byly to v\u0161ak ty PRAV\u00c9 P\u0158\u00cd\u010cINY? Je mo\u017en\u00e9 i to, \u017ee se Fajtl Pe\u0159inovi zd\u00e1l erudovan\u011bj\u0161\u00edm autorem.<\/p>\n\n\n\n<figure class=\"wp-block-image size-large\"><img loading=\"lazy\" decoding=\"async\" width=\"452\" height=\"576\" src=\"http:\/\/www.symbivita.cz\/josefbabacek\/wp-content\/uploads\/2020\/08\/07c0ded581_97010129_v1.jpg\" alt=\"\" class=\"wp-image-197\" srcset=\"https:\/\/www.symbivita.cz\/josefbabacek\/wp-content\/uploads\/2020\/08\/07c0ded581_97010129_v1.jpg 452w, https:\/\/www.symbivita.cz\/josefbabacek\/wp-content\/uploads\/2020\/08\/07c0ded581_97010129_v1-235x300.jpg 235w\" sizes=\"(max-width: 452px) 100vw, 452px\" \/><figcaption>Nep\u0159ijat\u00fd \u010dl\u00e1nek  pro Rovnost<\/figcaption><\/figure>\n\n\n\n<p> V&nbsp;<em>p\u0159\u00edloze \u010d. 8<\/em> otiskujeme jednu odpov\u011b\u010f z&nbsp;Feder\u00e1ln\u00edho ministerstva n\u00e1rodn\u00ed obrany, podepsanou gener\u00e1lem Fr\u00fdbertem, na na\u0161i \u017e\u00e1dost o pov\u00fd\u0161en\u00ed Franti\u0161ka Pe\u0159iny. Odpov\u011b\u010f z 6. 3. 1991 <\/p>\n\n\n\n<figure class=\"wp-block-image size-large\"><img loading=\"lazy\" decoding=\"async\" width=\"656\" height=\"576\" src=\"http:\/\/www.symbivita.cz\/josefbabacek\/wp-content\/uploads\/2020\/08\/12cbed7fc1_97010128_v1.jpg\" alt=\"\" class=\"wp-image-198\" srcset=\"https:\/\/www.symbivita.cz\/josefbabacek\/wp-content\/uploads\/2020\/08\/12cbed7fc1_97010128_v1.jpg 656w, https:\/\/www.symbivita.cz\/josefbabacek\/wp-content\/uploads\/2020\/08\/12cbed7fc1_97010128_v1-300x263.jpg 300w\" sizes=\"(max-width: 656px) 100vw, 656px\" \/><figcaption>Odpov\u011b\u010f z Rovnosti<\/figcaption><\/figure>\n\n\n\n<p>V&nbsp;dopise ze dne 1. 2. 1991 Ani\u010dka psala, \u017ee je Franta velmi spokojen, \u017ee se mu kone\u010dn\u011b dostalo n\u011bjak\u00e9 uzn\u00e1n\u00ed od vl\u00e1dy a \u017ee byl pov\u00fd\u0161en do hodnosti plukovn\u00edka. M\u011bli jsme z&nbsp;toho i my radost, proto\u017ee jsme v\u011bd\u011bli, \u017ee to bylo z&nbsp;na\u0161eho podn\u011btu. V&nbsp;b\u0159eznu Franta oznamuje, \u017ee svoje osmdes\u00e1t\u00e9 narozeniny bude slavit v&nbsp;Mork\u016fvk\u00e1ch, co\u017e se tak\u00e9 stalo. A o rok pozd\u011bji byl pov\u00fd\u0161en do hodnosti &#8211; gener\u00e1lmajora a nakonec do hodnosti gener\u00e1lporu\u010d\u00edka. Na po\u010d\u00e1tku roku 1992 Ani\u010dka psala o jejich \u00favah\u00e1ch p\u0159est\u011bhovat se k&nbsp;n\u00e1m do republiky. \u201cJednou Franta chce, podruh\u00e9 zase ne.\u201c Kniha \u201eGener\u00e1l nebe\u201c bude vyd\u00e1na po\u010d\u00e1tkem z\u00e1\u0159\u00ed. V&nbsp;pozd\u011bj\u0161\u00edm dopise uvedla: \u201eBudu m\u00edt moc pr\u00e1ce se st\u011bhov\u00e1n\u00edm do Prahy, kde n\u00e1m byt sehnali na\u0161i zn\u00e1m\u00ed.\u201c V&nbsp;dopise ze dne 25. 11. \u00b492 uvedla \u201eosmdes\u00e1t\u00e9 druh\u00e9 narozeniny budeme slavit v&nbsp;Mork\u016fvk\u00e1ch, pozveme asi 100 lid\u00ed, z Prahy p\u0159ijede autobus\u201c. <\/p>\n\n\n\n<p>\u0160krla um\u0159el 11. listopadu 1992 v&nbsp;Brn\u011b na z\u00e1pal plic a\no dal\u0161\u00ed rok i Milan Bravenec v Praze. Ani\u010dka v&nbsp;dopise ze dne 11. 2. 1992\nu\u017e psala o konkr\u00e9tn\u00edm st\u011bhov\u00e1n\u00ed do Prahy a d\u00e1le uvedla, \u017ee kniha \u201eGener\u00e1l nebe\u201c\nje ji\u017e vyprodan\u00e1 a \u017ee doufaj\u00ed, \u017ee bude i druh\u00e9 vyd\u00e1n\u00ed.<\/p>\n\n\n\n<p>Pe\u0159inovi se na po\u010d\u00e1tku roku 1993 z Kalifornie natrvalo p\u0159est\u011bhovali\ndo Prahy 6 &#8211; \u0158epy, Mrkvi\u010dkova ulice \u010d. 12. Odtud pak nejm\u00e9n\u011b jedenkr\u00e1t za rok,\nzpravidla na hody, p\u0159ij\u00ed\u017ed\u011bli do Mork\u016fvek. V t\u00e9to pra\u017esk\u00e9 \u010dtvrti po n\u011bm\np\u0159ejmenovali z\u00e1kladn\u00ed \u0161kolu a vybudovali v&nbsp;n\u00ed jeho s\u00ed\u0148 sl\u00e1vy. Byl velmi\n\u010dasto zv\u00e1n na p\u0159edn\u00e1\u0161ky a leteck\u00e9 slavnosti po cel\u00e9 republice. P\u0159i jedn\u00e9\ntakov\u00e9, v roce 1999, i do N\u00e1choda, s&nbsp;n\u00edm i mnoz\u00ed minist\u0159i, nap\u0159. financ\u00ed,\nvnitra i se sv\u00fdmi n\u00e1m\u011bstky. Tam\u011bj\u0161\u00ed pan\u00ed starostka p\u0159i p\u0159edstavov\u00e1n\u00ed prvn\u011b\njmenovala pilota gener\u00e1la Pe\u0159inu, vzpomn\u011bla jeho zahrani\u010dn\u00edch \u00fasp\u011bch\u016f a pak\nteprve p\u0159iv\u00edtala p\u0159\u00edtomn\u00e9 ministry a ostatn\u00ed hosty.<\/p>\n\n\n\n<p>Toto se o jeho rodi\u0161ti \u0159\u00edci ned\u00e1. A\u010d byl tak\u00e9 v&nbsp;tomto\nroce pozv\u00e1n, a to zastupitelstvem obce, na slavnostn\u00ed otev\u0159en\u00ed kulturn\u00edho domu\ndne 14. srpna 1999. Na jeho m\u00edst\u011b st\u00e1vala kdysi star\u00e1 dobr\u00e1 sokolovna, je\u017e za\ndosud nevyjasn\u011bn\u00fdch okolnost\u00ed do z\u00e1klad\u016f vyho\u0159ela, ale byla na\u0161t\u011bst\u00ed rychle\nznovu vybudov\u00e1na ale pod nov\u00fdm n\u00e1zvem Kulturn\u00ed d\u016fm \u2013 tak\u00e9 d\u00edky panu V\u00e1gnerovi a\nsb\u00edrk\u00e1m mork\u016fvsk\u00fdch ob\u010dan\u016f.<\/p>\n\n\n\n<p>Zde, na rozd\u00edl od n\u00e1chodsk\u00e9 starostky, p\u0159iv\u00edtala mork\u016fvsk\u00e1 starostka na prvn\u00edm m\u00edst\u011b z\u00e1stupce ONV a vzpomn\u011bla v\u0161echny, \u0159ekl bych nezaj\u00edmav\u00e9 osobnosti. Av\u0161ak na rod\u00e1ka, \u010destn\u00e9ho ob\u010dana, hrdinu II. sv\u011btov\u00e9 v\u00e1lky, nositele mnoha zahrani\u010dn\u00edch vyznamen\u00e1n\u00ed, kter\u00fd je dr\u017eitelem plakety prezidenta republiky a nositelem vyznamen\u00e1n\u00ed \u0158\u00e1du B\u00edl\u00e9ho lva, na n\u011bho zapomn\u011bla a v\u016fbec jej NEP\u0158IV\u00cdTALA\u2026! P\u0159ipraven\u00fd text do den\u00edku Rovnost \u201eP\u0159i\u0161el mezi sv\u00e9 a nepoznali jej.\u201c &nbsp;&#8212; A negativn\u00ed odpov\u011b\u010f z Rovnosti. Jsem pevn\u011b p\u0159esv\u011bd\u010den, \u017ee to nebylo jen nedopat\u0159en\u00ed \u010di zapomn\u011btlivost. Nebo snad stranick\u00e1 poslu\u0161nost? Pe\u0159ina stranickost v\u017edy tvrd\u011b odsuzoval a nikdy v&nbsp;\u017e\u00e1dn\u00e9 stran\u011b nebyl. V\u017edy p\u0159ipom\u00ednal, \u017ee za prvn\u00ed republiky musela b\u00fdt policie i voj\u00e1ci a st\u00e1tn\u00ed \u00fa\u0159edn\u00edci apoliti\u010dt\u00ed. To znamen\u00e1, \u017ee k&nbsp;volb\u00e1m nechodili\u2026! A m\u011blo by to tak b\u00fdt pro blaho ob\u010dan\u016f i nyn\u00ed!<\/p>\n\n\n\n<figure class=\"wp-block-image size-large\"><img loading=\"lazy\" decoding=\"async\" width=\"414\" height=\"576\" src=\"http:\/\/www.symbivita.cz\/josefbabacek\/wp-content\/uploads\/2020\/08\/3bf6d2f7df_97010125_v1.jpg\" alt=\"\" class=\"wp-image-199\" srcset=\"https:\/\/www.symbivita.cz\/josefbabacek\/wp-content\/uploads\/2020\/08\/3bf6d2f7df_97010125_v1.jpg 414w, https:\/\/www.symbivita.cz\/josefbabacek\/wp-content\/uploads\/2020\/08\/3bf6d2f7df_97010125_v1-216x300.jpg 216w\" sizes=\"(max-width: 414px) 100vw, 414px\" \/><\/figure>\n\n\n\n<p>Mezit\u00edm prob\u00edhaly dal\u0161\u00ed p\u0159\u00edpravy a r\u016fzn\u00e9 \u017e\u00e1dosti na vybudov\u00e1n\u00ed pam\u00e1tn\u00edku Franti\u0161ka Pe\u0159iny. P\u016fvodn\u011b jsme cht\u011bli, aby Obecn\u00ed \u00fa\u0159ad Mork\u016fvky vykoupil jeho rodn\u00fd d\u016fm a v&nbsp;n\u011bm se vybudovalo mal\u00e9 muzeum v\u011bnovan\u00e9 Pe\u0159inovi. Vedle toho v&nbsp;n\u011bm p\u0159ipomenout i dal\u0161\u00ed osobnosti obce &#8211; Franti\u0161ka Novotn\u00e9ho, Ludv\u00edka Dobe\u0161e i jin\u00fdch a instalovat artefakty v\u00fdzbroje a v\u00fdstroje II. sv\u011btov\u00e9 v\u00e1lky, ale tak\u00e9 pam\u00e1tky z&nbsp;historie obce &#8211; archeologick\u00e9 n\u00e1lezy a p\u0159edm\u011bty vybaven\u00ed star\u00fdch dom\u00e1cnost\u00ed, fotografie a jin\u00e9 dokumenty. M\u011bli jsme za to, \u017ee by takov\u00e1 expozice upoutala z\u00e1jemce nejen z&nbsp;na\u0161\u00ed republiky, ale i ze zahrani\u010d\u00ed, a to vzhledem k takov\u00e9 osobnosti, jakou Pe\u0159ina byl. S t\u00edmto n\u00e1vrhem obecn\u00ed zastupitelstvo nesouhlasilo a ani jeho p\u0159\u00edbuzn\u00ed. P\u0159\u00edbuzn\u00ed, tedy majitelka jeho rodn\u00e9ho domku, nam\u00edtala, \u017ee tam hodlaj\u00ed postavit nov\u00fd d\u016fm. A obec o vybudov\u00e1n\u00ed muzea necht\u011bla tak\u00e9 ani sly\u0161et. Proto jsem za\u010dal na konci roku 2003 utv\u00e1\u0159et tzv. \u201emuzejn\u00ed iniciativu\u201c, jej\u00edm\u017e \u00fakolem m\u011blo b\u00fdt vybudov\u00e1n\u00ed pam\u011btn\u00ed s\u00edn\u011b v&nbsp;jedn\u00e9 z&nbsp;pr\u00e1zdn\u00fdch t\u0159\u00edd&nbsp;b\u00fdval\u00e9 z\u00e1kladn\u00ed \u0161koly. Budouc\u00edmi \u010dleny nebo alespo\u0148 sympatizanty, m\u011bli b\u00fdt a tuto my\u0161lenku podpo\u0159it tyto osoby: Krh\u00e1nek Jaroslav, Dr. \u017d\u00e1\u010dek Josef, Ad\u00e1mkov\u00e1 Marcela, Sad\u00edlkov\u00e1 Zdena, Ing. Pu\u010d\u00e1lka, Mgr. Pu\u010d\u00e1lkov\u00e1 Dana, Malinka B\u0159etislav, Ing. Malinka Jaroslav, Bab\u00e1\u010dek Josef, Petr\u00e1\u0161ov\u00e1 Lydie. S touto novou \u010dinnost\u00ed je m\u011bla tehdy sezn\u00e1mit posledn\u00ed jmenovan\u00e1. Bohu\u017eel se tak nestalo. <\/p>\n\n\n\n<p> Hned v&nbsp;lednu 2004 byla odesl\u00e1na na zastupitelstvo obce \u017e\u00e1dost muzejn\u00ed iniciativy o mo\u017enost vybudov\u00e1n\u00ed takov\u00e9to pam\u011btn\u00ed s\u00edn\u011b (kopie \u017e\u00e1dosti je uvedena jako&nbsp;<em>p\u0159\u00edloha \u010d. 9<\/em>). Byla projedn\u00e1v\u00e1na na zased\u00e1n\u00ed obecn\u00edho zastupitelstva dne 27. 1. 2004, ov\u0161em s v\u00fdsledkem jako obvykle negativn\u00edm. Ve zd\u016fvodn\u011bn\u00ed se uv\u00e1d\u00ed, \u017ee budova \u0161koly je vyt\u00ed\u017een\u00e1, a bylo odhlasov\u00e1no, \u017ee se m\u00e1 v&nbsp;p\u0159eds\u00e1l\u00ed ob\u0159adn\u00ed s\u00edn\u011b instalovat zasklen\u00fd panel s&nbsp;uniformou gener\u00e1la Pe\u0159iny (viz <em>p\u0159\u00edloha \u010d. 10<\/em>). Proto jsem dne 29. ledna o tom napsal do Prahy Franti\u0161ku Pe\u0159inovi a sezn\u00e1mil jej s&nbsp;on\u00edm z\u00e1porn\u00fdm v\u00fdsledkem. Vybudov\u00e1n\u00ed sklen\u011bn\u00e9ho panelu s&nbsp;uniformou v&nbsp;chodb\u011b knihovny a vchodu do ob\u0159adn\u00ed s\u00edn\u011b, tedy mezi dv\u011bmi z\u00e1chodov\u00fdma&nbsp; dve\u0159ima&nbsp; pova\u017euji za \u00fa\u010delou a jeho hrubou ur\u00e1\u017eku a v\u00fdsm\u011bch.<\/p>\n\n\n\n<figure class=\"wp-block-image size-large\"><img loading=\"lazy\" decoding=\"async\" width=\"519\" height=\"576\" src=\"http:\/\/www.symbivita.cz\/josefbabacek\/wp-content\/uploads\/2020\/08\/b0eba6c135_97010123_v1.jpg\" alt=\"\" class=\"wp-image-200\" srcset=\"https:\/\/www.symbivita.cz\/josefbabacek\/wp-content\/uploads\/2020\/08\/b0eba6c135_97010123_v1.jpg 519w, https:\/\/www.symbivita.cz\/josefbabacek\/wp-content\/uploads\/2020\/08\/b0eba6c135_97010123_v1-270x300.jpg 270w\" sizes=\"(max-width: 519px) 100vw, 519px\" \/><\/figure>\n\n\n\n<p> Ve st\u0159edu 20. dubna 2005 bylo na mimo\u0159\u00e1dn\u00e9m zased\u00e1n\u00ed m\u011bsta Hustope\u010de, konan\u00e9m v&nbsp;ob\u0159adn\u00ed s\u00edni radnice u p\u0159\u00edle\u017eitosti oslav konce II. sv\u011btov\u00e9 v\u00e1lky, gener\u00e1lu Franti\u0161ku Pe\u0159inovi p\u0159ed\u00e1no nejvy\u0161\u0161\u00ed m\u011bstsk\u00e9 vyznamen\u00e1n\u00ed a ud\u011bleno \u010destn\u00e9 ob\u010danstv\u00ed m\u011bsta Hustope\u010de. Ten p\u0159ijel z&nbsp;Prahy v&nbsp;doprovodu sv\u00e9 \u017eeny Ani\u010dky, na tento pro n\u011b obzvl\u00e1\u0161\u0165 v\u00fdznamn\u00fd akt. Po p\u0159evzet\u00ed pam\u011btn\u00ed listiny mimo jin\u00e9 \u0159ekl: \u201cCht\u011bl bych pod\u011bkovat zvl\u00e1\u0161tn\u00edm zp\u016fsobem, jak \u0159\u00edkaj\u00ed Angli\u010dan\u00e9, od nejhlub\u0161\u00edho bodu sv\u00e9ho srdce. Podobn\u00e9 pod\u011bkov\u00e1n\u00ed jsem pronesl v&nbsp;\u017eivot\u011b t\u0159ikr\u00e1t. T\u0159ikr\u00e1t jsem prosil p\u00e1na Boha, aby mi pomohl.  Bylo to ve v\u00e1lce a j\u00e1 to v\u017edycky p\u0159e\u017eil a v\u017edycky jsem mu pod\u011bkoval. \u010cestn\u00e9 ob\u010danstv\u00ed, kter\u00e9 jste mi ud\u011blili, m\u011b skute\u010dn\u011b doj\u00edm\u00e1, proto\u017ee z&nbsp;tohoto kraje poch\u00e1z\u00edm. D\u011bl\u00e1 mi to takovou radost, \u017ee kdybych nebyl gener\u00e1l, tak mi snad pote\u010dou slzy.\u201c<\/p>\n\n\n\n<p>Takov\u00e9 pocty se mu dostalo mimo rodnou obec.<\/p>\n\n\n\n<figure class=\"wp-block-image size-large\"><img loading=\"lazy\" decoding=\"async\" width=\"715\" height=\"615\" src=\"http:\/\/www.symbivita.cz\/josefbabacek\/wp-content\/uploads\/2020\/08\/Gener\u00e1lovi-..Gripeny.jpg\" alt=\"\" class=\"wp-image-201\" srcset=\"https:\/\/www.symbivita.cz\/josefbabacek\/wp-content\/uploads\/2020\/08\/Gener\u00e1lovi-..Gripeny.jpg 715w, https:\/\/www.symbivita.cz\/josefbabacek\/wp-content\/uploads\/2020\/08\/Gener\u00e1lovi-..Gripeny-300x258.jpg 300w\" sizes=\"(max-width: 715px) 100vw, 715px\" \/><\/figure>\n\n\n\n<p>Dne 15. dubna 2006 v&nbsp;kulturn\u00edm domu v&nbsp;Mork\u016fvk\u00e1ch\noslavil sv\u00e9 95. narozeniny. Mezi gratulanty byl i n\u00e1\u010deln\u00edk gener\u00e1ln\u00edho \u0161t\u00e1bu\narm\u00e1dy \u010cesk\u00e9 republiky Pavel \u0160tefka. Arm\u00e1da Pe\u0159inovi vzdala \u010dest p\u0159eletem dvou\nbojov\u00fdch letoun\u016f Jas \u2013 39 Gripen asi 100 metr\u016f nad oslavencem u kulturn\u00edho\ndomu, kter\u00fd zopakovaly je\u0161t\u011b jednou. \u010cesk\u00fd Rozhlas mu k&nbsp;v\u00fdznamn\u00e9mu jubileu\nzahr\u00e1l p\u00edsni\u010dku od Budvarky \u201e\u0160est\u00e9ho \u010dervence\u201c, kterou mu nechali zahr\u00e1t\nob\u010dan\u00e9-rod\u00e1ci z Mork\u016fvek .<\/p>\n\n\n\n<p>Za n\u011bkolik dn\u016f pot\u00e9 p\u0159i\u0161la z&nbsp;Prahy smutn\u00e1 zpr\u00e1va, \u017ee\nv&nbsp;ned\u011bli 16. dubna po kr\u00e1tk\u00e9 t\u011b\u017ek\u00e9 nemoci ve v\u011bku nedo\u017eit\u00fdch 86 let\nzem\u0159ela Ani\u010dka Pe\u0159inov\u00e1.<\/p>\n\n\n\n<p>Dal\u0161\u00ed smutn\u00e1 zpr\u00e1va oznamovala, \u017ee v&nbsp;sobotu 6. kv\u011btna\n2006 ve v\u011bku 95 let zem\u0159el gener\u00e1lporu\u010d\u00edk Franti\u0161ek Pe\u0159ina v. v., letec RAF,\nGener\u00e1l nebe, leteck\u00e9 eso, nositel mnoha \u010desk\u00fdch i zahrani\u010dn\u00edch vyznamen\u00e1n\u00ed.<\/p>\n\n\n\n<p>V&nbsp;Praze p\u0159i poh\u0159bu Franti\u0161kovy \u017eeny Ani\u010dky mu jeho\nje\u0161t\u011b \u017eij\u00edc\u00ed p\u0159\u00e1tel\u00e9 letci a jejich organizace sl\u00edbili, \u017ee mu vybuduj\u00ed\nv&nbsp;rodi\u0161ti muzeum \u2013 a to se tak\u00e9 stalo. S podivem konstatuji, \u017ee to \u0161lo a\n\u017ee se ji\u017e na jin\u00e9m m\u00edst\u011b jednou jmenovan\u00e1 \u0161koln\u00ed m\u00edstnost pro dobrou v\u011bc\nkone\u010dn\u011b uvolnila, bohu\u017eel s&nbsp;p\u011btilet\u00fdm zpo\u017ed\u011bn\u00edm. M\u00edstn\u00ed d\u016fchodkyn\u011b si\npravd\u011bpodobn\u011b tak\u00e9 ji\u017e na\u0161ly jin\u00fd prostor pro svoje sch\u016fzky. Muzeum je v\u0161ak bez\np\u016fsobiv\u00fdch obraz\u016f mal\u00ed\u0159e Dobe\u0161e, l\u00edbezn\u00e9 poezie Franti\u0161ka Novotn\u00e9ho, b\u00e1sn\u00ed\nJosefa \u0160krly, a unik\u00e1tn\u00edch artefakt\u016f na osvobozen\u00ed obce v&nbsp;roce 1945 a\nostatn\u00edch mo\u017en\u00fdch pam\u00e1tek. \u0160koda, ten \u010das u\u017e je tady, kdy jsou a budou podobn\u00e9\npam\u00e1tky vz\u00e1cn\u00e9, budoucnost je jist\u011b po z\u00e1sluze ocen\u00ed. Ale tyto zdarma nab\u00edzen\u00e9\nobci do t\u00e9 doby skon\u010d\u00ed pravd\u011bpodobn\u011b na smeti\u0161ti v&nbsp;R\u00fdn\u00e1ch. A to jen proto,\n\u017ee n\u011bkte\u0159\u00ed zastupitel\u00e9 prosazuj\u00ed svou nadutou moc.<\/p>\n\n\n\n<p>\u00daryvek z b\u00e1sn\u011b J.\u0160krle:<\/p>\n\n\n\n<p><em>Bu\u010fme hrdi na\nsv\u016fj rodn\u00fd d\u016fm<\/em><\/p>\n\n\n\n<p><em>Bu\u010fme hrdi na kmety\na jejich um<\/em><\/p>\n\n\n\n<p><em>Bu\u010fme hrdi na\nsvou rodnou ves<\/em><\/p>\n\n\n\n<p><em>Ta nezklamala, neopust\u00ed, nehod\u00ed\np\u0159es\u2026<\/em><\/p>\n\n\n\n<figure class=\"wp-block-image size-large\"><img loading=\"lazy\" decoding=\"async\" width=\"1024\" height=\"733\" src=\"http:\/\/www.symbivita.cz\/josefbabacek\/wp-content\/uploads\/2020\/08\/Parte-1024x733.jpg\" alt=\"\" class=\"wp-image-202\" srcset=\"https:\/\/www.symbivita.cz\/josefbabacek\/wp-content\/uploads\/2020\/08\/Parte-1024x733.jpg 1024w, https:\/\/www.symbivita.cz\/josefbabacek\/wp-content\/uploads\/2020\/08\/Parte-300x215.jpg 300w, https:\/\/www.symbivita.cz\/josefbabacek\/wp-content\/uploads\/2020\/08\/Parte-768x550.jpg 768w, https:\/\/www.symbivita.cz\/josefbabacek\/wp-content\/uploads\/2020\/08\/Parte.jpg 1265w\" sizes=\"(max-width: 1024px) 100vw, 1024px\" \/><\/figure>\n\n\n\n<p><a>IX. Pam\u00e1tn\u00edk padl\u00fdm \u2013 anab\u00e1ze kolem v\u00fdstavby<\/a><\/p>\n\n\n\n<p> V&nbsp;p\u016fli dubna se ka\u017ed\u00fdm rokem kon\u00e1 v&nbsp;O\u0159echov\u011b rekonstrukce bitvy z II. sv. v\u00e1lky, kter\u00e9 se pravideln\u011b z\u00fa\u010dast\u0148uje i skupina m\u00fdch mlad\u00fdch p\u0159\u00e1tel z&nbsp;klubu Vojensk\u00e9 historie z&nbsp;Brna. Dokud jsem vlastnil vinn\u00fd sklep u koupali\u0161t\u011b, b\u00fdval odchod na se\u0159adi\u0161t\u011b z&nbsp;tohoto m\u00edsta v\u017edy t\u0159i dni p\u0159ed zah\u00e1jen\u00edm. V\u0161ichni oble\u010den\u00ed v&nbsp;Sov\u011btsk\u00fdch &nbsp;dobov\u00fdch uniform\u00e1ch a pat\u0159i\u010dn\u011b vyzbrojeni. Tato skupina p\u0159edstavovala pr\u016fzkumnou hl\u00eddku 731 Poln\u00edho st\u0159eleck\u00e9ho praporu, jej\u00edm\u017e nyn\u011bj\u0161\u00edm velitelem je star\u0161ina Ji\u0159\u00ed Nov\u00e1k, z\u00e1stupcem star\u0161\u00ed ser\u017eant So\u0148a Hole\u010dkov\u00e1, d\u011blost\u0159elci Vlastimil Schildberger st. a Radovan Slav\u00edk, o\u010di skupiny Libor Cink. P\u0159i dlouh\u00fdch debat\u00e1ch ve skl\u00edpku na v\u00e1le\u010dn\u00e9 t\u00e9ma, proto\u017ee jsem pam\u011btn\u00edk, v\u0161echny m\u00e9 vzpom\u00edn\u00e1n\u00ed zaj\u00edmalo, p\u0159i tom padla my\u0161lenka zahynul\u00fdm p\u0159i v\u00e1le\u010dn\u00fdch ud\u00e1lostech postavit pomn\u00edk.<\/p>\n\n\n\n<figure class=\"wp-block-image size-large\"><img loading=\"lazy\" decoding=\"async\" width=\"846\" height=\"576\" src=\"http:\/\/www.symbivita.cz\/josefbabacek\/wp-content\/uploads\/2020\/08\/de5a86f407_97010116_v1.jpg\" alt=\"\" class=\"wp-image-203\" srcset=\"https:\/\/www.symbivita.cz\/josefbabacek\/wp-content\/uploads\/2020\/08\/de5a86f407_97010116_v1.jpg 846w, https:\/\/www.symbivita.cz\/josefbabacek\/wp-content\/uploads\/2020\/08\/de5a86f407_97010116_v1-300x204.jpg 300w, https:\/\/www.symbivita.cz\/josefbabacek\/wp-content\/uploads\/2020\/08\/de5a86f407_97010116_v1-768x523.jpg 768w\" sizes=\"(max-width: 846px) 100vw, 846px\" \/><figcaption>  <em>Soust\u0159ed\u011bn\u00ed u vin\u00e9ho sklepa v&nbsp;Mork\u016fvk\u00e1ch 24. 4. 2008<\/em> <\/figcaption><\/figure>\n\n\n\n<p>Pan\u00ed So\u0148a Hole\u010dkov\u00e1 dokonale ovl\u00e1d\u00e1 ru\u0161tinu, proto\u017ee Mork\u016fvky m\u011bly b\u00edl\u00e9 m\u00edsto v&nbsp;po\u010dtu padl\u00fdch, m\u011bla za dobrovoln\u00fd \u00fakol zjistit skute\u010dnost. Netrvalo dlouho a prvn\u00ed zji\u0161t\u011bn\u00e9 v\u00fdsledky pos\u00edlala po\u0161tou (fotokopie origin\u00e1l\u016f a z\u00e1rove\u0148 p\u0159eklady). So\u0148a a Jirka Skl\u00ed\u010dko jeli do Moskvy zjistit dal\u0161\u00ed mo\u017enosti, a zda jsou Rusk\u00e9 \u00fa\u0159ady t\u00e9to akci naklon\u011bny. Tito pr\u016fzkumn\u00edci zjistili, \u017ee jsou jim v\u0161ude dve\u0159e otev\u0159en\u00e9, Za rok a n\u011bco v\u0161echna jm\u00e9na, co jsou vytes\u00e1na v&nbsp;\u010dern\u00e9 \u017eule na Pam\u00e1tn\u00edku, jsou archivn\u011b dolo\u017een\u00e1. <\/p>\n\n\n\n<figure class=\"wp-block-image size-large\"><img loading=\"lazy\" decoding=\"async\" width=\"848\" height=\"576\" src=\"http:\/\/www.symbivita.cz\/josefbabacek\/wp-content\/uploads\/2020\/08\/529379e0b3_97010114_v1.jpg\" alt=\"\" class=\"wp-image-204\" srcset=\"https:\/\/www.symbivita.cz\/josefbabacek\/wp-content\/uploads\/2020\/08\/529379e0b3_97010114_v1.jpg 848w, https:\/\/www.symbivita.cz\/josefbabacek\/wp-content\/uploads\/2020\/08\/529379e0b3_97010114_v1-300x204.jpg 300w, https:\/\/www.symbivita.cz\/josefbabacek\/wp-content\/uploads\/2020\/08\/529379e0b3_97010114_v1-768x522.jpg 768w\" sizes=\"(max-width: 848px) 100vw, 848px\" \/><figcaption>Boleradice 24.4.2008<\/figcaption><\/figure>\n\n\n\n<p> Hned v&nbsp;\u00fanoru roku 2009 jsem se starostou obce p.F.Jurasem p\u0159edb\u011b\u017en\u011b projednal mo\u017enost vybudov\u00e1n\u00ed pam\u00e1tn\u00edku ob\u011btem II. sv\u011btov\u00e9 v\u00e1lky. V prvn\u00edch jedn\u00e1n\u00edch se starosta stav\u011bl k&nbsp;n\u00e1vrhu velmi vst\u0159\u00edcn\u011b. V&nbsp;b\u0159eznu, zrovna padal sn\u00edh, p\u0159ijel na mou \u017e\u00e1dost, akademick\u00fd socha\u0159 p.Franti\u0161ek Navr\u00e1til, aby posoudil jeho nejvhodn\u011bj\u0161\u00ed um\u00edstn\u011bn\u00ed. St\u00e1vaj\u00edc\u00ed prostor pomn\u00edku padl\u00fdm z&nbsp;I. sv\u011btov\u00e9 v\u00e1lky, na kter\u00e9m je vytes\u00e1no dvacet jmen, kte\u0159\u00ed se nevr\u00e1tili z&nbsp;boj\u016f, ozna\u010dil za SLEP\u00dd a nedoporu\u010doval jeho roz\u0161\u00ed\u0159en\u00ed o padl\u00e9 ve II sv\u011btov\u00e9 v\u00e1lce. Zastupitelstvo pozd\u011bji odm\u00edtlo jak\u00e9koli jin\u00e9 m\u00edsto ne\u017e p\u0159idat desky k&nbsp;pomn\u00edku padl\u00fdm z&nbsp;v\u00e1lky minul\u00e9. Toto rozhodnut\u00ed na\u0161e organizace i j\u00e1 pova\u017eovala za \u00fa\u010delov\u00e9, a proto se rozhodla jednat mimo jejich pravomoc.<\/p>\n\n\n\n<figure class=\"wp-block-image size-large\"><img loading=\"lazy\" decoding=\"async\" width=\"850\" height=\"576\" src=\"http:\/\/www.symbivita.cz\/josefbabacek\/wp-content\/uploads\/2020\/08\/635c49d148_97010113_v1.jpg\" alt=\"\" class=\"wp-image-205\" srcset=\"https:\/\/www.symbivita.cz\/josefbabacek\/wp-content\/uploads\/2020\/08\/635c49d148_97010113_v1.jpg 850w, https:\/\/www.symbivita.cz\/josefbabacek\/wp-content\/uploads\/2020\/08\/635c49d148_97010113_v1-300x203.jpg 300w, https:\/\/www.symbivita.cz\/josefbabacek\/wp-content\/uploads\/2020\/08\/635c49d148_97010113_v1-768x520.jpg 768w\" sizes=\"(max-width: 850px) 100vw, 850px\" \/><figcaption>Pr\u016fzkum ve Velk\u00fdch N\u011bm\u010dic\u00edch<\/figcaption><\/figure>\n\n\n\n<p>Nezbylo ne\u017e\nhledat nov\u00fd prostor. Byly vyhled\u00e1ny a doporu\u010deny t\u0159i m\u00edsta. Jedno z&nbsp;nich\nbylo nejd\u0159\u00edve vyhled\u00e1no u kolumb\u00e1ria na m\u00edstn\u00edm h\u0159bitov\u011b, kter\u00e9 rovn\u011b\u017e ihned\nzavrhl a jako druh\u00e9 a vhodn\u00e9 ur\u010dil v sou\u010dasn\u00e9 dob\u011b upraven\u00e9 m\u00edsto po zbo\u0159en\u00e9m\ndome\u010dku pana F. Pokorn\u00e9ho. Jedn\u00e1 se o obecn\u00ed pozemek. Mezi t\u00edm starosta jel do\nBrna a po\u0159\u00eddil n\u011bkolik informa\u010dn\u00edch sn\u00edmk\u016f pam\u00e1tn\u00edku pro pot\u0159ebu informov\u00e1n\u00ed\nobecn\u00edho zastupitelstva.<\/p>\n\n\n\n<p>Obecn\u00ed zastupitelstvo na sv\u00e9\nsch\u016fzi, n\u00e1mi podan\u00fd n\u00e1vrh zam\u00edtlo z d\u016fvod\u016f nejasn\u00fdch.<\/p>\n\n\n\n<p>Proto se\n\u010ceskoslovensk\u00e1 spole\u010dnost vojensk\u00e9 historie Brno dohodla s&nbsp;majitelem p. \u010d.\nst.71\/2 o mo\u017enosti pam\u00e1tn\u00edk postavit na t\u00e9to jeho soukrom\u00e9 stavebn\u00ed parcele.\nToto je to t\u0159et\u00ed m\u00edsto navr\u017een\u00e9 akademick\u00fdm socha\u0159em, panem F. Navr\u00e1tilem.\nMajitel souhlasil, a proto se jmenovan\u00e1 spole\u010dnost rozhodla podat novou \u017e\u00e1dost\nobecn\u00edmu zastupitelstvu o souhlas stavby. Tato \u017e\u00e1dost byla na sch\u016fzi OZ\nprojedn\u00e1na 24. 6. 2009, s t\u00edmto v\u00fdsledkem. (viz p\u0159\u00edloha a)<\/p>\n\n\n\n<p>Akademick\u00fd socha\u0159 p.F.Navr\u00e1til p\u0159i posuzov\u00e1n\u00ed m\u00edst ke stavb\u011b pam\u00e1tn\u00edku ozna\u010dil ST\u00c1VAJ\u00cdC\u00cd m\u00edsto jako SLEP\u00c9 a tak\u00e9, \u017ee tam p\u0159ek\u00e1\u017e\u00ed, te\u010f u\u017e mohutn\u00fd strom. Tedy p\u0159i p\u0159\u00edpadn\u00e9m odstran\u011bn\u00ed onoho stromu z\u016fst\u00e1v\u00e1 toto m\u00edsto jako SLEP\u00c9. Podle n\u011bj slovo slep\u00e9 si dovol\u00edm p\u0159elo\u017eit jako nevhodn\u00e9. Naopak souhlas\u00edme s&nbsp;jeho n\u00e1zorem o zm\u011bn\u011b m\u00edsta, proto\u017ee jej pova\u017eujeme v&nbsp;t\u00e9to oblasti za odborn\u00edka. J\u00edm ur\u010den\u00e9 ono t\u0159et\u00ed m\u00edsto na postaven\u00ed pam\u00e1tn\u00edku obecn\u00ed zastupitelstvo zam\u00edt\u00e1 jako nevhodn\u00e9. Z\u0159ejm\u011b je to vyj\u00e1d\u0159en\u00ed sporn\u00e9, proto\u017ee necel\u00fdch 10m od budouc\u00edho pam\u00e1tn\u00edku, tedy p\u0159es \u0161\u00ed\u0159ku cesty do pol\u00ed, stoj\u00ed c\u00edrkevn\u00ed pam\u00e1tn\u00edk &#8211; Bo\u017e\u00ed muka, postaven\u00e1 ji\u017e ve st\u0159edov\u011bku. Je tedy sporn\u00e9, zda nen\u00ed na nevhodn\u00e9m m\u00edst\u011b. O 50m d\u00e1le je Muzeum, tedy S\u00ed\u0148 sl\u00e1vy gen. Pe\u0159iny. Spole\u010dnost vojensk\u00e9 historie je n\u00e1zoru, \u017ee pr\u00e1v\u011b toto m\u00edsto SOULAD\u00cd. <\/p>\n\n\n\n<p>P\u0159i ofici\u00e1ln\u00edm\nodhalen\u00ed pam\u00e1tn\u00edku k&nbsp;65. v\u00fdro\u010d\u00ed, tedy v&nbsp;dubnu 2010, p\u0159isl\u00edbili \u00fa\u010dast\nJeho excelence Rusk\u00e9 federativn\u00ed republiky, N\u011bmeck\u00e9 spolkov\u00e9 republiky, Krajsk\u00fd\nhejtman Mgr. M. Ha\u0161ek, z far\u00e1\u0159\u016f: pravoslavn\u00fd, evangelick\u00fd a katolick\u00fd, a\nvojensk\u00e1 staf\u00e1\u017e v&nbsp;dobov\u00fdch uniform\u00e1ch. Na pam\u00e1tn\u00edku budou vytes\u00e1na t\u0159i\njm\u00e9na m\u00edstn\u00edch ob\u010dan\u016f, 65 rusk\u00fdch voj\u00e1k\u016f jedno jm\u00e9no n\u011bmeck\u00e9ho letce a \u010dty\u0159icet\np\u011bt bezejmenn\u00fdch a tak\u00e9 zde zahynulo na 120 &#8211; 130 kon\u00ed.<\/p>\n\n\n\n<p>Panu\nstarostovi jsem nab\u00eddnul, \u017ee p\u0159ijdu na zased\u00e1n\u00ed Rady a osobn\u011b vysv\u011btl\u00edm d\u016fvod\nprojektu. Byl jsem odm\u00edtnut, \u017ee to nen\u00ed pot\u0159eba.<\/p>\n\n\n\n<p>Vzhledem\nk&nbsp;tomu, \u017ee obecn\u00ed zastupitelstvo m\u011blo negativn\u00ed p\u0159\u00edstup k&nbsp;tomuto\nprojektu a navrhovalo jen p\u0159id\u00e1n\u00ed desek ke st\u00e1vaj\u00edc\u00edmu pomn\u00edku padl\u00fdch, jsme\npova\u017eovali za nedostate\u010dn\u00e9. Z&nbsp;tohoto d\u016fvodu se za\u010dalo jednat se soukrom\u00fdm\nmajitelem pozemku, kter\u00fd se vyj\u00e1d\u0159il kladn\u011b a povolil postaven\u00ed pam\u00e1tn\u00edku na\nm\u00edst\u011b, kde se narodila jeho maminka. Pam\u00e1tn\u00edk je tedy postaven na tomto m\u00edst\u011b. <\/p>\n\n\n\n<figure class=\"wp-block-image size-large\"><img loading=\"lazy\" decoding=\"async\" width=\"768\" height=\"576\" src=\"http:\/\/www.symbivita.cz\/josefbabacek\/wp-content\/uploads\/2020\/08\/78cf3d5dbd_97010112_v1.jpg\" alt=\"\" class=\"wp-image-206\" srcset=\"https:\/\/www.symbivita.cz\/josefbabacek\/wp-content\/uploads\/2020\/08\/78cf3d5dbd_97010112_v1.jpg 768w, https:\/\/www.symbivita.cz\/josefbabacek\/wp-content\/uploads\/2020\/08\/78cf3d5dbd_97010112_v1-300x225.jpg 300w\" sizes=\"(max-width: 768px) 100vw, 768px\" \/><figcaption>  <em>V\u00fdkop pro z\u00e1klad pam\u00e1tn\u00edku,<\/em><br> <em>chybn\u00fd o 70cm do obecn\u00edho.<\/em><br> <em>(na chybu se p\u0159i\u0161lo a\u017e po zabetonov\u00e1n\u00ed)<\/em> <\/figcaption><\/figure>\n\n\n\n<p> Dne 27. 11. 09 bylo obecn\u00ed zastupitelstvo M O R K&nbsp;U V&nbsp;K Y obesl\u00e1no \u010ceskoslovenskou spole\u010dnost\u00ed vojensk\u00e9 historie dopisem o z\u00e1m\u011bru vybudovat v obci \u201ePam\u00e1tn\u00edk\u201c 119 ob\u011btem II. sv\u011btov\u00e9 v\u00e1lky na parcele \u010d. st.71\/2, kterou m\u00e1 pro tento \u00fa\u010del pronajatu. Vzhledem k&nbsp;tomu, \u017ee p\u0159i stavb\u011b z\u00e1kladu do\u0161lo k&nbsp;posunu rozm\u011bru asi o 70 cm do obecn\u00edho pozemku, \u017e\u00e1d\u00e1 \u010cSVH o nov\u00e9 rozhodnut\u00ed a mo\u017enost respektovat st\u00e1vaj\u00edc\u00ed situaci \u010di pronajmout nebo odprodat tuto \u010d\u00e1st.<\/p>\n\n\n\n<p>Tato\n\u017e\u00e1dost byla zam\u00edtnuta (viz dopis O\u00da b) S&nbsp;rozhodnut\u00edm obce nesouhlasila\n\u010cSVH Brno i j\u00e1, a to z&nbsp;d\u016fvod\u016f popsan\u00fdch naho\u0159e. Chybn\u011b zabetonovan\u00fd z\u00e1klad\nmusel b\u00fdt odstran\u011bn k 1. 3. 2010, n\u00e1sledn\u011b byl p\u0159ipraven nov\u00fd o 70 cm posunut\u00fd\ndozadu na soukrom\u00fd pozemek (pronajat\u00fd od majitele pana Jaroslava Hrabce).<\/p>\n\n\n\n<p>Tito zastupitel\u00e9 obce rozhodovali: starosta Juras Franti\u0161ek,\nm\u00edstostarosta Mgr Lud\u011bk P\u00e1len\u00edk, zastupitel\u00e9 Ing Ji\u0159\u00ed Hor\u00e1k, Mgr. Jana\nPetr\u00e1\u0161ov\u00e1, \u0160\u00e1rka Fil\u00e1skov\u00e1, Pavel Dobe\u0161, Jarom\u00edr Kincl, Josef Kyncl, Alena Partykov\u00e1.<\/p>\n\n\n\n<p>Pam\u00e1tn\u00edk byl odhalen 23. 4. 2010 v 10 hodin dopoledne za \u00fa\u010dasti Krajsk\u00e9ho zastupitele pana MUDr. Old\u0159icha Ry\u0161av\u00e9ho a sen\u00e1tora Ji\u0159\u00edho Petr\u016f. Za klub veter\u00e1n\u016f anglick\u00fdch letc\u016f plukovn\u00edk Emil Bo\u010dek, p\u0159edseda klubu plk. Rampula a deset dal\u0161\u00edch \u010dlen\u016f. Tito vyu\u017eili p\u0159\u00edle\u017eitosti a p\u0159ed zah\u00e1jen\u00edm slavnostn\u00edho aktu nejd\u0159\u00edve zanesli na hrob gen. Pe\u0159iny kytici. V&nbsp;dobov\u00fdch uniform\u00e1ch a se zbran\u011bmi st\u00e1li u pomn\u00edku \u010destnou str\u00e1\u017e dva rudoarm\u011bjci, podporovan\u00ed dvakr\u00e1t po dvaceti mu\u017e\u00edch, j\u00edm\u017e velel jeden major a jeden nadporu\u010d\u00edk. D\u00e1le je zaji\u0161\u0165oval pr\u016fzkumn\u00fd motocykl vyzbrojen\u00fd kulometem D\u011bktarevem a jeden protitankov\u00fd kanon. Slavnostn\u00ed odhalen\u00ed provedl plk. Emil Bo\u010dek a inici\u00e1tor a sponzor stavby Josef Bab\u00e1\u010dek. Hlavn\u00ed projev m\u011bl pan Ry\u0161av\u00fd a plk. Bo\u010dek. Slavnostn\u00ed ovzdu\u0161\u00ed tomuto shrom\u00e1\u017ed\u011bn\u00ed dodali z\u00e1stupci c\u00edrkv\u00ed &#8211; evangelick\u00e9 (senior Ji\u0159\u00ed Gruber), \u0159\u00edmskokatolick\u00e9 (far\u00e1\u0159 Franti\u0161ek Trt\u00edlek) a pravoslavn\u00e9 (Mgr. Josef Fejs\u00e1k). Za trojici c\u00edrkevn\u00edch p\u0159edstavitel\u016f pronesl vysoce emotivn\u00ed slova k&nbsp;t\u00e9to ud\u00e1losti pr\u00e1v\u011b senior Ji\u0159\u00ed Gruber, nesen\u00e1 v&nbsp;usmi\u0159uj\u00edc\u00edm t\u00f3nu, kter\u00e1 na p\u0159\u00edtomn\u00e9 hluboce zap\u016fsobila a tomuto vzpom\u00ednkov\u00e9mu shrom\u00e1\u017ed\u011bn\u00ed dodala d\u016fstojnou a n\u00e1le\u017eitou atmosf\u00e9ru. <\/p>\n\n\n\n<figure class=\"wp-block-image size-large\"><img loading=\"lazy\" decoding=\"async\" width=\"500\" height=\"375\" src=\"http:\/\/www.symbivita.cz\/josefbabacek\/wp-content\/uploads\/2020\/08\/9e182ef445_97010110_u.jpg\" alt=\"\" class=\"wp-image-207\" srcset=\"https:\/\/www.symbivita.cz\/josefbabacek\/wp-content\/uploads\/2020\/08\/9e182ef445_97010110_u.jpg 500w, https:\/\/www.symbivita.cz\/josefbabacek\/wp-content\/uploads\/2020\/08\/9e182ef445_97010110_u-300x225.jpg 300w\" sizes=\"(max-width: 500px) 100vw, 500px\" \/><figcaption>Duchovn\u00ed p\u0159ed odhalen\u00edm pam\u00e1tn\u00edku<\/figcaption><\/figure>\n\n\n\n<p>Celou akci ke spokojenosti v\u0161ech moderoval z\u00e1stupce klubu \u010cSVH-Brno pan Vlastimil Schildberger mlad\u0161\u00ed. Jeho otec odborn\u011b sezn\u00e1mil p\u0159\u00edtomn\u00e9 s&nbsp;ud\u00e1lostmi v&nbsp;den osvobozen\u00ed obce. Slavnost prob\u00edhala v&nbsp;p\u0159\u00e1telsk\u00e9m ovzdu\u0161\u00ed a za hojn\u00e9 \u00fa\u010dasti \u0161irok\u00e9 ve\u0159ejnosti (viz fota). M\u00edstn\u00edch spoluob\u010dan\u016f bylo jen poskrovnu. Za zm\u00ednku stoj\u00ed p\u0159\u00edtomnost asi patn\u00e1ctihlav\u00e9 skupiny brumovick\u00e9 drobotiny pod veden\u00edm pan\u00ed u\u010ditelky Ing. Dany Pu\u010d\u00e1lkov\u00e9. Jejich o\u010di vid\u011bly sov\u011btsk\u00e9 voj\u00e1ky a budou m\u00edt cel\u00fd \u017eivot na co vzpom\u00ednat. Obecn\u00ed zastupitel\u00e9 chyb\u011bli. Svoj\u00ed zatvrzelost projevili ne\u00fa\u010dast\u00ed, \u010d\u00edm\u017e dali najevo, \u017ee Kocourkov st\u00e1le funguje.<\/p>\n\n\n\n<p>&nbsp;&nbsp;&nbsp;&nbsp;&nbsp;&nbsp;&nbsp;&nbsp;&nbsp;&nbsp;&nbsp; Mrakem\nna t\u00e9to slavnosti bylo tak\u00e9 to, \u017ee pan plk.Rampula p\u0159i t\u00e9to p\u0159\u00edle\u017eitosti p\u0159edal\nb\u00fdval\u00e9 p\u0159edstaven\u00e9 obce, k&nbsp;\u00fadivu v\u0161ech p\u0159\u00edtomn\u00fdch medaili. Mo\u017en\u00e1 proto, \u017ee\ndeset let br\u00e1nila uvolnit volnou m\u00edstnost pro muzeum, tedy Pam\u011btn\u00ed s\u00ed\u0148 gen.\nPe\u0159iny.<\/p>\n\n\n\n<figure class=\"wp-block-image size-large\"><img loading=\"lazy\" decoding=\"async\" width=\"911\" height=\"576\" src=\"http:\/\/www.symbivita.cz\/josefbabacek\/wp-content\/uploads\/2020\/08\/7a446ebe19_97010109_v1.jpg\" alt=\"\" class=\"wp-image-208\" srcset=\"https:\/\/www.symbivita.cz\/josefbabacek\/wp-content\/uploads\/2020\/08\/7a446ebe19_97010109_v1.jpg 911w, https:\/\/www.symbivita.cz\/josefbabacek\/wp-content\/uploads\/2020\/08\/7a446ebe19_97010109_v1-300x190.jpg 300w, https:\/\/www.symbivita.cz\/josefbabacek\/wp-content\/uploads\/2020\/08\/7a446ebe19_97010109_v1-768x486.jpg 768w\" sizes=\"(max-width: 911px) 100vw, 911px\" \/><figcaption>Naslouchaj\u00edc\u00ed shrom\u00e1\u017ed\u011bn\u00ed<\/figcaption><\/figure>\n\n\n\n<p>Zde je zachycen projev far\u00e1\u0159e C\u010cE seniora pana Ji\u0159\u00edho Grubera z&nbsp;Brna.: \u201c<em>V\u00e1\u017een\u00ed p\u0159ed\u0159e\u010dn\u00edci, v\u00e1\u017een\u00ed host\u00e9, a mork\u016fv\u0161t\u00ed spoluob\u010dan\u00e9. Shodou okolnost\u00ed se mi ned\u00e1vno dostal do rukou origin\u00e1ln\u00ed text projevu, kter\u00fd na tomto m\u00edst\u011b p\u0159ednesl p\u0159ed 89 lety \u2013 l. kv\u011btna 1921 \u2013 m\u016fj p\u0159edch\u016fdce superintendent Ferdinand C\u00edsa\u0159 p\u0159i odhalov\u00e1n\u00ed pomn\u00edku padl\u00fdch z&nbsp;1. sv\u011btov\u00e9 v\u00e1lky.<\/em><\/p>\n\n\n\n<figure class=\"wp-block-image size-large\"><img loading=\"lazy\" decoding=\"async\" width=\"500\" height=\"375\" src=\"http:\/\/www.symbivita.cz\/josefbabacek\/wp-content\/uploads\/2020\/08\/a996e954d3_97010108_u.jpg\" alt=\"\" class=\"wp-image-209\" srcset=\"https:\/\/www.symbivita.cz\/josefbabacek\/wp-content\/uploads\/2020\/08\/a996e954d3_97010108_u.jpg 500w, https:\/\/www.symbivita.cz\/josefbabacek\/wp-content\/uploads\/2020\/08\/a996e954d3_97010108_u-300x225.jpg 300w\" sizes=\"(max-width: 500px) 100vw, 500px\" \/><figcaption>Projev duchovn\u00edho seniora Ji\u0159\u00edho Grubera<\/figcaption><\/figure>\n\n\n\n<p><em>Zaujalo mne v&nbsp;n \u00ed mimo jin\u00e9 to, \u017ee C\u00edsa\u0159 nad pomn\u00edkem padl\u00fdch v&nbsp;rakousk\u00e9 arm\u00e1d\u011b zmi\u0148uje tak\u00e9 slavnou bitvu u Zborova. Bylo to prvn\u00ed vystoupen\u00ed \u010deskoslovensk\u00fdch legi\u00ed, kter\u00e9 znamenalo velik\u00fd impuls k&nbsp;budouc\u00edmu obnoven\u00ed na\u0161\u00ed samostatn\u00e9 republiky.<\/em> <em>Ta bitva se stala legendou a u\u010dili se o n\u00ed d\u011bti ve \u0161kol\u00e1ch. Superintendent v\u0161ak mo\u017en\u00e1 jako jeden z&nbsp;prvn\u00edch zm\u00ednil bolestnou skute\u010dnost, o kter\u00e9 se doned\u00e1vna nemluvilo. V t\u00e9 bitv\u011b bojovali \u010ce\u0161i proti \u010cech\u016fm. Jedni v&nbsp;rakousk\u00e9 arm\u00e1d\u011b, druz\u00ed pod vlajkou nov\u00e9 vznikaj\u00edc\u00ed republiky. Jedni um\u00edrali za c\u00edsa\u0159e p\u00e1na, druz\u00ed za Masaryka. Na obou stran\u00e1ch byli padl\u00ed. A ob\u011bma stran\u00e1m pak na\u0161e republika stav\u011bla pomn\u00edky. Padl\u00fdm legion\u00e1\u0159\u016fm i rakousk\u00fdm voj\u00e1k\u016fm. Ala ka\u017ed\u00fd zvl\u00e1\u0161\u0165! V\u0161ichni byli jej\u00ed synov\u00e9. Ale o tom, \u017ee bojovali proti sob\u011b, se taktn\u011b ml\u010delo. Pokud v\u00edm, na \u017e\u00e1dn\u00e9m pomn\u00edku nejsou jm\u00e9na legion\u00e1\u0159i a rakousk\u00fdch voj\u00e1k\u016f vedle sebe.<\/em> <em>Tak\u00e9 po druh\u00e9 sv\u011btov\u00e9 v\u00e1lce bylo postaveno mnoho pomn\u00edk\u016f. ALE V\u017dDYCKY JEN V\u00cdT\u011aZ\u016eM. Hroby pora\u017een\u00fdch v\u011bt\u0161inou nebyly ani ozna\u010deny. To, \u017ee dnes odhalujeme pomn\u00edk, na n\u011bm\u017e budou SPOLE\u010cN\u011a UVEDENI V\u00cdT\u011aZOV\u00c9 I PORA\u017dEN\u00cd, osvoboditel\u00e9 i okupanti, pova\u017euji to za n\u011bco mimo\u0159\u00e1dn\u00e9ho, kr\u00e1sn\u00e9ho a lidsk\u00e9ho. V Mork\u016fvk\u00e1ch sice nebojovali \u010ce\u0161i proti \u010cech\u016fm Jako kdysi u Zborova, ale lid\u00e9 proti lidem. Mlad\u00ed chlapci z&nbsp;rusk\u00fdch step\u00ed proti mlad\u00fdm chlapc\u016fm z&nbsp;alpsk\u00fdch \u00fadol\u00ed. Mluvili r\u016fznou \u0159e\u010d\u00ed, ale m\u011bli stejn\u00e9 sny a pl\u00e1ny. V\u011b\u0159ili, \u017ee se vr\u00e1t\u00ed dom\u016f a za\u010dnou nov\u00fd \u017eivot. M\u00edsto toho nalezli smrt daleko od domova a jejich jm\u00e9na byla na dlouho zapomenuta. Byli to oby\u010dejn\u00ed lid\u00e9, kte\u0159\u00ed si ve velk\u00e9 <strong>v\u011bt\u0161in\u011b<\/strong> v\u00e1lku nep\u0159\u00e1li a stali se jej\u00ed ob\u0161t\u00ed<\/em>.<\/p>\n\n\n\n<figure class=\"wp-block-image size-large\"><img loading=\"lazy\" decoding=\"async\" width=\"641\" height=\"484\" src=\"http:\/\/www.symbivita.cz\/josefbabacek\/wp-content\/uploads\/2020\/08\/Odhalen\u00ed-pam\u00e1tn\u00edku-zezadu.jpg\" alt=\"\" class=\"wp-image-210\" srcset=\"https:\/\/www.symbivita.cz\/josefbabacek\/wp-content\/uploads\/2020\/08\/Odhalen\u00ed-pam\u00e1tn\u00edku-zezadu.jpg 641w, https:\/\/www.symbivita.cz\/josefbabacek\/wp-content\/uploads\/2020\/08\/Odhalen\u00ed-pam\u00e1tn\u00edku-zezadu-300x227.jpg 300w\" sizes=\"(max-width: 641px) 100vw, 641px\" \/><\/figure>\n\n\n\n<p><em>Dnes si je chceme p\u0159ipomenout v\u0161echny spole\u010dn\u011b. Dnes chceme zd\u016fraznit a pokorn\u011b vyznat: Lid\u00e9 se ned\u011bl\u00ed na v\u00edt\u011bze a pora\u017een\u00e9, na ty na\u0161e a na ty ciz\u00ed, na p\u0159\u00e1tele a nep\u0159\u00e1tele. V\u0161ichni jsme sou\u010d\u00e1st\u00ed jedn\u00e9 rodiny a m\u00e1me spolu \u017e\u00edt jako svobodn\u00ed lid\u00e9, kte\u0159\u00ed respektuj\u00ed svobodu druh\u00fdch<\/em>.<\/p>\n\n\n\n<figure class=\"wp-block-image size-large\"><img loading=\"lazy\" decoding=\"async\" width=\"500\" height=\"375\" src=\"http:\/\/www.symbivita.cz\/josefbabacek\/wp-content\/uploads\/2020\/08\/467236f070_97010107_u.jpg\" alt=\"\" class=\"wp-image-211\" srcset=\"https:\/\/www.symbivita.cz\/josefbabacek\/wp-content\/uploads\/2020\/08\/467236f070_97010107_u.jpg 500w, https:\/\/www.symbivita.cz\/josefbabacek\/wp-content\/uploads\/2020\/08\/467236f070_97010107_u-300x225.jpg 300w\" sizes=\"(max-width: 500px) 100vw, 500px\" \/><figcaption>  <em>Slavnostn\u00ed odhalen\u00ed \u2013 gener\u00e1l Bo\u010dek a inici\u00e1tor J.Bab\u00e1\u010dek<\/em> <\/figcaption><\/figure>\n\n\n\n<p>Celou akci ke\nspokojenosti v\u0161ech moderoval z\u00e1stupce klubu \u010cSVH-Brno pan Vlastimil\nSchildberger mlad\u0161\u00ed. Jeho otec odborn\u011b sezn\u00e1mil p\u0159\u00edtomn\u00e9 s ud\u00e1lostmi v den\nosvobozen\u00ed obce. Slavnost prob\u00edhala v p\u0159\u00e1telsk\u00e9m ovzdu\u0161\u00ed a za hojn\u00e9 \u00fa\u010dasti\n\u0161irok\u00e9 ve\u0159ejnosti (viz fota). M\u00edstn\u00edch spoluob\u010dan\u016f bylo jen poskrovnu. Za\nzm\u00ednku stoj\u00ed p\u0159\u00edtomnost asi patn\u00e1ctihlav\u00e9 skupiny brumovick\u00e9 drobotiny pod\nveden\u00edm pan\u00ed u\u010ditelky Mgr. Dany Pu\u010d\u00e1lkov\u00e9. Jejich o\u010di vid\u011bly sov\u011btsk\u00e9 voj\u00e1ky a\nbudou m\u00edt cel\u00fd \u017eivot na co vzpom\u00ednat. Obecn\u00ed zastupitel\u00e9 chyb\u011bli. Svoj\u00ed\nzatvrzelost projevili ne\u00fa\u010dast\u00ed, \u010d\u00edm\u017e dali najevo, \u017ee Kocourkov st\u00e1le funguje.<\/p>\n\n\n\n<p>Mrakem na t\u00e9to\nslavnosti bylo tak\u00e9 to, \u017ee pan plk.Rampula p\u0159i t\u00e9to p\u0159\u00edle\u017eitosti p\u0159edal b\u00fdval\u00e9\np\u0159edstaven\u00e9 obce, k \u00fadivu v\u0161ech p\u0159\u00edtomn\u00fdch medaili. Mo\u017en\u00e1 proto, \u017ee deset let\nbr\u00e1nila uvolnit volnou m\u00edstnost pro muzeum, tedy Pam\u011btn\u00ed s\u00ed\u0148 gen. Pe\u0159iny.<\/p>\n\n\n\n<p>Zde je zachycen\nprojev far\u00e1\u0159e C\u010cE seniora pana Ji\u0159\u00edho Grubera z Brna.:<\/p>\n\n\n\n<p>&#8222;<em>V\u00e1\u017een\u00ed p\u0159ed\u0159e\u010dn\u00edci, v\u00e1\u017een\u00ed host\u00e9, a mork\u016fv\u0161t\u00ed spoluob\u010dan\u00e9. Shodou\nokolnost\u00ed se mi ned\u00e1vno dostal do rukou origin\u00e1ln\u00ed text projevu, kter\u00fd na tomto\nm\u00edst\u011b p\u0159ednesl p\u0159ed 89 lety &#8211; l. kv\u011btna 1921 &#8211; m\u016fj p\u0159edch\u016fdce superintendent\nFerdinand C\u00edsa\u0159 p\u0159i odhalov\u00e1n\u00ed pomn\u00edku padl\u00fdch z 1. sv\u011btov\u00e9 v\u00e1lky.<\/em><\/p>\n\n\n\n<p><em>Zaujalo mne v n\u00ed mimo jin\u00e9 to, \u017ee C\u00edsa\u0159 nad pomn\u00edkem padl\u00fdch v rakousk\u00e9 arm\u00e1d\u011b zmi\u0148uje tak\u00e9 slavnou bitvu u Zborova. Bylo to prvn\u00ed vystoupen\u00ed \u010deskoslovensk\u00fdch legi\u00ed, kter\u00e9 znamenalo velik\u00fd impuls k budouc\u00edmu obnoven\u00ed na\u0161\u00ed samostatn\u00e9 republiky.<\/em><\/p>\n\n\n\n<p><em>Ta bitva se stala\nlegendou a u\u010dili se o n\u00ed d\u011bti ve \u0161kol\u00e1ch. Superintendent v\u0161ak mo\u017en\u00e1 jako jeden\nz prvn\u00edch zm\u00ednil bolestnou skute\u010dnost, o kter\u00e9 se doned\u00e1vna nemluvilo. V t\u00e9\nbitv\u011b bojovali \u010ce\u0161i proti \u010cech\u016fm. Jedni v rakousk\u00e9 arm\u00e1d\u011b, druz\u00ed pod vlajkou\nnov\u00e9 vznikaj\u00edc\u00ed republiky. Jedni um\u00edrali za c\u00edsa\u0159e p\u00e1na, druz\u00ed za Masaryka. Na\nobou stran\u00e1ch byli padl\u00ed. A ob\u011bma stran\u00e1m pak na\u0161e republika stav\u011bla pomn\u00edky.\nPadl\u00fdm legion\u00e1\u0159\u016fm i rakousk\u00fdm voj\u00e1k\u016fm. Ala ka\u017ed\u00fd zvl\u00e1\u0161\u0165! V\u0161ichni byli jej\u00ed\nsynov\u00e9. Ale o tom, \u017ee bojovali proti sob\u011b, se taktn\u011b ml\u010delo. Pokud v\u00edm, na\n\u017e\u00e1dn\u00e9m pomn\u00edku nejsou jm\u00e9na legion\u00e1\u0159i a rakousk\u00fdch voj\u00e1k\u016f vedle sebe.<\/em><\/p>\n\n\n\n<p><em>Tak\u00e9 po druh\u00e9 sv\u011btov\u00e9\nv\u00e1lce bylo postaveno mnoho pomn\u00edk\u016f. ALE V\u017dDYCKY JEN V\u00cdT\u011aZ\u016eM. Hroby pora\u017een\u00fdch\nv\u011bt\u0161inou nebyly ani ozna\u010deny. To, \u017ee dnes odhalujeme pomn\u00edk, na n\u011bm\u017e budou\nSPOLE\u010cN\u011a UVEDENI V\u00cdT\u011aZOV\u00c9 I PORA\u017dEN\u00cd, osvoboditel\u00e9 i okupanti, pova\u017euji to za\nn\u011bco mimo\u0159\u00e1dn\u00e9ho, kr\u00e1sn\u00e9ho a lidsk\u00e9ho. V Mork\u016fvk\u00e1ch sice nebojovali \u010ce\u0161i proti\n\u010cech\u016fm Jako kdysi u Zborova, ale lid\u00e9 proti lidem. Mlad\u00ed chlapci z rusk\u00fdch\nstep\u00ed proti mlad\u00fdm chlapc\u016fm z alpsk\u00fdch \u00fadol\u00ed. Mluvili r\u016fznou \u0159e\u010d\u00ed, ale m\u011bli\nstejn\u00e9 sny a pl\u00e1ny. V\u011b\u0159ili, \u017ee se vr\u00e1t\u00ed dom\u016f a za\u010dnou nov\u00fd \u017eivot. M\u00edsto toho\nnalezli smrt daleko od domova a jejich jm\u00e9na byla na dlouho zapomenuta. Byli to\noby\u010dejn\u00ed lid\u00e9, kte\u0159\u00ed si ve velk\u00e9 v\u011bt\u0161in\u011b v\u00e1lku nep\u0159\u00e1li a stali se jej\u00ed ob\u0161t\u00ed.<\/em><\/p>\n\n\n\n<p><em>Dnes si je chceme\np\u0159ipomenout v\u0161echny spole\u010dn\u011b. Dnes chceme zd\u016fraznit a pokorn\u011b vyznat: Lid\u00e9 se\nned\u011bl\u00ed na v\u00edt\u011bze a pora\u017een\u00e9, na ty na\u0161e a na ty ciz\u00ed, na p\u0159\u00e1tele a nep\u0159\u00e1tele.\nV\u0161ichni jsme sou\u010d\u00e1st\u00ed jedn\u00e9 rodiny a m\u00e1me spolu \u017e\u00edt jako svobodn\u00ed lid\u00e9, kte\u0159\u00ed respektuj\u00ed\nsvobodu druh\u00fdch.<\/em><\/p>\n\n\n\n<p><em>K moudrosti, kter\u00e1\nnerozli\u0161uje v\u00edt\u011bze a pora\u017een\u00e9 jsme nedosp\u011bli zadarmo, ale za cenu mnoha ob\u011bt\u00ed.\nNesm\u00edme zapomenout, \u017ee posledn\u00ed sv\u011btov\u00e1 v\u00e1lka byla vyvolan\u00e1 ideologi\u00ed, kter\u00e1 by\nn\u00e1\u0161 n\u00e1rod zni\u010dila a zotro\u010dila. Nesm\u00edme zapomenout, \u017ee vl\u00e1dcov\u00e9, t\u011bch, kte\u0159\u00ed n\u00e1s\nosvobodili, dr\u017eeli na\u0161i zem dlouho v podru\u010d\u00ed jako v\u00e1le\u010dnou ko\u0159ist.<\/em><\/p>\n\n\n\n<p><em>Bohu d\u00edky, nacizmus i\nstalinizmus je za n\u00e1mi a my sm\u00edme op\u011bt \u017e\u00edt jako svobodn\u00ed lid\u00e9. St\u00e1ty, kter\u00e9\nkdysi proti sob\u011b bojovaly, jsou spojenci. Hranice t\u00e9m\u011b\u0159 neexistuj\u00ed. V cel\u00e9\nEvrop\u011b jsou demokraticky zvoleny vl\u00e1dy. Pro\u017e\u00edv\u00e1me nejdel\u0161\u00ed obdob\u00ed evropsk\u00e9\nhistorii bez v\u00e1lek a n\u00e1sil\u00ed.<\/em><\/p>\n\n\n\n<p><em>Postavit spole\u010dn\u00fd\npomn\u00edk v\u00edt\u011bz\u016fm i pora\u017een\u00fdm je mo\u017en\u00e9 pouze ve svobodn\u00e9 a demokratick\u00e9 zemi. A\njen t\u011b\u017eko bychom se tu sch\u00e1zeli, kdybychom nebyli vychov\u00e1ni v k\u0159es\u0165ansk\u00e9 v\u00ed\u0159e.<\/em><\/p>\n\n\n\n<p><em>P\u0159esto nesm\u00edme z\u016fstat\nklidn\u00ed a lhostejn\u00ed. Rozdm\u00fdchat nen\u00e1vist mezi lidmi je tak snadn\u00e9. Pokud\nnebudeme m\u00edt st\u00e1le p\u0159ed o\u010dima miliony ob\u011bt\u00ed, hroz\u00ed, \u017ee n\u00e1s n\u011bjak\u00fd bl\u00e1zen op\u011bt\nroze\u0161tve proti sob\u011b.<\/em><\/p>\n\n\n\n<p><em>Dnes odhalen\u00fd pomn\u00edk\nn\u00e1m bude p\u0159ipom\u00ednat, \u017ee jsme v\u0161ichni brat\u0159i a sestry, i kdy\u017e mluv\u00edme, r\u016fznou\n\u0159e\u010d\u00ed, m\u00e1me jin\u00e9 zvyky a vyzn\u00e1v\u00e1me Boha r\u016fzn\u00fdmi zp\u016fsoby. Ta odli\u0161nost ji\u017e nikdy\nnesm\u00ed b\u00fdt d\u016fvodem k nen\u00e1visti. V t\u00e9 odli\u0161nosti je kr\u00e1sa a bohatstv\u00ed lidsk\u00e9ho\nrodu.<\/em><\/p>\n\n\n\n<p><em>Skon\u010d\u00edm biblick\u00fdmi\nslovy apo\u0161tola Pavla (Ef 4,2-6+15-17): Sn\u00e1\u0161ejte se navz\u00e1jem v l\u00e1sce a usilovn\u011b\nhle\u010fte zachovat jednotu Ducha, spojeni svazkem pokoje. Jsme jedno t\u011blo a p\u016fsob\u00ed\nv n\u00e1s jeden Duch, k jedn\u00e9 nad\u011bji jsme byli povol\u00e1ni. Je jeden P\u00e1n, jedna v\u00edra,\njeden k\u0159est, jeden B\u016fh a Otec v\u0161ech, kter\u00fd je nade v\u0161emi, skrze v\u0161echny p\u016fsob\u00ed\na je ve v\u0161ech.<\/em><\/p>\n\n\n\n<p><em>Bu\u010fme pravdiv\u00fd v\nl\u00e1sce, a\u0165 ve v\u0161em dor\u016fst\u00e1me v Krista. On je hlava, z n\u011bho roste cel\u00e9 t\u011blo,\npevn\u011b spojen\u00e9 klouby. Navz\u00e1jem se podp\u00edrejte a buduje se v l\u00e1sce podle toho,\njak je ka\u017ed\u00e9 \u010d\u00e1sti d\u00e1no.<\/em><\/p>\n\n\n\n<p><em>Ferdinand C\u00edsa\u0159 kon\u010dil\np\u0159ed 89 lety slovy: Na\u0161im mrtv\u00fdm \u010destn\u00e1 pam\u011b\u0165, na\u0161im \u017eiv\u00fdm v\u00fdstraha i\npovzbuzen\u00ed.<\/em><\/p>\n\n\n\n<p>Projev\nzap\u016fsobil velmi siln\u011b na v\u0161echny p\u0159\u00edtomn\u00e9. Nyn\u00ed ohlasy na pam\u00e1tn\u00edk jsou kladn\u00e9\nhlavn\u011b od sousedn\u00edch spoluob\u010dan\u016f a proj\u00ed\u017ed\u011bj\u00edc\u00edch cykloturist\u016f vyu\u017e\u00edvaj\u00edc\u00edch\nprostoru k mal\u00e9mu ob\u010derstven\u00ed s fotoapar\u00e1ty v rukou. M\u011bl by tam b\u00fdt v\u0161ak je\u0161t\u011b\nzabudovan\u00fd informa\u010dn\u00ed panel s popisem historie obce a jin\u00fdch zaj\u00edmavost\u00ed.<\/p>\n\n\n\n<figure class=\"wp-block-image size-large\"><img loading=\"lazy\" decoding=\"async\" width=\"864\" height=\"576\" src=\"http:\/\/www.symbivita.cz\/josefbabacek\/wp-content\/uploads\/2020\/08\/5d8072cb66_97010096_v1.jpg\" alt=\"\" class=\"wp-image-214\" srcset=\"https:\/\/www.symbivita.cz\/josefbabacek\/wp-content\/uploads\/2020\/08\/5d8072cb66_97010096_v1.jpg 864w, https:\/\/www.symbivita.cz\/josefbabacek\/wp-content\/uploads\/2020\/08\/5d8072cb66_97010096_v1-300x200.jpg 300w, https:\/\/www.symbivita.cz\/josefbabacek\/wp-content\/uploads\/2020\/08\/5d8072cb66_97010096_v1-768x512.jpg 768w\" sizes=\"(max-width: 864px) 100vw, 864px\" \/><\/figure>\n\n\n\n<p>Pam\u00e1tn\u00edk je\nzabudovan\u00fd na hezk\u00e9m viditeln\u00e9m m\u00edst\u011b uprost\u0159ed obce. Mn\u011b sam\u00e9mu, bez pomoci\nbrn\u011bnsk\u00fdch p\u0159\u00e1tel z KVH, bylo postaven\u00ed nere\u00e1ln\u00e9. Dle m\u00e9ho soudu &#8211; pihu na\ndokonalosti tvo\u0159\u00ed dva dome\u010dky stoj\u00edc\u00ed naproti, kter\u00e9 u\u017e hodn\u011b dlouho br\u00e1n\u00ed k\np\u0159ehledn\u00e9 a bezpe\u010dn\u00e9 autodoprav\u011b v obci. \u010cten\u00e1\u0159i p\u0159edstav si ten prostor bez\nt\u011bch dome\u010dk\u016f! To by byla hezk\u00e1 n\u00e1ves. Ostatn\u011b nejsem prvn\u00ed kdo to tak vid\u00ed. O\ntuto zm\u011bnu se pokusil b\u00fdval\u00fd starosta Ing. Josef Vojt\u011bch se sv\u00fdm\np\u0159edstavenstvem. Pro\u010d se tak nestalo a tenkr\u00e1t nedot\u00e1hlo do konce, je jist\u011b\nzaj\u00edmav\u00e1 historie.<\/p>\n\n\n\n<figure class=\"wp-block-image size-large\"><img loading=\"lazy\" decoding=\"async\" width=\"664\" height=\"435\" src=\"http:\/\/www.symbivita.cz\/josefbabacek\/wp-content\/uploads\/2020\/08\/Fejs\u00e1k.jpg\" alt=\"\" class=\"wp-image-215\" srcset=\"https:\/\/www.symbivita.cz\/josefbabacek\/wp-content\/uploads\/2020\/08\/Fejs\u00e1k.jpg 664w, https:\/\/www.symbivita.cz\/josefbabacek\/wp-content\/uploads\/2020\/08\/Fejs\u00e1k-300x197.jpg 300w\" sizes=\"(max-width: 664px) 100vw, 664px\" \/><figcaption> <em>Mgr.J.Fejs\u00e1k, senior J.Gruber, V.Schildberger st.a ml., J.Bab\u00e1\u010dek, S.Hole\u010dkov\u00e1, J.Nov\u00e1k<\/em> <\/figcaption><\/figure>\n\n\n\n<p>Nech\u0165 mi \u010dten\u00e1\u0159\nodpust\u00ed, ale je\u0161t\u011b vid\u00edm jednu z\u00e1le\u017eitost, o kterou by se m\u011bli zaj\u00edmat ti,\nkte\u0159\u00ed dostali mand\u00e1t. Obec je polo\u017eena v hezk\u00e9m \u00fadol\u00ed, kter\u00fdm v minulosti\nprot\u00e9kal pot\u016f\u010dek od lesa a\u017e po Harasku. V polovin\u011b cesty do Klobouk je v\nsou\u010dasnosti vybudov\u00e1n modern\u00ed z\u00e1vod, kter\u00fd podzemn\u00ed cestou siln\u00fdmi ocelov\u00fdmi\nrourami p\u0159epravuje benzin, naftu a ropu, nazvan\u00fd ROPOVOD nyn\u00ed \u010cEPRO. Tedy\nz\u00e1vod, jen\u017e p\u0159e\u010derp\u00e1v\u00e1 siln\u00fdmi \u010derpadly komodity d\u00e1l do \u010cech. V podzem\u00ed i na\npovrchu jsou vybudov\u00e1ny obrovsk\u00e9 z\u00e1sobn\u00edky v po\u010dtu 8 kus\u016f na tyto produkty. V\ndne\u0161n\u00ed modern\u00ed dob\u011b satelit\u016f a mobiln\u00edch telefon\u016f a daleko nav\u00e1d\u011bn\u00fdch st\u0159el\nr\u016fzn\u00fdch velikost\u00ed a n\u00e1lo\u017e\u00ed ba i z velik\u00fdch vzd\u00e1lenost\u00ed. T\u00edmto p\u00e1dem je\nnejbli\u017e\u0161\u00ed okol\u00ed v obrovsk\u00e9m nebezpe\u010d\u00ed. Necht\u011bl bych vid\u011bt tu spou\u0161\u0165. P\u0159ilehl\u00e1\nobec i s obyvateli jsou v moment\u011b za obrovsk\u00e9ho v\u00fdbuchu smeteni mo\u017en\u00e1 a\u017e v\nKobyl\u00ed a ti leh\u010d\u00ed na Vrbici. Pravd\u011bpodobn\u011b by s sebou vzali okraj Boleradic a\nBrumovic. M\u011bstu Klobouky by se to mnoho neu\u0161kodilo, proto\u017ee jsou na druh\u00e9\nstran\u011b za kopcem. Jen Blan\u00e1\u0159ova hacienda by vzala za sv\u00e9.<\/p>\n\n\n\n<figure class=\"wp-block-image size-large\"><img loading=\"lazy\" decoding=\"async\" width=\"877\" height=\"576\" src=\"http:\/\/www.symbivita.cz\/josefbabacek\/wp-content\/uploads\/2020\/08\/5166e35a13_97010095_v1.jpg\" alt=\"\" class=\"wp-image-216\" srcset=\"https:\/\/www.symbivita.cz\/josefbabacek\/wp-content\/uploads\/2020\/08\/5166e35a13_97010095_v1.jpg 877w, https:\/\/www.symbivita.cz\/josefbabacek\/wp-content\/uploads\/2020\/08\/5166e35a13_97010095_v1-300x197.jpg 300w, https:\/\/www.symbivita.cz\/josefbabacek\/wp-content\/uploads\/2020\/08\/5166e35a13_97010095_v1-768x504.jpg 768w\" sizes=\"(max-width: 877px) 100vw, 877px\" \/><figcaption>Mork\u016fvky 23.4.2010<\/figcaption><\/figure>\n\n\n\n<p>Proto\u017ee tato\nfirma \u010cEPRO ji\u017e n\u011bkolik des\u00edtek let smrteln\u011b ohro\u017euje V\u0160ECHNY obyvatele t\u00e9to\nobce na \u017eivot\u011b, M\u011aLA by je ze z\u00e1kona ka\u017ed\u00fdm rokem od\u0161kodnit. Tedy m\u011bla by se\npod\u00edlet na rozpo\u010dtu obce a dle m\u00e9ho soudu od milionu K\u010d v\u00fd\u0161e, samoz\u0159ejm\u011b ro\u010dn\u011b.\nTato \u010d\u00e1stka by jist\u011b obci pomohla k jej\u00edmu zveleben\u00ed. Z\u00e1le\u017e\u00ed jen na starostovi\na zastupitel\u00edch, jak by se k dan\u00fdm \u00fakol\u016fm postavili.<\/p>\n\n\n\n<p>Spr\u00e1vn\u00fd postoj\nk \u017eivotu d\u00e1v\u00e1 \u00facta k minulosti a zodpov\u011bdnost v\u016f\u010di budoucnosti.<\/p>\n\n\n\n<p>Ditrich Bonhoeffer<\/p>\n\n\n\n<figure class=\"wp-block-image size-large\"><img loading=\"lazy\" decoding=\"async\" width=\"768\" height=\"576\" src=\"http:\/\/www.symbivita.cz\/josefbabacek\/wp-content\/uploads\/2020\/08\/a2be30e1d2_97010103_v1.jpg\" alt=\"\" class=\"wp-image-212\" srcset=\"https:\/\/www.symbivita.cz\/josefbabacek\/wp-content\/uploads\/2020\/08\/a2be30e1d2_97010103_v1.jpg 768w, https:\/\/www.symbivita.cz\/josefbabacek\/wp-content\/uploads\/2020\/08\/a2be30e1d2_97010103_v1-300x225.jpg 300w\" sizes=\"(max-width: 768px) 100vw, 768px\" \/><figcaption>  <em>\u010cestn\u00e1 str\u00e1\u017e (naho\u0159e), a posledn\u00ed salva zahynul\u00fdm (dole)<\/em> <\/figcaption><\/figure>\n\n\n\n<figure class=\"wp-block-image size-large\"><img loading=\"lazy\" decoding=\"async\" width=\"399\" height=\"576\" src=\"http:\/\/www.symbivita.cz\/josefbabacek\/wp-content\/uploads\/2020\/08\/9359fe7e71_97010099_v1.jpg\" alt=\"\" class=\"wp-image-213\" srcset=\"https:\/\/www.symbivita.cz\/josefbabacek\/wp-content\/uploads\/2020\/08\/9359fe7e71_97010099_v1.jpg 399w, https:\/\/www.symbivita.cz\/josefbabacek\/wp-content\/uploads\/2020\/08\/9359fe7e71_97010099_v1-208x300.jpg 208w\" sizes=\"(max-width: 399px) 100vw, 399px\" \/><\/figure>\n\n\n\n<p> B\u00e1se\u0148, slo\u017eenou k&nbsp;t\u00e9to p\u0159\u00edle\u017eitosti Janem Hor\u00e1kem, p\u0159ednesla pan\u00ed Jitka Hor\u00e1kov\u00e1 z&nbsp;Hustope\u010d\u00ed.<\/p>\n\n\n\n<figure class=\"wp-block-image size-large\"><img loading=\"lazy\" decoding=\"async\" width=\"500\" height=\"375\" src=\"http:\/\/www.symbivita.cz\/josefbabacek\/wp-content\/uploads\/2020\/08\/b5ce6f77f2_97010098_u.jpg\" alt=\"\" class=\"wp-image-217\" srcset=\"https:\/\/www.symbivita.cz\/josefbabacek\/wp-content\/uploads\/2020\/08\/b5ce6f77f2_97010098_u.jpg 500w, https:\/\/www.symbivita.cz\/josefbabacek\/wp-content\/uploads\/2020\/08\/b5ce6f77f2_97010098_u-300x225.jpg 300w\" sizes=\"(max-width: 500px) 100vw, 500px\" \/><\/figure>\n\n\n\n<p><strong><em>T\u011bm padl\u00fdm<\/em><\/strong><\/p>\n\n\n\n<p><em>Nad\n\u0161iro\u0161irou pl\u00e1n\u00ed,<\/em><\/p>\n\n\n\n<p><em>kde\nkosila je smrt,<\/em><\/p>\n\n\n\n<p><em>tam\nsk\u0159ivan vzl\u00e9t.<\/em><\/p>\n\n\n\n<p><em>Rekovn\u00fd\nboj a jejich um\u00edr\u00e1n\u00ed<\/em><\/p>\n\n\n\n<p><em>k\nnov\u00e9mu \u017eivotu probudil sv\u011bt.<\/em><\/p>\n\n\n\n<p><em>P\u0159e\u0161lo\nv\u00edc jak p\u016fl stolet\u00ed,<\/em><\/p>\n\n\n\n<p><em>pam\u00e1tn\u00edk\nvzty\u010dila jim tato zem.<\/em><\/p>\n\n\n\n<p><em>Vzkaz\njejich v\u0161ak st\u00e1le plat\u00ed,<\/em><\/p>\n\n\n\n<p><em>varuje\na pros\u00ed z\u00e1rove\u0148.<\/em><\/p>\n\n\n\n<p><em>Kdo\nvelel jim v t\u00e9 krvela\u010dn\u00e9 \u0159e\u017ei<\/em><\/p>\n\n\n\n<p><em>Zahynout\nzde v zemi dalek\u00e9?<\/em><\/p>\n\n\n\n<p><em>Spo\u010d\u00edtat\nlze jen st\u011b\u017e\u00ed,<\/em><\/p>\n\n\n\n<p><em>kde\nhlavy jejich krv\u00ed byly zalit\u00e9.<\/em><\/p>\n\n\n\n<p><em>Neklidn\u00fd\n\u00fad\u011bl jste shledali,<\/em><\/p>\n\n\n\n<p><em>\u017eiv\u00ed\np\u0159ec st\u00e1le \u017eij\u00ed s v\u00e1mi,<\/em><\/p>\n\n\n\n<p><em>pry\u010d\nje zloba, j\u00ed\u017e jste podlehli,<\/em><\/p>\n\n\n\n<p><em>zapadl\nv\u00e1\u0161 sv\u011bt v temn\u00e9 d\u00e1li.<\/em><\/p>\n\n\n\n<p><em>Daleko\nsp\u00edte od sv\u00fdch rodn\u00fdch m\u00edst,<\/em><\/p>\n\n\n\n<p><em>pro\nmoc a sl\u00e1vu cedili zde krev,<\/em><\/p>\n\n\n\n<p><em>v\nodkazu v\u00e1lek kdo m\u00e1 st\u00e1le \u010d\u00edst?<\/em><\/p>\n\n\n\n<p><em>Z\u016fstala\nz nich jen bolest a marn\u00fd vzdech.<\/em><\/p>\n\n\n\n<p><em>Nad\nl\u00e1nem zkrvaven\u00fdm dozr\u00e1vaj\u00ed klasy,<\/em><\/p>\n\n\n\n<p><em>zem\ndme se slibnou sklizn\u00ed.<\/em><\/p>\n\n\n\n<p><em>V\u0161ak\nv zlostn\u00fdch mrac\u00edch-hroz\u00ed d\u011bsy!<\/em><\/p>\n\n\n\n<p><em>Zas\nvolaj\u00ed v\u00e1s k boji?<\/em><\/p>\n\n\n\n<p><em>Zas\npo krvi zem \u017e\u00edzn\u00ed?<\/em><\/p>\n\n\n\n<p><em>U\u017e\nnikdo neusly\u0161\u00ed va\u0161e hlasy,<\/em><\/p>\n\n\n\n<p><em>dnes\nv\u0161ak pocta v\u00e1m tu zni.<\/em><\/p>\n\n\n\n<p style=\"color:#ef072a\" class=\"has-text-color has-background has-large-font-size has-white-background-color\">Ozv\u011bny po 70 letech<\/p>\n\n\n\n<p>V roce 2016  jsem dostal tento mail:<\/p>\n\n\n\n<p>\n\n\n\n\n\n\n\n\n\n\n\n\n\n\n\n\nOd: Azat Rakishev &lt;<a href=\"mailto:rakishev.az@gmail.com\">rakishev.az@gmail.com<\/a>&gt;<br>\nKomu: <a href=\"mailto:jobabacek@seznam.cz\">jobabacek@seznam.cz<\/a><br>\nDatum: 26. 5. 2016 12:05:29<br>\nP\u0159edm\u011bt: adresovan\u00fd panu Babacek \n\n\n\n<\/p>\n\n\n\n<p class=\"has-text-color has-blue-color\">Dobr\u00fd\nden pane Babacek! <br>\nJmenuji se Azat Rakishev, \u017e\u00edt ve m\u011bst\u011b Almaty v Kazachst\u00e1nu. Bratr <br>\nm\u00e9ho d\u011bde\u010dka, Ahmed Rakishev zem\u0159eli v boj\u00edch za fa\u0161isty v dubnu 1945. <br>\nByl poh\u0159ben v s.Morkuvky. Vzhledem k tomu, \u017ee nem\u011bl \u017e\u00e1dn\u00e9 d\u011bti, nen\u00ed <br>\ntam \u017e\u00e1dn\u00fd p\u0159\u00edm\u00ed potomci. Dlouho jsem hledal sv\u00e9 m\u00edsto poh\u0159bu, proto\u017ee <br>\nv\u011bd\u011bl, rodinn\u00e9 p\u0159\u00edb\u011bhy, kter\u00e9 Zem\u0159el n\u011bkde v \u010cesk\u00e9 republice. A <br>\nkone\u010dn\u011b na rusk\u00fdch str\u00e1nk\u00e1ch jsem byl schopen naj\u00edt n\u011bjak\u00e9 informace. <br>\nPozd\u011bji neoceniteln\u00e1 pomoc p\u0159i hled\u00e1n\u00ed informace, kter\u00e9 jsem m\u011bl, pan\u00ed <br>\nSona Holechkova a Ministerstvo obrany \u010cesk\u00e9 republiky. <br>\nM\u011bl a \u010dty\u0159i \u010derven\u00e9 arm\u00e1dy voj\u00e1ci, kte\u0159\u00ed zem\u0159eli byli poh\u0159beni v obci <br>\nMork\u016fvky, pozd\u011bji reburied na h\u0159bitov\u011b m\u011bsta Hustope\u010de. <br>\nK objasn\u011bn\u00ed to v\u0161echno, mohu s jistotou \u0159\u00edci, \u017ee historie za \u00fa\u010dasti <br>\n\u010dty\u0159 z\u00e1stupc\u016f m\u00e9 rodiny b\u011bhem druh\u00e9 sv\u011btov\u00e9 v\u00e1lky obnovena. V tom je <br>\ntak\u00e9 va\u0161e z\u00e1sluha. Dva z nich byli zabiti, v\u010detn\u011b Ahmed Rakishev. Jeho <br>\nmlad\u0161\u00ed bratr, m\u016fj d\u011bde\u010dek um\u0159el mlad\u00fd, a m\u016fj otec byl \u00fapln\u00fd sirotek <br>\nbrzy, bohu\u017eel ani fotografie Ahmed ode\u0161el. Proto bylo d\u016fle\u017eit\u00e9 naj\u00edt <br>\njeho hrob, dokonce bratrsk\u00e9. <br>\nPan\u00ed So\u0148a Holechkova mi laskav\u011b poskytl s fotografiemi pomn\u00edku, \u0159ekl o <br>\ntob\u011b, a na mou \u017e\u00e1dost, dal sv\u016fj adres.V na\u0161\u00ed zemi ka\u017ed\u00fd p\u00e1t\u00fd b\u011bhem <br>\nv\u00e1lky \u0161el na frontu. Tam je fr\u00e1ze, &#8222;dokud je poh\u0159ben posledn\u00ed voj\u00e1k, <br>\nv\u00e1lka je\u0161t\u011b neskon\u010dila.&#8220; Nyn\u00ed je po v\u00e1lce pro mou rodinu. Dovolte mi, <br>\nabych srde\u010dn\u011b, jm\u00e9nem sv\u00fdm a jm\u00e9nem lidu Kazachst\u00e1nu vyj\u00e1d\u0159it \u00factu a <br>\nd\u011bkuji za to, \u017ee vzty\u010den pam\u00e1tn\u00edk. Pro takov\u00e9 lidi sv\u011bt spo\u010d\u00edv\u00e1, v\u00e1\u0161 <br>\n\u010din je obrovsk\u00fd respekt a uzn\u00e1n\u00ed. P\u0159eji v\u00e1m i va\u0161im rodin\u00e1m dobr\u00e9m <br>\nzdravotn\u00edm stavu, dlouh\u00e1 \u017eivotnost a \u0161t\u011bst\u00ed. <br>\nOmlouv\u00e1me se za zmaten\u00fdch textu a mo\u017en\u00e9 chyby, napsan\u00e9 v rusk\u00e9m a <br>\np\u0159elo\u017eeny do \u010desk\u00e9ho jazyka pomoc\u00ed slu\u017eby Google. <br>\nS p\u0159\u00e1n\u00edm a pozdravy, <br>\nAzat Rakishev. <\/p>\n\n\n\n<p class=\"has-text-color has-background has-large-font-size has-dark-gray-color has-white-background-color\">U v\u00fdchodn\u00edch n\u00e1rod\u016f je to tak, \u017ee pokud se p\u0159\u00edbuzn\u00fd nevr\u00e1til z v\u00e1lky a nev\u00ed o n\u011bm nic bli\u017e\u0161\u00edho,&nbsp;&nbsp;<strong>jsou st\u00e1le ve v\u00e1lce . <\/strong>Rodina z Kazachst\u00e1ni 70 let hledala sv\u00e9ho prastr\u00fdce ,ne\u017e nalezla jeho jm\u00e9no na \u010derno\u017eulov\u00e9m&nbsp; pomn\u00edku v Mork\u016fvk\u00e1ch . <\/p>\n\n\n\n<figure class=\"wp-block-image size-large\"><img loading=\"lazy\" decoding=\"async\" width=\"1024\" height=\"684\" src=\"http:\/\/www.symbivita.cz\/josefbabacek\/wp-content\/uploads\/2020\/08\/Raki\u0161ev-II-1024x684.jpg\" alt=\"\" class=\"wp-image-343\" srcset=\"https:\/\/www.symbivita.cz\/josefbabacek\/wp-content\/uploads\/2020\/08\/Raki\u0161ev-II-1024x684.jpg 1024w, https:\/\/www.symbivita.cz\/josefbabacek\/wp-content\/uploads\/2020\/08\/Raki\u0161ev-II-300x200.jpg 300w, https:\/\/www.symbivita.cz\/josefbabacek\/wp-content\/uploads\/2020\/08\/Raki\u0161ev-II-768x513.jpg 768w, https:\/\/www.symbivita.cz\/josefbabacek\/wp-content\/uploads\/2020\/08\/Raki\u0161ev-II.jpg 1408w\" sizes=\"(max-width: 1024px) 100vw, 1024px\" \/><figcaption>Obr\u00e1zek ukazuje jm\u00e9no hledan\u00e9ho  Ahmeda Rakisheva<\/figcaption><\/figure>\n\n\n\n<p> P\u0159ed dvaceti lety rusk\u00e1 maminka hledala sv\u00e9ho syna v Boleradic\u00edch &#8211; nenalezla ho. Dnes o n\u011bm v\u00edme, \u017ee padl v Martinic\u00edch&nbsp; a \u010deta\u0159 Nikit\u011bnko tam le\u017e\u00ed dodnes.&nbsp;&nbsp;<br><br><\/p>\n","protected":false},"excerpt":{"rendered":"<p>VIII. Hrdina z Mork\u016fvek \u2013 Franti\u0161ek Pe\u0159ina Po\u010d\u00e1tkem roku 1986, tedy rok p\u0159ed m\u00fdm odchodem do d\u016fchodu, k n\u00e1m \u010dasto z&nbsp;Brna jezd\u00edval na n\u00e1v\u0161t\u011bvu m\u016fj spolu\u017e\u00e1k Jo\u017eka \u0160krla. Jakmile p\u0159ijel, kdy\u017e jsem m\u011bl \u010das, chodil jsem za n\u00edm do malink\u00e9ho <a class=\"more-link\" href=\"https:\/\/www.symbivita.cz\/josefbabacek\/2020\/08\/07\/ozveny-pohnutych-dob-pokracovani-treti\/\">Cel\u00fd \u010dl\u00e1nek  <span class=\"screen-reader-text\">  OZV\u011aNY POHNUT\u00ddCH DOB  &#8211;      pokra\u010dov\u00e1n\u00ed t\u0159et\u00ed<\/span><span class=\"meta-nav\">&rarr;<\/span><\/a><\/p>\n","protected":false},"author":1,"featured_media":0,"comment_status":"open","ping_status":"open","sticky":false,"template":"","format":"standard","meta":{"footnotes":""},"categories":[2],"tags":[],"_links":{"self":[{"href":"https:\/\/www.symbivita.cz\/josefbabacek\/wp-json\/wp\/v2\/posts\/183"}],"collection":[{"href":"https:\/\/www.symbivita.cz\/josefbabacek\/wp-json\/wp\/v2\/posts"}],"about":[{"href":"https:\/\/www.symbivita.cz\/josefbabacek\/wp-json\/wp\/v2\/types\/post"}],"author":[{"embeddable":true,"href":"https:\/\/www.symbivita.cz\/josefbabacek\/wp-json\/wp\/v2\/users\/1"}],"replies":[{"embeddable":true,"href":"https:\/\/www.symbivita.cz\/josefbabacek\/wp-json\/wp\/v2\/comments?post=183"}],"version-history":[{"count":10,"href":"https:\/\/www.symbivita.cz\/josefbabacek\/wp-json\/wp\/v2\/posts\/183\/revisions"}],"predecessor-version":[{"id":643,"href":"https:\/\/www.symbivita.cz\/josefbabacek\/wp-json\/wp\/v2\/posts\/183\/revisions\/643"}],"wp:attachment":[{"href":"https:\/\/www.symbivita.cz\/josefbabacek\/wp-json\/wp\/v2\/media?parent=183"}],"wp:term":[{"taxonomy":"category","embeddable":true,"href":"https:\/\/www.symbivita.cz\/josefbabacek\/wp-json\/wp\/v2\/categories?post=183"},{"taxonomy":"post_tag","embeddable":true,"href":"https:\/\/www.symbivita.cz\/josefbabacek\/wp-json\/wp\/v2\/tags?post=183"}],"curies":[{"name":"wp","href":"https:\/\/api.w.org\/{rel}","templated":true}]}}