{"id":10,"date":"2020-08-04T11:10:10","date_gmt":"2020-08-04T09:10:10","guid":{"rendered":"http:\/\/www.symbivita.cz\/josefbabacek\/?p=10"},"modified":"2020-08-14T17:54:37","modified_gmt":"2020-08-14T15:54:37","slug":"osobni-profil","status":"publish","type":"post","link":"https:\/\/www.symbivita.cz\/josefbabacek\/2020\/08\/04\/osobni-profil\/","title":{"rendered":"Osobn\u00ed profil"},"content":{"rendered":"\n<p>Josef Bab\u00e1\u010dek<\/p>\n\n\n\n<figure class=\"wp-block-image size-large\"><img loading=\"lazy\" decoding=\"async\" width=\"356\" height=\"401\" src=\"http:\/\/www.symbivita.cz\/josefbabacek\/wp-content\/uploads\/2020\/08\/Foto-profil.jpg\" alt=\"\" class=\"wp-image-11\" srcset=\"https:\/\/www.symbivita.cz\/josefbabacek\/wp-content\/uploads\/2020\/08\/Foto-profil.jpg 356w, https:\/\/www.symbivita.cz\/josefbabacek\/wp-content\/uploads\/2020\/08\/Foto-profil-266x300.jpg 266w\" sizes=\"(max-width: 356px) 100vw, 356px\" \/><\/figure>\n\n\n\n<p>Narozen v roce 1927 v Mork\u016fvk\u00e1ch. Z obecn\u00e9 \u0161koly do M\u011bs\u0165ansk\u00e9 v Klobouk\u00e1ch, pak u\u010den\u00ed do Brna hostinsk\u00fdm. V 1949 narukoval do T\u0159ebon\u011b. Pak se o\u017eenil, a se n\u00e1m narodily dv\u011b d\u011bti. Po 1945 jsem pracoval jako \u010d\u00ed\u0161n\u00edk v Hustope\u010d\u00edch &#8211; \u0160m\u00edd, Spole\u010densk\u00fd d\u016fm, Provazn\u00edk, od 28 let (a\u017e do sv\u00e9ho d\u016fchodu) pracoval ve funkci vedouc\u00edho pohostinstv\u00ed Jednota v Klobouk\u00e1ch. V 1993 zprivatizoval zem\u011bd\u011blskou z\u0159\u00edceninu \u010caskovec, jej\u00ed\u017e sou\u010d\u00e1st\u00ed jsou i Martinice. Nyn\u00ed v d\u016fchodov\u00e9m v\u011bku.<\/p>\n\n\n\n<p>  E- mailov\u00e1 adresa    jobabacek@seznam.cz   <\/p>\n","protected":false},"excerpt":{"rendered":"<p>Josef Bab\u00e1\u010dek Narozen v roce 1927 v Mork\u016fvk\u00e1ch. Z obecn\u00e9 \u0161koly do M\u011bs\u0165ansk\u00e9 v Klobouk\u00e1ch, pak u\u010den\u00ed do Brna hostinsk\u00fdm. V 1949 narukoval do T\u0159ebon\u011b. Pak se o\u017eenil, a se n\u00e1m narodily dv\u011b d\u011bti. Po 1945 jsem pracoval jako \u010d\u00ed\u0161n\u00edk <a class=\"more-link\" href=\"https:\/\/www.symbivita.cz\/josefbabacek\/2020\/08\/04\/osobni-profil\/\">Cel\u00fd \u010dl\u00e1nek  <span class=\"screen-reader-text\">  Osobn\u00ed profil<\/span><span class=\"meta-nav\">&rarr;<\/span><\/a><\/p>\n","protected":false},"author":1,"featured_media":0,"comment_status":"open","ping_status":"open","sticky":false,"template":"","format":"standard","meta":{"footnotes":""},"categories":[1],"tags":[],"_links":{"self":[{"href":"https:\/\/www.symbivita.cz\/josefbabacek\/wp-json\/wp\/v2\/posts\/10"}],"collection":[{"href":"https:\/\/www.symbivita.cz\/josefbabacek\/wp-json\/wp\/v2\/posts"}],"about":[{"href":"https:\/\/www.symbivita.cz\/josefbabacek\/wp-json\/wp\/v2\/types\/post"}],"author":[{"embeddable":true,"href":"https:\/\/www.symbivita.cz\/josefbabacek\/wp-json\/wp\/v2\/users\/1"}],"replies":[{"embeddable":true,"href":"https:\/\/www.symbivita.cz\/josefbabacek\/wp-json\/wp\/v2\/comments?post=10"}],"version-history":[{"count":1,"href":"https:\/\/www.symbivita.cz\/josefbabacek\/wp-json\/wp\/v2\/posts\/10\/revisions"}],"predecessor-version":[{"id":12,"href":"https:\/\/www.symbivita.cz\/josefbabacek\/wp-json\/wp\/v2\/posts\/10\/revisions\/12"}],"wp:attachment":[{"href":"https:\/\/www.symbivita.cz\/josefbabacek\/wp-json\/wp\/v2\/media?parent=10"}],"wp:term":[{"taxonomy":"category","embeddable":true,"href":"https:\/\/www.symbivita.cz\/josefbabacek\/wp-json\/wp\/v2\/categories?post=10"},{"taxonomy":"post_tag","embeddable":true,"href":"https:\/\/www.symbivita.cz\/josefbabacek\/wp-json\/wp\/v2\/tags?post=10"}],"curies":[{"name":"wp","href":"https:\/\/api.w.org\/{rel}","templated":true}]}}